{"id":3056,"date":"2013-05-22T15:04:43","date_gmt":"2013-05-22T12:04:43","guid":{"rendered":"http:\/\/www.ced.org.tr\/?p=3056"},"modified":"2013-05-22T15:04:43","modified_gmt":"2013-05-22T12:04:43","slug":"beyoglu-hastanesiz-kalmasin","status":"publish","type":"post","link":"http:\/\/www.ced.org.tr\/?p=3056","title":{"rendered":"&#8220;Beyo\u011flu Hastanesiz Kalmas\u0131n&#8221;"},"content":{"rendered":"<p><span style=\"font-size: 10px;\">Taksim E\u011fitim ve Ara\u015ft\u0131rma Hastanesi&#8217;nin y\u0131k\u0131larak Gaziosmanpa\u015fa&#8217;ya ta\u015f\u0131nmas\u0131 karar\u0131n\u0131 protesto eden hastane personeli ve semt halk\u0131 binan\u0131n iki y\u0131lda tamamlanmas\u0131n\u0131 ve kamu hastanesi olarak hizmete a\u00e7\u0131lmas\u0131n\u0131 istedi.<\/span><\/p>\n<p><span style=\"font-size: 10px;\">Beyo\u011flu Kamu Hastaneler Birli\u011fi\u2019nin Taksim E\u011fitim ve Ara\u015ft\u0131rma Hastanesi\u2019ni Gaziosmanpa\u015fa\u2019ya ta\u015f\u0131ma karar\u0131n\u0131 Cihangir Semt \u0130nsiyatifi, Sa\u011fl\u0131k ve Sosyal Hizmet Emek\u00e7ileri Sendikas\u0131 <strong>(SES)<\/strong> ve \u0130stanbul Tabip Odas\u0131 protesto etti. <\/span><\/p>\n<p><span style=\"font-size: 10px;\">Elif AKG\u00dcL B\u0130A Haber Merkezi<\/span><\/p>\n<p>21 May\u0131s 2013, Sal\u0131<\/p>\n<p>\u00a0<\/p>\n<p>Hastanenin \u00f6n\u00fcnden Cihangir ve \u00c7ukurcuma\u2019ya y\u00fcr\u00fcy\u00fc\u015f yapan protestocular yine hastane \u00f6n\u00fcne gelerek bas\u0131n a\u00e7\u0131klamas\u0131 yapt\u0131. \u201cCihangir hastanene sahip \u00e7\u0131k\u201d, \u201cBeyo\u011flu Hastanesiz B\u0131rak\u0131lmaz\u201d, \u201cSa\u011fl\u0131k hakt\u0131r, sat\u0131lamaz\u201d sloganlar\u0131 atan protestoculara Cihangir esnaf\u0131 ve ya\u015fanlar\u0131 alk\u0131\u015flarla destek verdi.<\/p>\n<p><span style=\"font-size: 10px;\"><strong>Deliceo\u011flu: \u0130ki y\u0131l i\u00e7inde yeniden kurulmal\u0131<\/strong><\/span><\/p>\n<p><span style=\"font-size: 10px;\">Cihangir Semt \u0130nisiyatifi\u2019nden <strong>Necile Deliceo\u011flu<\/strong> depreme dayan\u0131ks\u0131z oldu\u011fu s\u00f6ylenen binalar\u0131n seri bir \u015fekilde y\u0131k\u0131larak yeni teknolojiyle derhal yap\u0131l\u0131p hizmete a\u00e7\u0131lmas\u0131n\u0131 istediklerini s\u00f6yledi. <\/span><\/p>\n<p><span style=\"font-size: 10px;\">\u201c\u00d6nceleri en fazla iki y\u0131l sonra geri d\u00f6nece\u011fiz denilerek uyutulmaya \u00e7al\u0131\u015f\u0131lan sa\u011fl\u0131k emek\u00e7ilerine son g\u00fcnlerde \u2018buras\u0131 ufak bir poliklinik \u00fcnitesi olacak, ana binalar bir s\u00fcre b\u00f6ylece kalacak, depo olarak kullan\u0131lacak\u2019 gibi ak\u0131l almaz bilgiler verilmekte. <\/span><\/p>\n<p><span style=\"font-size: 10px;\">\u201cB\u00f6lge insan\u0131n\u0131n sa\u011fl\u0131k sorunlar\u0131yla ba\u015f ba\u015fa ve \u00e7aresiz b\u0131rakacak, uzmanla\u015fmak isteyen yeni mezunlar\u0131n \u00f6n\u00fcn\u00fc kesecek, y\u0131llard\u0131r gece g\u00fcnd\u00fcz demeden fedakarca \u00e7al\u0131\u015fan sa\u011fl\u0131k emek\u00e7ilerini ma\u011fdur edecek bu uygulamadan vazge\u00e7ilmesini ve depreme dayan\u0131ks\u0131z oldu\u011fu s\u00f6ylenen binalar\u0131n en seri \u015fekilde y\u0131k\u0131larak yeni teknoloji kullan\u0131m\u0131yla en k\u0131sa s\u00fcrede yerine yeni hastane binalar\u0131n\u0131n yap\u0131lmas\u0131n\u0131, a\u00e7\u0131lacak yeni hastanenin de \u2018E\u011fitim ve Ara\u015ft\u0131rma Hastanesi\u2019 hizmet vermesini istiyoruz.\u201d <\/span><\/p>\n<p><span style=\"font-size: 10px;\"><strong>Meri\u00e7: Acil hastalar i\u00e7in Taksim \u0130lkyard\u0131m hayati<\/strong><\/span><\/p>\n<p><span style=\"font-size: 10px;\">Protestocular ad\u0131na bas\u0131n a\u00e7\u0131klamas\u0131 yapan <strong>Nuran Meri\u00e7<\/strong> hastanenin acil servisinin g\u00fcnde 500 hastaya, polikliniklerin ise 2000 civar\u0131nda hastaya hizmet verdi\u011fini, acile ba\u015fvuranlar\u0131n y\u00fczde onununsa hemen m\u00fcdahale edilmesi gereken hastalar oldu\u011funa dikkat \u00e7ekti. <\/span><\/p>\n<p><span style=\"font-size: 10px;\">\u201cHastanemize s\u0131k\u00e7a rastlad\u0131\u011f\u0131m\u0131z baz\u0131 vakalar ilk 15-20 dakikada m\u00fcdahale edilmesi gereken kanamal\u0131 ve kalp krizi gibi acil vakalard\u0131r. Bu nedenden dolay\u0131 bazen hasta yak\u0131nlar\u0131 ambulans\u0131 dahi beklemeyip kendi ara\u00e7lar\u0131 ile yola \u00e7\u0131kmak zorunda kalmaktad\u0131rlar. <\/span><\/p>\n<p><span style=\"font-size: 10px;\">\u201c\u0130ngiliz Konsoloslu\u011fu, Neva\u015falom Sinagogu ve Levent HSBC binas\u0131 patlamalar\u0131nda hastanemiz acil birimi, travma tecr\u00fcbesi ve olay yerine yak\u0131nl\u0131\u011f\u0131 sebebiyle bir\u00e7ok insan\u0131m\u0131z\u0131n hayat\u0131n\u0131 kurtarm\u0131\u015f, kal\u0131c\u0131 olabilecek sakatl\u0131klar\u0131 \u2018erken m\u00fcdahale \u015fans\u0131\u2019 olmas\u0131 sebebiyle ge\u00e7ici hale getirebilmi\u015ftir. <\/span><\/p>\n<p><span style=\"font-size: 10px;\">\u201cTaksim Meydan\u0131 ba\u015fta 1 May\u0131s kutlamalar\u0131 olmak \u00fczere protesto ve g\u00f6sterilerin \u00e7ok fazla ya\u015fand\u0131\u011f\u0131, tarihsel ve k\u00fclt\u00fcrel \u00f6neme sahip bir meydand\u0131r ve bu alanda ger\u00e7ekle\u015fen olaylar\u0131n t\u0131bbi yans\u0131malar\u0131n\u0131 hastanemiz kar\u015f\u0131lamaktad\u0131r.\u201d <\/span><\/p>\n<p><strong style=\"font-size: 10px;\">&#8220;Yeni hastane kamu hastanesi olmal\u0131&#8221;<\/strong><\/p>\n<p><span style=\"font-size: 10px;\">Meri\u00e7 bir kamu hastanesinin Beyo\u011flu\u2019ndan uzakla\u015ft\u0131r\u0131lmas\u0131n\u0131n halk\u0131 \u00f6zel hastanelere mecbur edip \u00e7aresiz b\u0131rakaca\u011f\u0131n\u0131 belirterek depreme dayan\u0131ks\u0131zl\u0131\u011f\u0131 sebebiyle y\u0131k\u0131lacak olan hastanenin en fazla iki y\u0131l i\u00e7inde sa\u011fl\u0131kl\u0131 bir \u015fekilde yap\u0131lmas\u0131n\u0131, hastane personelinin de G\u00fcm\u00fc\u015fsuyu Asker Hastanesi\u2019nde imzalanacak bir protokolle ya da Gaziosmanpa\u015fa Hastanesi\u2019nde ge\u00e7ici s\u00fcreyle istihdam edilmesi gerekti\u011fini s\u00f6yledi. (EA<\/span><\/p>\n<p>\u00a0<\/p>\n","protected":false},"excerpt":{"rendered":"<p>Taksim E\u011fitim ve Ara\u015ft\u0131rma Hastanesi&#8217;nin y\u0131k\u0131larak Gaziosmanpa\u015fa&#8217;ya ta\u015f\u0131nmas\u0131 karar\u0131n\u0131 protesto eden hastane personeli ve semt halk\u0131 binan\u0131n iki y\u0131lda tamamlanmas\u0131n\u0131&#46;&#46;&#46;<\/p>\n","protected":false},"author":1,"featured_media":0,"comment_status":"closed","ping_status":"closed","sticky":false,"template":"","format":"standard","meta":{"_jetpack_memberships_contains_paid_content":false,"footnotes":""},"categories":[62],"tags":[],"class_list":["post-3056","post","type-post","status-publish","format-standard","hentry","category-sagliktan-haberler"],"aioseo_notices":[],"jetpack_featured_media_url":"","jetpack_sharing_enabled":true,"jetpack-related-posts":[],"_links":{"self":[{"href":"http:\/\/www.ced.org.tr\/index.php?rest_route=\/wp\/v2\/posts\/3056","targetHints":{"allow":["GET"]}}],"collection":[{"href":"http:\/\/www.ced.org.tr\/index.php?rest_route=\/wp\/v2\/posts"}],"about":[{"href":"http:\/\/www.ced.org.tr\/index.php?rest_route=\/wp\/v2\/types\/post"}],"author":[{"embeddable":true,"href":"http:\/\/www.ced.org.tr\/index.php?rest_route=\/wp\/v2\/users\/1"}],"replies":[{"embeddable":true,"href":"http:\/\/www.ced.org.tr\/index.php?rest_route=%2Fwp%2Fv2%2Fcomments&post=3056"}],"version-history":[{"count":0,"href":"http:\/\/www.ced.org.tr\/index.php?rest_route=\/wp\/v2\/posts\/3056\/revisions"}],"wp:attachment":[{"href":"http:\/\/www.ced.org.tr\/index.php?rest_route=%2Fwp%2Fv2%2Fmedia&parent=3056"}],"wp:term":[{"taxonomy":"category","embeddable":true,"href":"http:\/\/www.ced.org.tr\/index.php?rest_route=%2Fwp%2Fv2%2Fcategories&post=3056"},{"taxonomy":"post_tag","embeddable":true,"href":"http:\/\/www.ced.org.tr\/index.php?rest_route=%2Fwp%2Fv2%2Ftags&post=3056"}],"curies":[{"name":"wp","href":"https:\/\/api.w.org\/{rel}","templated":true}]}}