{"id":3071,"date":"2013-08-02T11:20:26","date_gmt":"2013-08-02T08:20:26","guid":{"rendered":"http:\/\/www.ced.org.tr\/?p=3071"},"modified":"2013-08-02T11:20:26","modified_gmt":"2013-08-02T08:20:26","slug":"yurt-icinden-saglanmasi-mumkun-olmayan-ilaclar-yurt-disindan-sadece-turk-eczacilari-birligi-teb-tarafindan-degil-diger-yetkili-kuruluslar-tarafindan-da-temin-edilecek","status":"publish","type":"post","link":"http:\/\/www.ced.org.tr\/?p=3071","title":{"rendered":"Yurt i\u00e7inden sa\u011flanmas\u0131 m\u00fcmk\u00fcn olmayan ila\u00e7lar yurt d\u0131\u015f\u0131ndan sadece T\u00fcrk Eczac\u0131lar\u0131 Birli\u011fi (TEB) taraf\u0131ndan de\u011fil di\u011fer yetkili kurulu\u015flar taraf\u0131ndan da temin edilecek"},"content":{"rendered":"<div>1 A\u011fustos 2013 tarihli Resmi Gazetede yay\u0131nlanan SOSYAL G\u00dcVENL\u0130K KURUMU SA\u011eLIK UYGULAMA TEBL\u0130\u011e\u0130NDE DE\u011e\u0130\u015e\u0130KL\u0130K YAPILMASINA DA\u0130R TEBL\u0130\u011e&#8217;in 10. maddesinde yap\u0131lan de\u011fi\u015fiklik;<\/div>\n<div>&#8220;Kurum sa\u011fl\u0131k yard\u0131mlar\u0131ndan yararland\u0131r\u0131lan ki\u015filer i\u00e7in gerekli g\u00f6r\u00fclen ve yurt i\u00e7inden sa\u011flanmas\u0131 m\u00fcmk\u00fcn olmayan ila\u00e7lar\u0131n, yurt i\u00e7inde bulunmad\u0131\u011f\u0131 ve kullan\u0131lmas\u0131n\u0131n zorunlu oldu\u011fu Sa\u011fl\u0131k Bakanl\u0131\u011f\u0131 taraf\u0131ndan onaylanarak ila\u00e7 teminine izin verildi\u011fi takdirde yurt d\u0131\u015f\u0131ndan temini m\u00fcmk\u00fcnd\u00fcr. Bu ama\u00e7la, T\u00fcrk Eczac\u0131lar\u0131 Birli\u011fi (TEB) ile Kurum aras\u0131nda protokol y\u00fcr\u00fcrl\u00fcktedir. Mevzuat de\u011fi\u015fikli\u011fi yap\u0131larak Sa\u011fl\u0131k Bakanl\u0131\u011f\u0131nca yetkilendirilmi\u015f di\u011fer taraflarla da protokol yap\u0131labilir.\u201d <\/p>\n<\/div>\n<div><a href=\"http:\/\/www.resmigazete.gov.tr\/eskiler\/2013\/08\/20130801-16.htm\" target=\"_self\">Sosyal G\u00fcvenlik Kurumu Sa\u011fl\u0131k Uygulama Tebli\u011finde De\u011fi\u015fiklik Yap\u0131lmas\u0131na Dair Tebli\u011f \u00a01 A\u011fustos 2013 tarih ve 28725 say\u0131l\u0131 resmi gazete<\/a><\/div>\n","protected":false},"excerpt":{"rendered":"<p>1 A\u011fustos 2013 tarihli Resmi Gazetede yay\u0131nlanan SOSYAL G\u00dcVENL\u0130K KURUMU SA\u011eLIK UYGULAMA TEBL\u0130\u011e\u0130NDE DE\u011e\u0130\u015e\u0130KL\u0130K YAPILMASINA DA\u0130R TEBL\u0130\u011e&#8217;in 10. maddesinde yap\u0131lan&#46;&#46;&#46;<\/p>\n","protected":false},"author":1,"featured_media":0,"comment_status":"closed","ping_status":"closed","sticky":false,"template":"","format":"standard","meta":{"_jetpack_memberships_contains_paid_content":false,"footnotes":""},"categories":[62],"tags":[],"class_list":["post-3071","post","type-post","status-publish","format-standard","hentry","category-sagliktan-haberler"],"aioseo_notices":[],"jetpack_featured_media_url":"","jetpack_sharing_enabled":true,"jetpack-related-posts":[],"_links":{"self":[{"href":"http:\/\/www.ced.org.tr\/index.php?rest_route=\/wp\/v2\/posts\/3071","targetHints":{"allow":["GET"]}}],"collection":[{"href":"http:\/\/www.ced.org.tr\/index.php?rest_route=\/wp\/v2\/posts"}],"about":[{"href":"http:\/\/www.ced.org.tr\/index.php?rest_route=\/wp\/v2\/types\/post"}],"author":[{"embeddable":true,"href":"http:\/\/www.ced.org.tr\/index.php?rest_route=\/wp\/v2\/users\/1"}],"replies":[{"embeddable":true,"href":"http:\/\/www.ced.org.tr\/index.php?rest_route=%2Fwp%2Fv2%2Fcomments&post=3071"}],"version-history":[{"count":0,"href":"http:\/\/www.ced.org.tr\/index.php?rest_route=\/wp\/v2\/posts\/3071\/revisions"}],"wp:attachment":[{"href":"http:\/\/www.ced.org.tr\/index.php?rest_route=%2Fwp%2Fv2%2Fmedia&parent=3071"}],"wp:term":[{"taxonomy":"category","embeddable":true,"href":"http:\/\/www.ced.org.tr\/index.php?rest_route=%2Fwp%2Fv2%2Fcategories&post=3071"},{"taxonomy":"post_tag","embeddable":true,"href":"http:\/\/www.ced.org.tr\/index.php?rest_route=%2Fwp%2Fv2%2Ftags&post=3071"}],"curies":[{"name":"wp","href":"https:\/\/api.w.org\/{rel}","templated":true}]}}