{"id":3075,"date":"2013-10-04T12:15:56","date_gmt":"2013-10-04T09:15:56","guid":{"rendered":"http:\/\/www.ced.org.tr\/?p=3075"},"modified":"2013-10-04T12:15:56","modified_gmt":"2013-10-04T09:15:56","slug":"sagliksiz-siyaset","status":"publish","type":"post","link":"http:\/\/www.ced.org.tr\/?p=3075","title":{"rendered":"Sa\u011fl\u0131ks\u0131z siyaset"},"content":{"rendered":"<div style=\"color: #222222; font-family: arial, sans-serif; font-size: 12.800000190734863px;\"><span style=\"font-size: 12px;\">B\u00fct\u00e7esini t\u00fcketen ABD h\u00fck\u00fcmeti Sal\u0131\u2019dan beri kapal\u0131. Cumhuriyet\u00e7iler ge\u00e7ici b\u00fct\u00e7e i\u00e7in sa\u011fl\u0131k reformunun ertelenmesini \u015fart ko\u015fuyor. Hedef, Obama\u2019n\u0131n oy taban\u0131<\/span><\/div>\n<div style=\"color: #222222; font-family: arial, sans-serif; font-size: 12.800000190734863px;\"><span style=\"font-size: 12px;\">Cumhuriyet\u00e7iler Obama y\u00f6netiminin sa\u011fl\u0131k reformunu uygulamaya koymamas\u0131 i\u00e7in her b\u00fct\u00e7e ya da bor\u00e7lanma tavan\u0131 art\u0131r\u0131m\u0131 g\u00f6r\u00fc\u015fmesinde kriz \u00e7\u0131kar\u0131yorlar.<\/p>\n<p><\/span><\/div>\n<div style=\"color: #222222; font-family: arial, sans-serif; font-size: 12.800000190734863px;\"><span style=\"font-size: 12px;\"><a href=\"http:\/\/birgun.net\/haber\/sagliksiz-siyaset-4837.html\" target=\"_blank\" style=\"color: #1155cc;\">http:\/\/birgun.net\/haber\/sagliksiz-siyaset-4837.html<\/a><\/span><\/div>\n<div style=\"color: #222222; font-family: arial, sans-serif; font-size: 12.800000190734863px;\"><span style=\"font-size: 12px;\"><strong><\/strong><\/span><\/div>\n<div style=\"color: #222222; font-family: arial, sans-serif; font-size: 12.800000190734863px;\"><span style=\"font-size: 12px;\"><strong>Birg\u00fcn.AKIN NAZLI<\/strong><\/p>\n<p>ABD h\u00fck\u00fcmetinin Sal\u0131 g\u00fcn\u00fc t\u00fcm b\u00fct\u00e7esini t\u00fcketerek kapanmak zorunda kald\u0131\u011f\u0131 haberine piyasalar ilk etapta fazla reaksiyon g\u00f6stermedi. Piyasa alg\u0131s\u0131 17 y\u0131ld\u0131r ilk kez ya\u015fanan durumun Obama\u2019n\u0131n ilk d\u00f6neminden itibaren kongrede ya\u015fanan k\u0131s\u0131r b\u00fct\u00e7e \u00e7eki\u015fmelerine benzer bir \u015fekilde \u00e7\u00f6z\u00fclece\u011fi y\u00f6n\u00fcndeydi. D\u00fcn gelen haberler durumun ilk g\u00fcn g\u00f6r\u00fcnenden daha ciddi oldu\u011funu ortaya koydu. Cumhuriyet\u00e7ilerin Kongre\u2019deki \u0131l\u0131ml\u0131 ve muhafazak\u00e2r kanatlar\u0131 \u2018Obamacare\u2019 olarak adland\u0131r\u0131lan sa\u011fl\u0131k reformunun y\u00fcr\u00fcrl\u00fc\u011fe girmesini engellemek konusunda hemfikir. ABD Ba\u015fkan\u0131 Barack Obama sa\u011fl\u0131k reformunun ertelenmesini kesin \u015fart olarak \u00f6ne s\u00fcrd\u00fckleri i\u00e7in Cumhuriyet\u00e7ileri ideolojik sava\u015f y\u00fcr\u00fctmekle su\u00e7lasa da Cumhuriyet\u00e7ilerin geri ad\u0131m atmaya niyetleri yok gibi g\u00f6r\u00fcn\u00fcyor. Obama y\u00f6netiminin b\u00fct\u00e7e kozuna kar\u015f\u0131 ne kadar direnebilece\u011fi merakla bekleniyor. B\u00fct\u00e7e s\u0131k\u0131nt\u0131s\u0131 nedeniyle zor g\u00fcnler ge\u00e7iren Obama\u2019n\u0131n en b\u00fcy\u00fck kozu ekonomide g\u00f6r\u00fclecek etkilerin Cumhuriyet\u00e7ilere fatura edilecek olmas\u0131. Obama ordu mensuplar\u0131na yapt\u0131\u011f\u0131 konu\u015fmas\u0131nda ABD ordusunun daha fazlas\u0131n\u0131 hak etti\u011fini s\u00f6yledi ve Kongre\u2019de ya\u015fanan sorunun \u00e7\u00f6z\u00fclmesiyle birlikte h\u00fck\u00fcmetin \u00e7al\u0131\u015fmalar\u0131na kald\u0131\u011f\u0131 yerden devam edece\u011fine s\u00f6z verdi.<\/p>\n<p><strong>\u2018FED ADIM ATAMAZ\u2019<\/strong><br \/>Fed\u2019in tahvil al\u0131m program\u0131n\u0131 azaltma plan\u0131n\u0131 ertelemek zorunda kalaca\u011f\u0131 y\u00f6n\u00fcndeki beklentiler piyasa tepkisinin s\u0131n\u0131rl\u0131 kalmas\u0131n\u0131n bir ba\u015fka nedeni olarak g\u00f6steriliyor. Piyasalardaki fiyatlamalar hem krizin fazla uzamadan \u00e7\u00f6z\u00fclece\u011fi hem de i\u015fin uzamas\u0131 halinde Fed\u2019in parasal geni\u015flemeyi s\u00fcrd\u00fcrmeye mecbur kalaca\u011f\u0131 y\u00f6n\u00fcndeki beklentilerin a\u011f\u0131rl\u0131kta oldu\u011funa i\u015faret ediyor.<\/p>\n<p><strong>YILLARDIR ENGELLEN\u0130YOR<\/strong><br \/>Obama\u2019n\u0131n ilk ba\u015fkanl\u0131k d\u00f6neminden beri en b\u00fcy\u00fck vaadi olan sa\u011fl\u0131k reformu t\u00fcm Amerikan vatanda\u015flar\u0131n\u0131n sa\u011fl\u0131k sigortas\u0131 kapsam\u0131na al\u0131nmas\u0131n\u0131 \u00f6ng\u00f6r\u00fcyor. Obama 2009 Ocak ay\u0131nda ba\u015fkanl\u0131k koltu\u011funa oturdu ve 2010\u2019da sa\u011fl\u0131k reformunu onaylad\u0131. Ancak reform y\u0131llard\u0131r kongrede Cumhuriyet\u00e7i vekillerin oylar\u0131yla reddediliyor. Cumhuriyet\u00e7iler Obama y\u00f6netiminin sa\u011fl\u0131k reformunu uygulamaya koymamas\u0131 i\u00e7in her b\u00fct\u00e7e ya da bor\u00e7lanma tavan\u0131 art\u0131r\u0131m\u0131 g\u00f6r\u00fc\u015fmesinde kriz \u00e7\u0131kar\u0131yorlar.<br \/><strong>HAFTALIK 10 M\u0130LYAR DOLAR<\/strong><br \/>D\u00fcn Beyaz Saray\u2019dan yap\u0131lan a\u00e7\u0131klamaya g\u00f6re h\u00fck\u00fcmetin bir hafta kapal\u0131 kalmas\u0131n\u0131n ABD ekonomisine maliyeti 10 milyar dolar. ABD h\u00fck\u00fcmeti ilk etapta 800,000 kamu \u00e7al\u0131\u015fan\u0131n\u0131 zorunlu \u00fccretsiz izne ay\u0131rd\u0131 ve hayati \u00f6nem ta\u015f\u0131mayan hizmetlerin tamam\u0131n\u0131 ask\u0131ya ald\u0131. ABD\u2019de milli parklar ve \u00d6zg\u00fcrl\u00fck Heykeli de dahil olmak \u00fczere h\u00fck\u00fcmet kontrol\u00fcndeki k\u00fclt\u00fcr ve turizm yap\u0131lar\u0131 Sal\u0131 g\u00fcn\u00fcnden beri kapal\u0131. Beyaz Saray taraf\u0131ndan bir sonraki a\u015famada ya\u015fl\u0131lara sa\u011fl\u0131kl\u0131 g\u0131da deste\u011fi sa\u011flayan programlar\u0131n ask\u0131ya al\u0131naca\u011f\u0131, gazilerin emeklilik maa\u015flar\u0131n\u0131n \u00f6denemeyece\u011fi, e\u011fitim ve anne-\u00e7ocuk yard\u0131mlar\u0131n\u0131n durdurulaca\u011f\u0131 ve y\u00fczbinlerce \u00e7al\u0131\u015fan\u0131n i\u015fsiz kalaca\u011f\u0131 a\u00e7\u0131kland\u0131.<br \/>Askeri harcamalar ve emekli maa\u015flar\u0131n\u0131n \u00f6denmesi gibi elzem harcamalarda hen\u00fcz sorun bulunmuyor.<\/p>\n<p><strong>***<br \/>B\u00fcy\u00fcme tahminleri d\u00fc\u015fmeye ba\u015fl\u0131yor<\/strong><\/p>\n<p>Krizin uzayaca\u011f\u0131 y\u00f6n\u00fcndeki beklentilerin g\u00fc\u00e7lenmeye ba\u015flamas\u0131yla ABD\u2019nin b\u00fcy\u00fcme tahminleriyle ilgili spek\u00fclasyonlar da artmaya ba\u015flad\u0131. Kapanma durumunun birka\u00e7 g\u00fcn\u00fc a\u015fmas\u0131 halinde zaten k\u0131r\u0131lgan bir toparlanma d\u00f6nemi ya\u015fayan ABD ekonomisinin yeniden resesyon riski ile kar\u015f\u0131la\u015faca\u011f\u0131 yorumlar\u0131 ayyuka \u00e7\u0131km\u0131\u015f durumda. Obama da Cumhuriyet\u00e7ileri s\u0131k\u0131\u015ft\u0131rmak i\u00e7in bor\u00e7 tavan\u0131 en k\u0131sa zamanda y\u00fckseltilmezse sadece h\u00fck\u00fcmetin de\u011fil, t\u00fcm ekonominin kepenk kapatabilece\u011fi uyar\u0131s\u0131nda bulundu. H\u00fck\u00fcmetin 1 hafta kapal\u0131 kalmas\u0131n\u0131n b\u00fcy\u00fcmeyi 0,1 ila 0,4 puan aras\u0131nda etkileyebilece\u011fi, 21 g\u00fcnl\u00fck bir kapan\u0131\u015f\u0131n 0,9 puanl\u0131k etkide bulunmas\u0131 bekleniyor. ABD ekonomisinin son tahminlere g\u00f6re 2013\u2019te y\u00fczde 2,3 b\u00fcy\u00fcmesi bekleniyor<\/span><\/div>\n","protected":false},"excerpt":{"rendered":"<p>B\u00fct\u00e7esini t\u00fcketen ABD h\u00fck\u00fcmeti Sal\u0131\u2019dan beri kapal\u0131. Cumhuriyet\u00e7iler ge\u00e7ici b\u00fct\u00e7e i\u00e7in sa\u011fl\u0131k reformunun ertelenmesini \u015fart ko\u015fuyor. Hedef, Obama\u2019n\u0131n oy taban\u0131&#46;&#46;&#46;<\/p>\n","protected":false},"author":1,"featured_media":0,"comment_status":"closed","ping_status":"closed","sticky":false,"template":"","format":"standard","meta":{"_jetpack_memberships_contains_paid_content":false,"footnotes":""},"categories":[62],"tags":[],"class_list":["post-3075","post","type-post","status-publish","format-standard","hentry","category-sagliktan-haberler"],"aioseo_notices":[],"jetpack_featured_media_url":"","jetpack_sharing_enabled":true,"jetpack-related-posts":[],"_links":{"self":[{"href":"http:\/\/www.ced.org.tr\/index.php?rest_route=\/wp\/v2\/posts\/3075","targetHints":{"allow":["GET"]}}],"collection":[{"href":"http:\/\/www.ced.org.tr\/index.php?rest_route=\/wp\/v2\/posts"}],"about":[{"href":"http:\/\/www.ced.org.tr\/index.php?rest_route=\/wp\/v2\/types\/post"}],"author":[{"embeddable":true,"href":"http:\/\/www.ced.org.tr\/index.php?rest_route=\/wp\/v2\/users\/1"}],"replies":[{"embeddable":true,"href":"http:\/\/www.ced.org.tr\/index.php?rest_route=%2Fwp%2Fv2%2Fcomments&post=3075"}],"version-history":[{"count":0,"href":"http:\/\/www.ced.org.tr\/index.php?rest_route=\/wp\/v2\/posts\/3075\/revisions"}],"wp:attachment":[{"href":"http:\/\/www.ced.org.tr\/index.php?rest_route=%2Fwp%2Fv2%2Fmedia&parent=3075"}],"wp:term":[{"taxonomy":"category","embeddable":true,"href":"http:\/\/www.ced.org.tr\/index.php?rest_route=%2Fwp%2Fv2%2Fcategories&post=3075"},{"taxonomy":"post_tag","embeddable":true,"href":"http:\/\/www.ced.org.tr\/index.php?rest_route=%2Fwp%2Fv2%2Ftags&post=3075"}],"curies":[{"name":"wp","href":"https:\/\/api.w.org\/{rel}","templated":true}]}}