{"id":3076,"date":"2013-10-10T12:16:09","date_gmt":"2013-10-10T09:16:09","guid":{"rendered":"http:\/\/www.ced.org.tr\/?p=3076"},"modified":"2013-10-10T12:16:09","modified_gmt":"2013-10-10T09:16:09","slug":"suudi-arabistanda-corona-virusunden-olenlerin-sayisi-51e-yukseldi","status":"publish","type":"post","link":"http:\/\/www.ced.org.tr\/?p=3076","title":{"rendered":"Suudi Arabistan&#8217;da corona vir\u00fcs\u00fcnden \u00f6lenlerin say\u0131s\u0131 51&#8217;e y\u00fckseldi"},"content":{"rendered":"<div style=\"color: #222222; font-family: arial, sans-serif; font-size: 12.800000190734863px;\">\n<h1><span style=\"font-size: 12.800000190734863px; font-weight: normal;\">Suudi Arabistan&#8217;da, SARS hastal\u0131\u011f\u0131n\u0131n t\u00fcrevi oldu\u011fu saptanan corona vir\u00fcs\u00fc MERS-CoV nedeniyle \u00f6lenlerin say\u0131s\u0131 51&#8217;e y\u00fckseldi. \u00dclkede Hac ibadeti nedeniyle milyonlarca ziyaret\u00e7inin bulunmas\u0131 endi\u015feleri art\u0131r\u0131yor.<\/span><\/h1>\n<h1><span style=\"font-size: 12.800000190734863px; font-weight: normal;\">Radikal, 10.10.2013<\/p>\n<p><\/span><\/h1>\n<p><a href=\"http:\/\/www.radikal.com.tr\/dunya\/suudi_arabistanda_corona_virusunden_olenlerin_sayisi_51e_yukseldi-1155018\" target=\"_blank\" style=\"color: #1155cc;\">http:\/\/www.radikal.com.tr\/dunya\/suudi_arabistanda_corona_virusunden_olenlerin_sayisi_51e_yukseldi-1155018<\/a><\/p>\n<\/div>\n<div style=\"color: #222222; font-family: arial, sans-serif; font-size: 12.800000190734863px;\"><strong>R\u0130YAD \u2013 <\/strong>Suudi Arabistan&#8217;da, A\u011f\u0131r Akut Solunum Yolu Yetersizli\u011fi Sendromu (SARS) hastal\u0131\u011f\u0131n\u0131n t\u00fcrevi oldu\u011fu saptanan corona vir\u00fcs\u00fc MERS-CoV nedeniyle \u00f6lenlerin say\u0131s\u0131 51&#8217;e y\u00fckseldi.<\/p>\n<p>Suudi Arabistan Sa\u011fl\u0131k Bakanl\u0131\u011f\u0131ndan yap\u0131lan a\u00e7\u0131klamada, kronik hastal\u0131klar\u0131 bulunan iki ki\u015finin daha vir\u00fcs nedeniyle hayat\u0131n\u0131 kaybetmesiyle \u00f6l\u00fc say\u0131s\u0131n\u0131n 51&#8217;e y\u00fckseldi\u011fi belirtildi.<\/p>\n<p>Suudi Arabistan&#8217;da corona vir\u00fcs\u00fc vakalar\u0131na, do\u011fudaki el-Ahsa ve ed-Demmam, kuzeydo\u011fudaki Hafer el-Bat\u0131n, g\u00fcneybat\u0131daki Bi\u015fe ve Asir, bat\u0131daki Taif, Cidde, Medine-i M\u00fcnevvere ile ba\u015fkent Riyad ve el-Kas\u0131m kentlerinde rastlan\u0131yor.<\/p><\/div>\n<div><span style=\"font-family: arial, sans-serif; color: #222222;\"><span style=\"font-size: 12.800000190734863px;\">Suudi Arabistan Sa\u011fl\u0131k Bakanl\u0131\u011f\u0131, kutsal topraklara ula\u015fan hac\u0131 adaylar\u0131na yap\u0131lan t\u0131bbi kontrollerde \u015fu ana kadar &#8220;corona&#8221; vir\u00fcs\u00fcne rastlanmad\u0131\u011f\u0131n\u0131 a\u00e7\u0131klad\u0131. Ancak \u00e7e\u015fitli \u00fclkelerden milyonlarca M\u00fcsl\u00fcman\u0131n Hac ibadeti i\u00e7in bu \u00fclkede olmas\u0131 vir\u00fcs\u00fcn d\u00fcnya geneline yay\u0131lmas\u0131 endi\u015felerini art\u0131r\u0131yor.<\/span><\/span><\/p>\n<p><span style=\"font-family: arial, sans-serif; color: #222222;\"><span style=\"font-size: 12.800000190734863px;\">Corona vir\u00fcs\u00fc bug\u00fcne kadar Suudi Arabistan, \u00dcrd\u00fcn, Katar, Birle\u015fik Arap Emirlikleri, \u0130ngiltere , Fransa, Almanya , Tunus ve \u0130talya&#8217;da tespit edildi.<\/span><\/span><\/p>\n<p><span style=\"font-family: arial, sans-serif; color: #222222;\"><span style=\"font-size: 12.800000190734863px;\">Eyl\u00fcl 2012&#8217;den bu yana 119&#8217;u Suudi Arabistan&#8217;da olmak \u00fczere d\u00fcnya genelinde corona ile ilgili 144 vaka tespit edildi. Hastal\u0131k nedeniyle 51&#8217;i Suudi Arabistan&#8217;da olmak \u00fczere \u015fu ana kadar 60 ki\u015fi hayat\u0131n\u0131 kaybetti.<\/span><\/span><\/p>\n<p><span style=\"font-family: arial, sans-serif; color: #222222;\"><span style=\"font-size: 12.800000190734863px;\">Suudi Arabistan&#8217;da 119, \u0130ngiltere&#8217;de 4, \u00dcrd\u00fcn, Fransa ve Almanya&#8217;da 2&#8217;\u015fer, Tunus, \u0130talya ve Katar&#8217;da 3&#8217;er, Birle\u015fik Arap Emirliklerinde 5 vaka ortaya \u00e7\u0131kt\u0131.<\/span><\/span><\/p>\n<p><span style=\"font-family: arial, sans-serif; color: #222222;\"><span style=\"font-size: 12.800000190734863px;\">2003 y\u0131l\u0131nda daha \u00e7ok Asya k\u0131tas\u0131nda g\u00f6r\u00fclen k\u0131sa s\u00fcreli SARS salg\u0131n\u0131nda, 800&#8217;den fazla ki\u015fi \u00f6lm\u00fc\u015ft\u00fc.<\/span><\/span><\/p>\n<p><span style=\"font-family: arial, sans-serif; color: #222222;\"><span style=\"font-size: 12.800000190734863px;\">Corona vir\u00fcs\u00fc MERS-CoV, akci\u011ferleri ve b\u00f6brekleri tahrip ediyor. Ba\u011f\u0131\u015f\u0131kl\u0131k sistemini \u00e7\u00f6kerten vir\u00fcs\u00fcn uzun s\u00fcreli yak\u0131n temasla bula\u015fabilece\u011fi kaydediliyor. Kayna\u011f\u0131 hakk\u0131nda yeterli bilgi bulunmayan vir\u00fcse kar\u015f\u0131 hi\u00e7bir koruyucu a\u015f\u0131 veya antibiyotik ila\u00e7 tedavisi bulunmuyor.<\/span><\/span><\/p>\n<p><strong style=\"color: #222222; font-family: arial, sans-serif; font-size: 12.800000190734863px;\"><a href=\"http:\/\/radikal.com.tr\/\" target=\"_blank\" style=\"color: #1155cc;\">Radikal.com.tr<\/a> ve Ajanslar<\/strong><\/div>\n","protected":false},"excerpt":{"rendered":"<p>Suudi Arabistan&#8217;da, SARS hastal\u0131\u011f\u0131n\u0131n t\u00fcrevi oldu\u011fu saptanan corona vir\u00fcs\u00fc MERS-CoV nedeniyle \u00f6lenlerin say\u0131s\u0131 51&#8217;e y\u00fckseldi. \u00dclkede Hac ibadeti nedeniyle milyonlarca&#46;&#46;&#46;<\/p>\n","protected":false},"author":1,"featured_media":0,"comment_status":"closed","ping_status":"closed","sticky":false,"template":"","format":"standard","meta":{"_jetpack_memberships_contains_paid_content":false,"footnotes":""},"categories":[62],"tags":[],"class_list":["post-3076","post","type-post","status-publish","format-standard","hentry","category-sagliktan-haberler"],"aioseo_notices":[],"jetpack_featured_media_url":"","jetpack_sharing_enabled":true,"jetpack-related-posts":[],"_links":{"self":[{"href":"http:\/\/www.ced.org.tr\/index.php?rest_route=\/wp\/v2\/posts\/3076","targetHints":{"allow":["GET"]}}],"collection":[{"href":"http:\/\/www.ced.org.tr\/index.php?rest_route=\/wp\/v2\/posts"}],"about":[{"href":"http:\/\/www.ced.org.tr\/index.php?rest_route=\/wp\/v2\/types\/post"}],"author":[{"embeddable":true,"href":"http:\/\/www.ced.org.tr\/index.php?rest_route=\/wp\/v2\/users\/1"}],"replies":[{"embeddable":true,"href":"http:\/\/www.ced.org.tr\/index.php?rest_route=%2Fwp%2Fv2%2Fcomments&post=3076"}],"version-history":[{"count":0,"href":"http:\/\/www.ced.org.tr\/index.php?rest_route=\/wp\/v2\/posts\/3076\/revisions"}],"wp:attachment":[{"href":"http:\/\/www.ced.org.tr\/index.php?rest_route=%2Fwp%2Fv2%2Fmedia&parent=3076"}],"wp:term":[{"taxonomy":"category","embeddable":true,"href":"http:\/\/www.ced.org.tr\/index.php?rest_route=%2Fwp%2Fv2%2Fcategories&post=3076"},{"taxonomy":"post_tag","embeddable":true,"href":"http:\/\/www.ced.org.tr\/index.php?rest_route=%2Fwp%2Fv2%2Ftags&post=3076"}],"curies":[{"name":"wp","href":"https:\/\/api.w.org\/{rel}","templated":true}]}}