{"id":3081,"date":"2013-11-01T14:44:04","date_gmt":"2013-11-01T12:44:04","guid":{"rendered":"http:\/\/www.ced.org.tr\/?p=3081"},"modified":"2013-11-01T14:44:04","modified_gmt":"2013-11-01T12:44:04","slug":"ozel-hastaneler-yoksula-kapandi","status":"publish","type":"post","link":"http:\/\/www.ced.org.tr\/?p=3081","title":{"rendered":"\u00d6zel hastaneler yoksula kapand\u0131"},"content":{"rendered":"<div style=\"color: #222222; font-family: arial, sans-serif; font-size: 12px;\">\u00d6zel hastanelere \u00f6denecek y\u00fczde 200\u2019l\u00fck ilave \u00fccret y\u00fcr\u00fcrl\u00fc\u011fe girdi. Tabip Odas\u0131 Genel Sekreteri \u00c7erkezo\u011flu, \u201cPatronlar kazans\u0131n diye yurtta\u015f para harc\u0131yor\u201d dedi<\/div>\n<div style=\"color: #222222; font-family: arial, sans-serif; font-size: 12px;\"><\/div>\n<div style=\"color: #222222; font-family: arial, sans-serif; font-size: 12px;\"><span><span style=\"color: #800000;\"><span style=\"font-size: 14px;\"><span style=\"font-family: arial, helvetica, sans-serif;\">Birg\u00fcn\u00a0<span style=\"color: #000000;\">24.10.2013 <\/span>BURCU CANSU ANKARA<\/span><\/span><\/span><\/p>\n<p><span style=\"font-size: 14px;\"><span style=\"font-family: arial, helvetica, sans-serif;\">\u00d6zel hastaneler yine tart\u0131\u015fma konusu. Erdo\u011fan\u2019\u0131n \u00f6zel hastanelerin \u00fccretsiz olaca\u011f\u0131 s\u00f6ylemi uzun s\u00fcre yank\u0131land\u0131. Yurtta\u015f ise \u00f6zel hastaneye ilave \u00fccretini \u00f6demeksizin hi\u00e7 muayene olamad\u0131. Ge\u00e7ti\u011fimiz y\u0131l g\u00fcndeme gelen Zorunlu Genel Sa\u011fl\u0131k Sigortas\u0131 ile yurtta\u015f\u0131n \u00f6zel hastanelere gitmesinin \u00f6n\u00fcn\u00fcn a\u00e7\u0131laca\u011f\u0131 s\u00f6ylemi yinelenmi\u015fti. \u00d6zel hastanelere y\u00fczde 30\u2019la ba\u015flayan ilave \u00fccretler y\u00fczde 200 e kadar \u00e7\u0131kt\u0131. \u00d6zel hastaneye gitmek y\u00fczde 30 ek \u00fccret ile zordu, y\u00fcr\u00fcl\u00fc\u011fe giren uygulama ile imkans\u0131zla\u015ft\u0131r\u0131ld\u0131. \u00d6zel hastane patronu kazans\u0131n diye yurtta\u015f\u0131n eli yine cebine gidecek.<\/p>\n<p><\/span><\/span><\/p>\n<p><span style=\"color: #800000;\"><span style=\"font-size: 14px;\"><span style=\"font-family: arial, helvetica, sans-serif;\"><a href=\"http:\/\/birgun.net\/haber\/ozel-hastaneler-yoksula-kapandi-5682.html\" target=\"_blank\" style=\"color: #1155cc;\">http:\/\/birgun.net\/haber\/ozel-hastaneler-yoksula-kapandi-5682.html<\/a><\/span><\/span><\/span><\/span><\/div>\n<div style=\"color: #222222; font-family: arial, sans-serif; font-size: 12px;\"><span><span style=\"color: #800000;\"><span style=\"font-size: 14px;\"><span style=\"font-family: arial, helvetica, sans-serif;\">Y\u00dcZDE 200 ZAM<\/span><\/span><\/span><br \/><\/span><span><span style=\"font-size: 14px;\"><span style=\"font-family: arial, helvetica, sans-serif;\">\u00d6zel hastanelerde yurtta\u015flardan al\u0131nacak ilave \u00fccreti Sosyal G\u00fcvenlik Kurumu\u2019nun (SGK) \u00f6dedi\u011fi miktar\u0131n y\u00fczde 90\u2019dan y\u00fczde 200\u2019e \u00e7\u0131karan Bakanlar Kurulu Karar\u0131 12 Ekim 2013 tarihinde Resmi Gazete\u2019de yay\u0131nlanm\u0131\u015ft\u0131. D\u00fcn de Sosyal G\u00fcvenlik Kurumu (SGK) Ba\u015fkanl\u0131\u011f\u0131, \u00f6zel hastanelerden al\u0131nacak ilave \u00fccret tavan oranlar\u0131 hakk\u0131nda duyuru yapt\u0131.<br \/>SGK Ba\u015fkanl\u0131\u011f\u0131\u2019n\u0131n yay\u0131nlad\u0131\u011f\u0131 \u00d6zel Hastanelerin Puanland\u0131r\u0131lmas\u0131 ve \u0130lave \u00dccret Al\u0131nmas\u0131 Hakk\u0131nda Y\u00f6nerge\u2019ye g\u00f6re, \u201c22 Ekim 2013 tarihinden ge\u00e7erli olmak \u00fczere Kamu idaresi sa\u011fl\u0131k hizmeti sunucular\u0131 d\u0131\u015f\u0131ndaki vak\u0131f \u00fcniversiteleri dahil Kurumumuzla s\u00f6zle\u015fmeli t\u00fcm sa\u011fl\u0131k hizmeti sunucular\u0131 genel sa\u011fl\u0131k sigortal\u0131s\u0131 ve bakmakla y\u00fck\u00fcml\u00fc oldu\u011fu ki\u015filerden Sa\u011fl\u0131k Hizmetleri Fiyatland\u0131rma Komisyonunca belirlenen sa\u011fl\u0131k hizmetleri bedelinin en fazla iki kat\u0131na kadar ilave \u00fccret alabilecekler.\u201d<\/span><\/span><\/p>\n<p><span style=\"color: #800000;\"><span style=\"font-size: 14px;\"><span style=\"font-family: arial, helvetica, sans-serif;\">FARK Y\u00dcZDE 200\u2019E DAYANDI<\/span><\/span><\/span><br \/><span style=\"font-size: 14px;\"><span style=\"font-family: arial, helvetica, sans-serif;\">Yan\u0131nlanan bu h\u00fckme g\u00f6re, SGK sigortal\u0131 yurtta\u015flar, \u00f6zel hastaneye hem muayene hem de ameliyat i\u00e7in devletin verdi\u011finin y\u00fczde 200\u2019\u00fc kadar da cebinden \u00f6deme yapacak. Hat\u0131rlanaca\u011f\u0131 gibi Erdo\u011fan\u2019\u0131n se\u00e7im politikalar\u0131 incelendi\u011fi en \u00f6nemli s\u00f6ylemlerinden birisi \u00f6zel hastanelerin bedava olaca\u011f\u0131yd\u0131. \u00d6zel hastanalerde al\u0131nan ilave \u00fccretlerde uygulanan zamlara bakt\u0131\u011f\u0131m\u0131zda ivmenin h\u0131zla y\u00fckseldi\u011fini g\u00f6r\u00fcyoruz. \u015e\u00f6yle ki; \u201c2008 y\u0131l\u0131nda, \u201cy\u00fczde 30 fark \u00fccreti\u201d geldi. Sonra bu fark \u00fccreti 8.12.2009\u2019da \u201cy\u00fczde 70\u2019e\u201d ard\u0131ndan da 17.3.2012\u2019de \u201cy\u00fczde 90\u2019a\u201d y\u00fckseltildi. Son olarak da \u00f6zel hastanelerin \u201cy\u00fczde 200\u2019e kadar\u201d fark \u00fccreti almas\u0131 kararla\u015ft\u0131r\u0131ld\u0131. Bununla ilgili kararname de 12 Ekim 2013 tarihli Resmi Gazete\u2019de yay\u0131nland\u0131.\u201d<\/span><\/span><\/p>\n<p><span style=\"color: #800000;\"><span style=\"font-size: 14px;\"><span style=\"font-family: arial, helvetica, sans-serif;\">GSS&#8217;ye ra\u011fmen yurtta\u015f ma\u011fdur<\/span><\/span><\/span><br \/><\/span><span><span style=\"font-size: 14px;\"><span style=\"font-family: arial, helvetica, sans-serif;\">\u0130stanbul Tabipler Odas\u0131 Genel Sekreteri Ali \u00c7erkezo\u011flu, \u201cSGK hastanelere \u00f6dedi\u011fi tutar\u0131 art\u0131rm\u0131yor, bunun yerine yurtta\u015fa ek \u00fccret y\u00fckl\u00fcyor. Yurtta\u015f fiilen Genel Sa\u011fl\u0131k Sigortas\u0131 (GSS) yapt\u0131rm\u0131\u015f gibi bir konuma d\u00fc\u015f\u00fcr\u00fcld\u00fc. GSS g\u00fcndeme geldi\u011finde de s\u00f6ylemi\u015ftik, bu sistem zorunlu trafik sigortas\u0131 mant\u0131\u011f\u0131 ile vergilendiriliyor\u201d s\u00f6zlerini kaydetti.<br \/>\u00c7erkezo\u011flu, \u00f6zel hastaneye gitti\u011finde GSS\u2019nin hi\u00e7bir h\u00fckm\u00fc kalmad\u0131\u011f\u0131na de\u011finirken, \u015funlar\u0131 s\u00f6yledi \u201cYurtta\u015f GSS i\u00e7in prim \u00f6d\u00fcyor, primini \u00f6deyemeyen muayene olamamakla, hizmet alamamakla cezaland\u0131r\u0131l\u0131yor. GSS olmas\u0131na ra\u011fmen yurtta\u015f \u00f6zel hastaneye gitti\u011finde bir de y\u00fczde 200 zamla prim \u00f6demeye mecbur b\u0131rak\u0131l\u0131yor.\u201d \u00d6zel sa\u011fl\u0131k piyasas\u0131n\u0131 yani \u00f6zel hastane patronlar\u0131n\u0131 desteklemek ad\u0131na yurtta\u015f\u0131n ciddi miktarlar \u00f6deyerek elini cebine atmas\u0131 gerekti\u011fi dayatmas\u0131 ile kar\u015f\u0131 kar\u015f\u0131ya kald\u0131\u011f\u0131n\u0131n alt\u0131n\u0131 \u00e7izen \u00c7erkezo\u011flu, \u201cGSS ruhudur bu ya\u015fad\u0131\u011f\u0131m\u0131z durum. Ve GSS ruhunun iflas etti\u011finin g\u00f6stergesidir\u201d dedi.<\/span><\/span><\/p>\n<p><span style=\"color: #800000;\"><span style=\"font-size: 14px;\"><span style=\"font-family: arial, helvetica, sans-serif;\">K\u0130M\u0130N K\u0130M\u0130 SOYDU\u011eU A\u00c7IK!<\/span><\/span><\/span><br \/><span style=\"font-size: 14px;\"><span style=\"font-family: arial, helvetica, sans-serif;\">T\u00fcrk Tabipleri Birli\u011fi Genel Sekreteri Beyaz\u0131t \u0130lhan ise, yurtta\u015f\u0131n \u00f6demek zorunda b\u0131rak\u0131ld\u0131\u011f\u0131 y\u00fczde 200\u2019l\u00fck ek \u00fccrete ili\u015fkin, \u201cYurtta\u015f\u0131n \u00f6dedi\u011fi, GSS primini \u00f6demek yetmiyor, katk\u0131 pay\u0131 \u00f6demek de yetmiyor, SGK\u2019n\u0131n \u00f6dedi\u011finin iki kat\u0131 da cepten \u00f6denmek zorunda b\u0131rak\u0131l\u0131yor. Devletin 629 TL \u00f6dedi\u011fi bademcik ameliyat\u0131na siz cebinizden \u00f6zel hastaneye ayr\u0131ca 1.258 TL \u00f6d\u00fcyorsan\u0131z, devletin 1.510 TL \u00f6dedi\u011fi prostat ameliyat\u0131na siz ayr\u0131ca 3.020 TL \u00f6d\u00fcyorsan\u0131z kimin kimi \u201csoydu\u011fu\u201d a\u00e7\u0131k de\u011fil mi?\u201d diye sordu<\/span><\/span><\/span><\/div>\n","protected":false},"excerpt":{"rendered":"<p>\u00d6zel hastanelere \u00f6denecek y\u00fczde 200\u2019l\u00fck ilave \u00fccret y\u00fcr\u00fcrl\u00fc\u011fe girdi. Tabip Odas\u0131 Genel Sekreteri \u00c7erkezo\u011flu, \u201cPatronlar kazans\u0131n diye yurtta\u015f para harc\u0131yor\u201d&#46;&#46;&#46;<\/p>\n","protected":false},"author":1,"featured_media":0,"comment_status":"closed","ping_status":"closed","sticky":false,"template":"","format":"standard","meta":{"_jetpack_memberships_contains_paid_content":false,"footnotes":""},"categories":[62],"tags":[],"class_list":["post-3081","post","type-post","status-publish","format-standard","hentry","category-sagliktan-haberler"],"aioseo_notices":[],"jetpack_featured_media_url":"","jetpack_sharing_enabled":true,"jetpack-related-posts":[],"_links":{"self":[{"href":"http:\/\/www.ced.org.tr\/index.php?rest_route=\/wp\/v2\/posts\/3081","targetHints":{"allow":["GET"]}}],"collection":[{"href":"http:\/\/www.ced.org.tr\/index.php?rest_route=\/wp\/v2\/posts"}],"about":[{"href":"http:\/\/www.ced.org.tr\/index.php?rest_route=\/wp\/v2\/types\/post"}],"author":[{"embeddable":true,"href":"http:\/\/www.ced.org.tr\/index.php?rest_route=\/wp\/v2\/users\/1"}],"replies":[{"embeddable":true,"href":"http:\/\/www.ced.org.tr\/index.php?rest_route=%2Fwp%2Fv2%2Fcomments&post=3081"}],"version-history":[{"count":0,"href":"http:\/\/www.ced.org.tr\/index.php?rest_route=\/wp\/v2\/posts\/3081\/revisions"}],"wp:attachment":[{"href":"http:\/\/www.ced.org.tr\/index.php?rest_route=%2Fwp%2Fv2%2Fmedia&parent=3081"}],"wp:term":[{"taxonomy":"category","embeddable":true,"href":"http:\/\/www.ced.org.tr\/index.php?rest_route=%2Fwp%2Fv2%2Fcategories&post=3081"},{"taxonomy":"post_tag","embeddable":true,"href":"http:\/\/www.ced.org.tr\/index.php?rest_route=%2Fwp%2Fv2%2Ftags&post=3081"}],"curies":[{"name":"wp","href":"https:\/\/api.w.org\/{rel}","templated":true}]}}