{"id":3082,"date":"2013-11-19T10:00:04","date_gmt":"2013-11-19T08:00:04","guid":{"rendered":"http:\/\/www.ced.org.tr\/?p=3082"},"modified":"2013-11-19T10:00:04","modified_gmt":"2013-11-19T08:00:04","slug":"vatandasa-daraltilan-saglik-paketi-milletvekiline-giderek-genisletiliyor","status":"publish","type":"post","link":"http:\/\/www.ced.org.tr\/?p=3082","title":{"rendered":"Vatanda\u015fa daralt\u0131lan sa\u011fl\u0131k paketi, milletvekiline giderek geni\u015fletiliyor"},"content":{"rendered":"<p><span style=\"color: #222222; font-family: arial, sans-serif; font-size: 12.800000190734863px;\">Yurtta\u015f Cebinden, Milletvekilleri Meclis \u00d6dene\u011finden \u0130lave \u00dccret Bedelini \u00d6deyecek!<\/span><span style=\"color: #222222; font-family: arial, sans-serif; font-size: 12.800000190734863px;\"> <\/span><\/p>\n<div style=\"color: #222222; font-family: arial, sans-serif; font-size: 12.800000190734863px; width: 16px; text-align: right; float: right;\"><a><img decoding=\"async\" src=\"http:\/\/www.muhalefet.org\/images\/standart\/icons\/print-icon.png\" border=\"0\" \/><\/a><\/div>\n<div style=\"color: #222222; font-family: arial, sans-serif; font-size: 12.800000190734863px;\"><span style=\"color: #b21117;\">16 Kas\u0131m 2013 Cumartesi 08:52:00<\/p>\n<p><\/span><\/div>\n<p><span style=\"color: #222222; font-family: arial, sans-serif; font-size: 12.800000190734863px;\">Vatanda\u015fa daralt\u0131lan sa\u011fl\u0131k paketi; milletvekiline giderek geni\u015fletiliyor!<\/span><\/p>\n<p><span style=\"text-align: justify; color: #222222; font-family: arial, sans-serif; font-size: 12.800000190734863px;\">Sa\u011fl\u0131k hizmetlerine eri\u015fimde e\u015fitsizliklerin artt\u0131\u011f\u0131, t\u0131bbi hizmetlere eri\u015fmenin paras\u0131 olmayan yurtta\u015flar\u0131n b\u00fcy\u00fck bir \u00e7o\u011funlu\u011fu i\u00e7in adeta imk\u00e2ns\u0131z hale geldi\u011fi bir s\u00fcre\u00e7te milletvekillerine k\u0131yak ge\u00e7ilmektedir. 15. 11,2013 tarihinde TBMM Ba\u015fkanl\u0131\u011f\u0131 taraf\u0131ndan yay\u0131mlanan Y\u00f6netmeli\u011fe g\u00f6re milletvekillerinin protokol yap\u0131lan ve yap\u0131lmayan t\u00fcm resmi sa\u011fl\u0131k kurumlar\u0131ndan ald\u0131\u011f\u0131 otelcilik hizmetleri ile tedavi hizmetlerinden al\u0131nan ilave \u00fccretlerin tamam\u0131 art\u0131k TBMM taraf\u0131ndan kar\u015f\u0131lanacak.<\/span><\/p>\n<div style=\"color: #222222; font-family: arial, sans-serif; font-size: 12.800000190734863px;\">\n<p style=\"text-align: justify;\">2 May\u0131s 2012 \u00c7ar\u015famba g\u00fcn\u00fc Resmi Gazete\u2019de yay\u0131mlanan milletvekillerine, yasama organ\u0131 eski \u00fcyelerine, d\u0131\u015far\u0131dan atand\u0131klar\u0131 bakanl\u0131k g\u00f6revi sona erenlere tedavi yard\u0131m\u0131 yap\u0131lmas\u0131na dair Y\u00f6netmelikte;\u00a0 \u201cHak sahiplerinin, resmi sa\u011fl\u0131k kurumlar\u0131nda sa\u011flanan otelcilik hizmetlerine ili\u015fkin al\u0131nan ilave \u00fccretler ile Resmi sa\u011fl\u0131k kurumlar\u0131nca sa\u011flanan tedavi hizmetlerine ili\u015fkin tebli\u011f h\u00fck\u00fcmlerine g\u00f6re hastalardan al\u0131nan ilave \u00fccretler Kurumca kar\u015f\u0131lan\u0131r\u201d h\u00fck\u00fcmlerine protokol yap\u0131lmayan resmi sa\u011fl\u0131k kurumlar\u0131nca sa\u011flanan tedavi hizmetleri ve otelcilik hizmetlerinden al\u0131nan ilave \u00fccretler de kurum (TBMM)\u00a0 taraf\u0131ndan \u00f6denecek h\u00fckm\u00fc eklenmi\u015ftir.<\/p>\n<p>Bakanlar kurulu karar\u0131 ile yurtta\u015flara ilave \u00fccret, SGK\u2019n\u0131n sa\u011fl\u0131k hizmet sunum bedeli olarak \u00f6dedi\u011fi miktar\u0131n iki kat\u0131n\u0131 ceplerinden \u00f6deme zorunlulu\u011fu getirilirken milletvekillerine ve yak\u0131nlar\u0131na hem de protokol yap\u0131lmayan sa\u011fl\u0131k kurumlar\u0131 d\u00e2hil olmak \u00fczere otelcilik ve ilave \u00fccreti TBMM \u00f6deyecektir h\u00fckm\u00fcn\u00fcn getirilmesi a\u00e7\u0131k\u00e7a ayr\u0131mc\u0131l\u0131kt\u0131r.\u00a0<\/p>\n<p><em>Dr. Erg\u00fcn DEM\u0130R<br \/>Dr. G\u00fcray KILI\u00c7<\/em><\/p>\n<\/div>\n","protected":false},"excerpt":{"rendered":"<p>Yurtta\u015f Cebinden, Milletvekilleri Meclis \u00d6dene\u011finden \u0130lave \u00dccret Bedelini \u00d6deyecek! 16 Kas\u0131m 2013 Cumartesi 08:52:00 Vatanda\u015fa daralt\u0131lan sa\u011fl\u0131k paketi; milletvekiline giderek&#46;&#46;&#46;<\/p>\n","protected":false},"author":1,"featured_media":0,"comment_status":"closed","ping_status":"closed","sticky":false,"template":"","format":"standard","meta":{"_jetpack_memberships_contains_paid_content":false,"footnotes":""},"categories":[62],"tags":[],"class_list":["post-3082","post","type-post","status-publish","format-standard","hentry","category-sagliktan-haberler"],"aioseo_notices":[],"jetpack_featured_media_url":"","jetpack_sharing_enabled":true,"jetpack-related-posts":[],"_links":{"self":[{"href":"http:\/\/www.ced.org.tr\/index.php?rest_route=\/wp\/v2\/posts\/3082","targetHints":{"allow":["GET"]}}],"collection":[{"href":"http:\/\/www.ced.org.tr\/index.php?rest_route=\/wp\/v2\/posts"}],"about":[{"href":"http:\/\/www.ced.org.tr\/index.php?rest_route=\/wp\/v2\/types\/post"}],"author":[{"embeddable":true,"href":"http:\/\/www.ced.org.tr\/index.php?rest_route=\/wp\/v2\/users\/1"}],"replies":[{"embeddable":true,"href":"http:\/\/www.ced.org.tr\/index.php?rest_route=%2Fwp%2Fv2%2Fcomments&post=3082"}],"version-history":[{"count":0,"href":"http:\/\/www.ced.org.tr\/index.php?rest_route=\/wp\/v2\/posts\/3082\/revisions"}],"wp:attachment":[{"href":"http:\/\/www.ced.org.tr\/index.php?rest_route=%2Fwp%2Fv2%2Fmedia&parent=3082"}],"wp:term":[{"taxonomy":"category","embeddable":true,"href":"http:\/\/www.ced.org.tr\/index.php?rest_route=%2Fwp%2Fv2%2Fcategories&post=3082"},{"taxonomy":"post_tag","embeddable":true,"href":"http:\/\/www.ced.org.tr\/index.php?rest_route=%2Fwp%2Fv2%2Ftags&post=3082"}],"curies":[{"name":"wp","href":"https:\/\/api.w.org\/{rel}","templated":true}]}}