{"id":3089,"date":"2013-11-29T20:35:41","date_gmt":"2013-11-29T18:35:41","guid":{"rendered":"http:\/\/www.ced.org.tr\/?p=3089"},"modified":"2013-11-29T20:35:41","modified_gmt":"2013-11-29T18:35:41","slug":"tamamlayici-saglik-sigortasi","status":"publish","type":"post","link":"http:\/\/www.ced.org.tr\/?p=3089","title":{"rendered":"Tamamlay\u0131c\u0131 sa\u011fl\u0131k sigortas\u0131"},"content":{"rendered":"<h2 class=\"western\" style=\"font-weight: normal;\"><span style=\"color: #222222;\"><span style=\"font-family: Arial, sans-serif;\"><span style=\"font-size: 11pt;\">Sa\u011fl\u0131kta s\u0131k\u0131la\u015ft\u0131rma tedbirleri<\/span><\/span><\/span><\/h2>\n<h2 class=\"western\" style=\"font-weight: normal;\"><span style=\"color: #222222;\"><span style=\"font-family: Arial, sans-serif;\"><span style=\"font-size: 11pt;\">Tamamlay\u0131c\u0131 sa\u011fl\u0131k sigortas\u0131<\/span><\/span><\/span><\/h2>\n<h2 class=\"western\" style=\"font-weight: normal;\"><span style=\"color: #222222;\"><span style=\"font-family: Arial, sans-serif;\"><span style=\"font-size: 11pt;\">Temel teminat paketinin kapsam\u0131 nedir?<\/span><\/span><\/span><\/h2>\n<h2 class=\"western\" style=\"font-weight: normal;\"><span style=\"color: #222222;\"><span style=\"font-family: Arial, sans-serif;\"><span style=\"font-size: 11pt;\">Kanser tedavisi kapsam d\u0131\u015f\u0131nda kalacak m\u0131?<\/span><\/span><\/span><\/h2>\n<h2 class=\"western\" style=\"font-weight: normal;\"><span style=\"color: #222222;\"><span style=\"font-family: Arial, sans-serif;\"><span style=\"font-size: 11pt;\">CHP Ankara Milletvekili Emine \u00dclker Tarhan, Sa\u011fl\u0131k Bakan\u0131 Mehmet M\u00fcezzino\u011flu&#8217;na sa\u011fl\u0131kta s\u0131k\u0131la\u015ft\u0131rma tedbirleri \u00e7er\u00e7evesinde &#8220;Hangi tedavi t\u00fcrleri ve ila\u00e7lar kapsam d\u0131\u015f\u0131nda kalacakt\u0131r? Kanser tedavisi kapsam d\u0131\u015f\u0131nda kalacak m\u0131d\u0131r?&#8221; diye sordu.<\/p>\n<p><\/span><\/span><\/span><\/h2>\n<h2 class=\"western\"><span style=\"color: #222222;\"><span style=\"font-family: Arial, sans-serif;\"><span style=\"font-size: 11pt;\"><span style=\"font-weight: normal;\"><br \/><\/span><\/span><\/span><\/span><a href=\"http:\/\/birgun.net\/haber\/kanser-tedavisi-kapsam-disinda-kalacak-mi-7575.html\" target=\"_blank\"><span style=\"color: #1155cc;\"><span style=\"font-family: Arial, sans-serif;\"><span style=\"font-size: 11pt;\"><span style=\"font-weight: normal;\">http:\/\/birgun.net\/haber\/kanser-tedavisi-kapsam-disinda-kalacak-mi-7575.html<\/span><\/span><\/span><\/span><\/a><span style=\"color: #222222;\"><span style=\"font-family: Arial, sans-serif;\"><span style=\"font-size: 11pt;\"><span style=\"font-weight: normal;\"><br \/>Bakan M\u00fcezzio\u011flu&#8217;nun yaz\u0131l\u0131 cevaplamas\u0131 istemiyle TBMM Ba\u015fkanl\u0131\u011f\u0131&#8217;na bir soru \u00f6nergesi veren Tarhan, &#8220;Medyada yer alan haberlere g\u00f6re 2014 y\u0131l\u0131 program\u0131nda sa\u011fl\u0131kta s\u0131k\u0131la\u015ft\u0131rma tedbirlerinin y\u00fcr\u00fcrl\u00fc\u011fe girece\u011fini iddia edilmektedir. Bu programa g\u00f6re temel teminat paketi ad\u0131 verilen bir paket olu\u015fturulaca\u011f\u0131, bu paketin kapsam\u0131 d\u0131\u015f\u0131nda kalan hizmetlerde ise tamamlay\u0131c\u0131 sa\u011fl\u0131k sigortas\u0131n\u0131n devreye girece\u011fi iddia edilmektedir. Kamu oyunda bu paketle birlikte kanser tedavisinin sa\u011fl\u0131k sigortas\u0131 kapsam\u0131 d\u0131\u015f\u0131nda tutulaca\u011f\u0131na ili\u015fkin kayg\u0131lar olu\u015ftu\u011fu bilinmektedir&#8221; diyerek \u015fu konularda bilgi istedi:<\/p>\n<p>&#8220;Hangi tedavi t\u00fcrleri ve ila\u00e7lar kapsam d\u0131\u015f\u0131nda kalacakt\u0131r? Kanser tedavisi kapsam d\u0131\u015f\u0131nda kalacak m\u0131d\u0131r? \u00dclkemizdeki kanser vakalar\u0131n\u0131n say\u0131sal seyrine ili\u015fkin bir \u00e7al\u0131\u015fman\u0131z var m\u0131d\u0131r? Var ise bu vakalar\u0131n say\u0131s\u0131 ne kadard\u0131r? Bu say\u0131larda co\u011frafi b\u00f6lgeler bak\u0131m\u0131ndan bariz bir farkl\u0131l\u0131k var m\u0131d\u0131r? Var ise hangi b\u00f6lgelerde daha yo\u011fun kar\u015f\u0131la\u015f\u0131lmaktad\u0131r?<\/p>\n<p>1986\u2019dan bug\u00fcne kadar y\u0131llar itibar\u0131 ile b\u00fct\u00e7eden tedavi gideri olarak ne kadar \u00f6denmi\u015ftir? 2012 y\u0131l\u0131nda tedavi gideri olarak ne kadar \u00f6denmi\u015ftir? Bu giderlere doktor, sa\u011fl\u0131k personeli, vb\u2019nin maa\u015f ve parasal haklar\u0131 ile hastane genel giderleri dahil midir? Sosyal G\u00fcvenlik Kurumu i\u00e7in \u00e7al\u0131\u015fan pay\u0131 ve devlet katk\u0131s\u0131 ayr\u0131 ayr\u0131 olmak \u00fczere ne kadar prim yat\u0131r\u0131lm\u0131\u015ft\u0131r? Prim borcunu yat\u0131rmayan kamu kurumu var m\u0131d\u0131r? Var ise hangi kurumlard\u0131r ve bor\u00e7lar\u0131 ne kadard\u0131r?&#8221;<\/span><\/span><\/span><\/span><\/h2>\n<p>\u00a0<\/p>\n<p style=\"margin-bottom: 0cm;\">\u00a0<\/p>\n","protected":false},"excerpt":{"rendered":"<p>Sa\u011fl\u0131kta s\u0131k\u0131la\u015ft\u0131rma tedbirleri Tamamlay\u0131c\u0131 sa\u011fl\u0131k sigortas\u0131 Temel teminat paketinin kapsam\u0131 nedir? Kanser tedavisi kapsam d\u0131\u015f\u0131nda kalacak m\u0131? CHP Ankara Milletvekili&#46;&#46;&#46;<\/p>\n","protected":false},"author":1,"featured_media":0,"comment_status":"closed","ping_status":"closed","sticky":false,"template":"","format":"standard","meta":{"_jetpack_memberships_contains_paid_content":false,"footnotes":""},"categories":[62],"tags":[],"class_list":["post-3089","post","type-post","status-publish","format-standard","hentry","category-sagliktan-haberler"],"aioseo_notices":[],"jetpack_featured_media_url":"","jetpack_sharing_enabled":true,"jetpack-related-posts":[],"_links":{"self":[{"href":"http:\/\/www.ced.org.tr\/index.php?rest_route=\/wp\/v2\/posts\/3089","targetHints":{"allow":["GET"]}}],"collection":[{"href":"http:\/\/www.ced.org.tr\/index.php?rest_route=\/wp\/v2\/posts"}],"about":[{"href":"http:\/\/www.ced.org.tr\/index.php?rest_route=\/wp\/v2\/types\/post"}],"author":[{"embeddable":true,"href":"http:\/\/www.ced.org.tr\/index.php?rest_route=\/wp\/v2\/users\/1"}],"replies":[{"embeddable":true,"href":"http:\/\/www.ced.org.tr\/index.php?rest_route=%2Fwp%2Fv2%2Fcomments&post=3089"}],"version-history":[{"count":0,"href":"http:\/\/www.ced.org.tr\/index.php?rest_route=\/wp\/v2\/posts\/3089\/revisions"}],"wp:attachment":[{"href":"http:\/\/www.ced.org.tr\/index.php?rest_route=%2Fwp%2Fv2%2Fmedia&parent=3089"}],"wp:term":[{"taxonomy":"category","embeddable":true,"href":"http:\/\/www.ced.org.tr\/index.php?rest_route=%2Fwp%2Fv2%2Fcategories&post=3089"},{"taxonomy":"post_tag","embeddable":true,"href":"http:\/\/www.ced.org.tr\/index.php?rest_route=%2Fwp%2Fv2%2Ftags&post=3089"}],"curies":[{"name":"wp","href":"https:\/\/api.w.org\/{rel}","templated":true}]}}