{"id":3096,"date":"2013-12-09T14:52:37","date_gmt":"2013-12-09T12:52:37","guid":{"rendered":"http:\/\/www.ced.org.tr\/?p=3096"},"modified":"2013-12-09T14:52:37","modified_gmt":"2013-12-09T12:52:37","slug":"ingilterede-saglik-sistemi-coktu-sira-turkiyede-mi","status":"publish","type":"post","link":"http:\/\/www.ced.org.tr\/?p=3096","title":{"rendered":"\u0130ngiltere\u2019de sa\u011fl\u0131k sistemi \u00e7\u00f6kt\u00fc, s\u0131ra T\u00fcrkiye\u2019de mi?"},"content":{"rendered":"<p class=\"MsoNormal\" style=\"background-position: initial initial; background-repeat: initial initial;\"><span style=\"font-family: &quot;Arial&quot;,&quot;sans-serif&quot;; mso-fareast-font-family: &quot;Times New Roman&quot;; mso-fareast-language: TR;\">\u0130ngiltere Londra \u00dcniversitesi\u2019nden halk sa\u011fl\u0131\u011f\u0131 uzmanlar\u0131n\u0131n haz\u0131rlad\u0131\u011f\u0131 \u201cSu\u00e7u Ma\u011fdura Y\u00fcklemek\u201d ba\u015fl\u0131kl\u0131 rapor, Erdo\u011fan\u2019\u0131n hayali olan \u015eehir Hastaneleri\u2019nin, \u0130ngiliz sa\u011fl\u0131k sistemini \u00e7\u00f6kertti\u011fini ortaya koydu. Rapor, \u201cS\u0131ra T\u00fcrkiye\u2019de mi?\u201d sorusunu ak\u0131llara getirdi<\/span><\/p>\n<p class=\"MsoNormal\" style=\"background-position: initial initial; background-repeat: initial initial;\"><span style=\"font-family: &quot;Arial&quot;,&quot;sans-serif&quot;; mso-fareast-font-family: &quot;Times New Roman&quot;; mso-fareast-language: TR;\">Hastaneler sa\u011fl\u0131k ihtiya\u00e7lar\u0131n\u0131n g\u00f6zetilmesi yerine, piyasan\u0131n, mali \u00f6l\u00e7\u00fclerin ve gelir gider tablolar\u0131n\u0131n uygun g\u00f6rd\u00fc\u011f\u00fc hizmetleri sunmas\u0131 nedeniyle, hastalar \u015fehir hastanelerinden hizmet alam\u0131yor.<\/span><\/p>\n<p class=\"MsoNormal\" style=\"margin-bottom: 0.0001pt; background-position: initial initial; background-repeat: initial initial;\"><span style=\"font-family: &quot;Arial&quot;,&quot;sans-serif&quot;; mso-fareast-font-family: &quot;Times New Roman&quot;; mso-fareast-language: TR; mso-bidi-font-weight: bold;\">Burcu Cansu &#8211; Ankara\u00a0<\/p>\n<p><\/span><span style=\"font-family: &quot;Arial&quot;,&quot;sans-serif&quot;; mso-fareast-font-family: &quot;Times New Roman&quot;; mso-fareast-language: TR;\"><\/span><\/p>\n<p class=\"MsoNormal\" style=\"background-position: initial initial; background-repeat: initial initial;\"><span style=\"font-family: &quot;Arial&quot;,&quot;sans-serif&quot;; mso-fareast-font-family: &quot;Times New Roman&quot;; mso-fareast-language: TR; mso-bidi-font-weight: bold;\"><a href=\"http:\/\/birgun.net\/haber\/ingilterede-saglik-sistemi-coktu-sira-turkiyede-mi-7894.html\" target=\"_blank\"><span style=\"color: windowtext;\">http:\/\/birgun.net\/haber\/ingilterede-saglik-sistemi-coktu-sira-turkiyede-mi-7894.html<\/span><\/a><\/span><\/p>\n<p class=\"MsoNormal\" style=\"background-position: initial initial; background-repeat: initial initial;\"><span style=\"font-family: &quot;Arial&quot;,&quot;sans-serif&quot;; mso-fareast-font-family: &quot;Times New Roman&quot;; mso-fareast-language: TR; mso-bidi-font-weight: bold;\">Londra \u00dcniversitesi\u2019nden halk sa\u011fl\u0131\u011f\u0131 uzmanlar\u0131, Kamu \u00d6zel Ortakl\u0131\u011f\u0131\u2019yla (K\u00d6O) yap\u0131lan \u015eehir Hastaneleri\u2019nin \u0130ngiltere\u2019de sa\u011fl\u0131k sisteminin \u00e7\u00f6kmesine nas\u0131l ortam haz\u0131rlad\u0131\u011f\u0131n\u0131 g\u00f6zler \u00f6n\u00fcne serdi. \u201cSu\u00e7u Ma\u011fdura Y\u00fcklemek\u201d ba\u015fl\u0131kl\u0131 rapor, Ba\u015fbakan Tayyip Erdo\u011fan\u2019\u0131n \u201cfakirin hayali\u201d olarak tan\u0131tt\u0131\u011f\u0131 \u015eehir Hastaneleri\u2019nin T\u00fcrkiye i\u00e7in do\u011furaca\u011f\u0131 sonu\u00e7lara dair \u00f6nemli ipu\u00e7lar\u0131 veriyor.<\/p>\n<p> <strong>HALK MA\u011eDUR ED\u0130L\u0130YOR<\/strong><br \/> \u201cH\u00fck\u00fcmet politikalar\u0131n\u0131n yol a\u00e7t\u0131\u011f\u0131 sonu\u00e7lar\u0131n faturas\u0131 ma\u011fdurlara \u00e7\u0131kar\u0131lmaktad\u0131r\u201d denilen raporda, as\u0131l ma\u011fdurun halk oldu\u011fu belirtilerek, \u201cBu yolda devam edilmesi halinde halk sa\u011fl\u0131\u011f\u0131 a\u00e7\u0131s\u0131ndan \u00e7ok a\u011f\u0131r sonu\u00e7lar ortaya \u00e7\u0131kabilecektir\u201d ifadeleri kullan\u0131ld\u0131.<br \/> \u0130ngiltere\u2019de 20 y\u0131ld\u0131r uygulanan K\u00d6O ile hastane sisteminin, ulusal sa\u011fl\u0131k sistemi i\u00e7in bir finansman krizine d\u00f6n\u00fc\u015ft\u00fc\u011f\u00fc ortaya \u00e7\u0131kt\u0131.<br \/> G\u00fcney Londra Vak\u0131f \u0130daresi verilerine g\u00f6re haz\u0131rlanan raporda, K\u00d6O ile i\u015fletilen hastanelerde y\u0131llar i\u00e7inde verilen klinik hizmetlerinin, yatak say\u0131lar\u0131n\u0131n ve personelin azald\u0131\u011f\u0131 belirtildi. \u015eehir Hastaneleri\u2019nin s\u00f6zle\u015fme maliyetlerinin kar\u015f\u0131lanabilmesi i\u00e7in kamu hastanelerinin ta\u015f\u0131nmazlar\u0131n\u0131n sat\u0131ld\u0131\u011f\u0131na dikkat \u00e7ekilen rapora g\u00f6re, K\u00d6O ile i\u015fletilen kamu hastanelerinin \u00fczerindeki y\u00fck art\u0131yor. Hastaneler sa\u011fl\u0131k ihtiya\u00e7lar\u0131n\u0131n g\u00f6zetilmesi yerine, piyasan\u0131n, mali \u00f6l\u00e7\u00fclerin ve gelir gider tablolar\u0131n\u0131n uygun g\u00f6rd\u00fc\u011f\u00fc hizmetleri sunmas\u0131 nedeniyle, hastalar \u015fehir hastanelerinden hizmet alam\u0131yor.<br \/> <strong>HALK SA\u011eLI\u011eI BO\u015eLANIYOR<\/strong><br \/> Raporda, G\u00fcneydo\u011fu Londra Sa\u011fl\u0131k Hizmetleri Vak\u0131f \u00d6zel \u0130daresi\u2019nin, hastalar\u0131 \u00f6ncelikli s\u0131rada g\u00f6rmedi\u011fi, halk sa\u011fl\u0131\u011f\u0131 verilerini \u201cbo\u015flama\u201d yolunu se\u00e7ti\u011fi kaydedildi.<br \/> Bankerlerin ve hissedarlar\u0131n \u00e7\u0131karlar\u0131n\u0131n korundu\u011funun belirtildi\u011fi raporda, \u201c\u015eirket payda\u015flar\u0131n\u0131n \u00e7\u0131karlar\u0131n\u0131 koruma ad\u0131na \u00e7ok ihtiya\u00e7 duyulan ve geli\u015fim halindeki yerel bir hastanenin feda edildi\u011fine ku\u015fku yoktur. G\u00fcneydo\u011fu Londra\u2019daki Vak\u0131f \u00d6zel \u0130daresi\u2019nin K\u00d6O\u2019yu yayg\u0131nla\u015ft\u0131rma, ulusal tarifeyi d\u00fc\u015f\u00fcrme ve etkinlik tasarruflar\u0131 isteme y\u00f6n\u00fcndeki h\u00fck\u00fcmet politikalar\u0131n\u0131n yol a\u00e7t\u0131\u011f\u0131 sonu\u00e7lar\u0131n faturas\u0131 ma\u011fdurlara \u00e7\u0131kar\u0131lmaktad\u0131r\u201d ifadeleri kullan\u0131ld\u0131.<\/p>\n<p> <strong>HALK SA\u011eLI\u011eI TEHL\u0130KEDE<\/strong><br \/> Raporda, ger\u00e7ek ma\u011fdurun G\u00fcneydo\u011fu Londra halk\u0131, y\u00f6redeki sa\u011fl\u0131k \u00e7al\u0131\u015fanlar\u0131 ve sa\u011fl\u0131k hizmetlerinden yararlananlar oldu\u011fu kaydedilirken, \u201cBu yolda devam edilmesi halinde halk sa\u011fl\u0131\u011f\u0131 a\u00e7\u0131s\u0131ndan \u00e7ok a\u011f\u0131r sonu\u00e7lar ortaya \u00e7\u0131kabilecektir\u201d denildi<\/span><\/p>\n<p>\u00a0<\/p>\n<p class=\"MsoNormal\">\u00a0<\/p>\n","protected":false},"excerpt":{"rendered":"<p>\u0130ngiltere Londra \u00dcniversitesi\u2019nden halk sa\u011fl\u0131\u011f\u0131 uzmanlar\u0131n\u0131n haz\u0131rlad\u0131\u011f\u0131 \u201cSu\u00e7u Ma\u011fdura Y\u00fcklemek\u201d ba\u015fl\u0131kl\u0131 rapor, Erdo\u011fan\u2019\u0131n hayali olan \u015eehir Hastaneleri\u2019nin, \u0130ngiliz sa\u011fl\u0131k sistemini&#46;&#46;&#46;<\/p>\n","protected":false},"author":1,"featured_media":0,"comment_status":"closed","ping_status":"closed","sticky":false,"template":"","format":"standard","meta":{"_jetpack_memberships_contains_paid_content":false,"footnotes":""},"categories":[62],"tags":[],"class_list":["post-3096","post","type-post","status-publish","format-standard","hentry","category-sagliktan-haberler"],"aioseo_notices":[],"jetpack_featured_media_url":"","jetpack_sharing_enabled":true,"jetpack-related-posts":[],"_links":{"self":[{"href":"http:\/\/www.ced.org.tr\/index.php?rest_route=\/wp\/v2\/posts\/3096","targetHints":{"allow":["GET"]}}],"collection":[{"href":"http:\/\/www.ced.org.tr\/index.php?rest_route=\/wp\/v2\/posts"}],"about":[{"href":"http:\/\/www.ced.org.tr\/index.php?rest_route=\/wp\/v2\/types\/post"}],"author":[{"embeddable":true,"href":"http:\/\/www.ced.org.tr\/index.php?rest_route=\/wp\/v2\/users\/1"}],"replies":[{"embeddable":true,"href":"http:\/\/www.ced.org.tr\/index.php?rest_route=%2Fwp%2Fv2%2Fcomments&post=3096"}],"version-history":[{"count":0,"href":"http:\/\/www.ced.org.tr\/index.php?rest_route=\/wp\/v2\/posts\/3096\/revisions"}],"wp:attachment":[{"href":"http:\/\/www.ced.org.tr\/index.php?rest_route=%2Fwp%2Fv2%2Fmedia&parent=3096"}],"wp:term":[{"taxonomy":"category","embeddable":true,"href":"http:\/\/www.ced.org.tr\/index.php?rest_route=%2Fwp%2Fv2%2Fcategories&post=3096"},{"taxonomy":"post_tag","embeddable":true,"href":"http:\/\/www.ced.org.tr\/index.php?rest_route=%2Fwp%2Fv2%2Ftags&post=3096"}],"curies":[{"name":"wp","href":"https:\/\/api.w.org\/{rel}","templated":true}]}}