{"id":3099,"date":"2014-01-10T06:20:29","date_gmt":"2014-01-10T04:20:29","guid":{"rendered":"http:\/\/www.ced.org.tr\/?p=3099"},"modified":"2014-01-10T06:20:29","modified_gmt":"2014-01-10T04:20:29","slug":"new-york-kanser-ve-glokom-hastalarina-receteyle-esrar","status":"publish","type":"post","link":"http:\/\/www.ced.org.tr\/?p=3099","title":{"rendered":"New York: Kanser ve glokom hastalar\u0131na re\u00e7eteyle esrar"},"content":{"rendered":"<p style=\"background: white;\"><strong><span style=\"font-size: 9.5pt; font-family: Arial; color: #222222;\">ABD&#8217;nin New York eyaletinde a\u011f\u0131r hastalara s\u0131n\u0131rl\u0131 olarak esrar kullanma izni verilmesi planlan\u0131yor.<\/span><\/strong><span style=\"font-size: 9.5pt; font-family: Arial; color: #222222;\"><\/span><\/p>\n<p class=\"MsoNormal\" style=\"background: white;\"><span style=\"font-size: 9.5pt; font-family: Arial; mso-fareast-font-family: &quot;Times New Roman&quot;; color: #222222;\" lang=\"TR\">5 OCAK 2014<\/span><\/p>\n<p class=\"MsoNormal\" style=\"background: white;\"><span style=\"font-size: 9.5pt; font-family: Arial; mso-fareast-font-family: &quot;Times New Roman&quot;; color: #222222;\" lang=\"TR\">BBC<\/p>\n<p><\/span><\/p>\n<p class=\"MsoNormal\" style=\"background: white;\"><span style=\"font-size: 9.5pt; font-family: Arial; mso-fareast-font-family: &quot;Times New Roman&quot;; color: #222222;\" lang=\"TR\"><a href=\"http:\/\/www.bbc.co.uk\/turkce\/haberler\/2014\/01\/140105_new_york_esrar.shtml\"><span style=\"color: #1155cc;\">http:\/\/www.bbc.co.uk\/turkce\/haberler\/2014\/01\/140105_new_york_esrar.shtml<\/span><\/a><\/span><\/p>\n<p class=\"MsoNormal\" style=\"background: white;\"><span style=\"color: #222222; font-family: Arial; font-size: 9.5pt;\">New York Times gazetesine g\u00f6re, uzun bir s\u00fcredir bu y\u00f6ndeki \u00e7a\u011fr\u0131lara kar\u015f\u0131 \u00e7\u0131kan eyaletin Demokrat Valisi Andrew Cuomo&#8217;nun bu hafta i\u00e7inde yeni d\u00fczenlemeleri a\u00e7\u0131klamas\u0131 bekleniyor.<\/span><\/p>\n<p style=\"background: white;\"><span style=\"font-size: 9.5pt; font-family: Arial; color: #222222;\"> <br \/> 20 kadar eyalette t\u0131bbi ama\u00e7l\u0131 olarak esrar kullan\u0131m\u0131 serbest.<\/p>\n<p> \u00c7ar\u015famba g\u00fcn\u00fc Colorado keyif ama\u00e7l\u0131 esrar kullan\u0131m\u0131na izin veren ilk eyalet oldu.<span> <\/span><\/p>\n<p> Washington eyaletinin de esrar sat\u0131\u015f\u0131na bu y\u0131l\u0131n sonlar\u0131na do\u011fru izin vermesi bekleniyor.<\/p>\n<p> Esrar kullan\u0131m\u0131 federal yasalara g\u00f6re hala su\u00e7.<\/p>\n<p> New York&#8217;taki yeni d\u00fczenlemelerin, t\u0131bbi ama\u00e7l\u0131 olarak esrar kullan\u0131m\u0131n\u0131 serbest b\u0131rakan California ya da Colorado&#8217;dakinden daha s\u0131k\u0131 olmas\u0131 bekleniyor.<\/p>\n<p> California&#8217;da orta derecede sa\u011fl\u0131k sorunlar\u0131 olanlar re\u00e7eteyle esrar alabiliyor.<span> <\/span><\/p>\n<p> New York&#8217;ta esrar\u0131n sadece 20 hastanede da\u011f\u0131t\u0131m\u0131 yap\u0131lacak.<span> <\/span><\/p>\n<p> Kanser, glokom ya da Sa\u011fl\u0131k Bakanl\u0131\u011f\u0131&#8217;n\u0131n belirledi\u011fi kriterlere uygun hastal\u0131klar\u0131 olanlar esrar alabilecek.<\/p>\n<p> Vali Cuomo \u00c7ar\u015famba g\u00fcn\u00fc idari d\u00fczenlemeleri resmen a\u00e7\u0131klayacak.<\/span><span style=\"font-size: 11pt;\"> <\/span><\/p>\n","protected":false},"excerpt":{"rendered":"<p>ABD&#8217;nin New York eyaletinde a\u011f\u0131r hastalara s\u0131n\u0131rl\u0131 olarak esrar kullanma izni verilmesi planlan\u0131yor. 5 OCAK 2014 BBC http:\/\/www.bbc.co.uk\/turkce\/haberler\/2014\/01\/140105_new_york_esrar.shtml New York&#46;&#46;&#46;<\/p>\n","protected":false},"author":1,"featured_media":0,"comment_status":"closed","ping_status":"closed","sticky":false,"template":"","format":"standard","meta":{"_jetpack_memberships_contains_paid_content":false,"footnotes":""},"categories":[62],"tags":[],"class_list":["post-3099","post","type-post","status-publish","format-standard","hentry","category-sagliktan-haberler"],"aioseo_notices":[],"jetpack_featured_media_url":"","jetpack_sharing_enabled":true,"jetpack-related-posts":[],"_links":{"self":[{"href":"http:\/\/www.ced.org.tr\/index.php?rest_route=\/wp\/v2\/posts\/3099","targetHints":{"allow":["GET"]}}],"collection":[{"href":"http:\/\/www.ced.org.tr\/index.php?rest_route=\/wp\/v2\/posts"}],"about":[{"href":"http:\/\/www.ced.org.tr\/index.php?rest_route=\/wp\/v2\/types\/post"}],"author":[{"embeddable":true,"href":"http:\/\/www.ced.org.tr\/index.php?rest_route=\/wp\/v2\/users\/1"}],"replies":[{"embeddable":true,"href":"http:\/\/www.ced.org.tr\/index.php?rest_route=%2Fwp%2Fv2%2Fcomments&post=3099"}],"version-history":[{"count":0,"href":"http:\/\/www.ced.org.tr\/index.php?rest_route=\/wp\/v2\/posts\/3099\/revisions"}],"wp:attachment":[{"href":"http:\/\/www.ced.org.tr\/index.php?rest_route=%2Fwp%2Fv2%2Fmedia&parent=3099"}],"wp:term":[{"taxonomy":"category","embeddable":true,"href":"http:\/\/www.ced.org.tr\/index.php?rest_route=%2Fwp%2Fv2%2Fcategories&post=3099"},{"taxonomy":"post_tag","embeddable":true,"href":"http:\/\/www.ced.org.tr\/index.php?rest_route=%2Fwp%2Fv2%2Ftags&post=3099"}],"curies":[{"name":"wp","href":"https:\/\/api.w.org\/{rel}","templated":true}]}}