{"id":3101,"date":"2014-01-22T09:31:20","date_gmt":"2014-01-22T07:31:20","guid":{"rendered":"http:\/\/www.ced.org.tr\/?p=3101"},"modified":"2014-01-22T09:31:20","modified_gmt":"2014-01-22T07:31:20","slug":"iskence-alani-sokaklar-sempozyum-ve-forum","status":"publish","type":"post","link":"http:\/\/www.ced.org.tr\/?p=3101","title":{"rendered":"&#8220;\u0130\u015fkence Alan\u0131 Sokaklar&#8221; Sempozyum ve Forum"},"content":{"rendered":"<p><span style=\"font-size: 11.0pt; font-family: &quot;Calibri&quot;,&quot;sans-serif&quot;; mso-ascii-theme-font: minor-latin; mso-hansi-theme-font: minor-latin;\"><img loading=\"lazy\" decoding=\"async\" src=\"http:\/\/www.istanbuleczaciodasi.org.tr\/upload\/img\/20140121_foto.jpg\" border=\"0\" width=\"400\" height=\"480\" style=\"border: 0; vertical-align: middle; margin: 10px;\" \/><\/span><\/p>\n<p><span style=\"font-family: Calibri, sans-serif; font-size: 14.545454025268555px;\"><strong>Tarih: <\/strong>25 Ocak 2014\u00a0<strong>Saat:<\/strong> 11.00<br \/><strong>Yer: <\/strong><a href=\"http:\/\/sislibelediyesi.com\/site\/img\/kent_haritasi.html\">\u015ei\u015fli Kent K\u00fclt\u00fcr Merkezi<\/a><\/span><\/p>\n<p><em><span style=\"font-size: 11.0pt; font-family: &quot;Calibri&quot;,&quot;sans-serif&quot;; mso-ascii-theme-font: minor-latin; mso-hansi-theme-font: minor-latin;\">Etkinlik program\u0131 i\u00e7in <\/span><\/em><strong><span style=\"font-size: 11.0pt; font-family: &quot;Calibri&quot;,&quot;sans-serif&quot;; mso-ascii-theme-font: minor-latin; mso-hansi-theme-font: minor-latin;\"><a href=\"http:\/\/www.istanbuleczaciodasi.org.tr\/upload\/pdf\/20140121_program.pdf\"><em><span style=\"color: blue;\">t\u0131klay\u0131n\u0131z\u2026<\/span><\/em><\/a><\/span><\/strong><\/p>\n<p><strong><span style=\"font-size: 11.0pt; font-family: &quot;Calibri&quot;,&quot;sans-serif&quot;; mso-ascii-theme-font: minor-latin; mso-hansi-theme-font: minor-latin;\"><a href=\"sagliktan-haberler\/iskence-alani-sokaklar-toplumsal-olaylarda-kollugun-zor-kullanimi-etkileri-ve-sonuclari-sempozyum-ve-forumu-hakkinda\">B\u0130BER GAZI YASAKLANMALIDIR, \u00c7\u00dcNK\u00dc\u2026<\/a><\/span><\/strong><\/p>\n<p><span style=\"font-size: 11.0pt; font-family: &quot;Calibri&quot;,&quot;sans-serif&quot;; mso-ascii-theme-font: minor-latin; mso-hansi-theme-font: minor-latin;\"> <\/span><\/p>\n<p><span style=\"font-family: Calibri, sans-serif; font-size: 11pt;\">Asl\u0131nda sebebi sosyolojik, psikolojik, bilimsel verilerde araman\u0131n \u00f6tesinde, Berkin Elvan&#8217;\u0131n g\u00f6zlerinde bulabiliriz. G\u00f6steri kontrol ajanlar\u0131n\u0131n gerek biyolojik etkileri gerekse de ate\u015fli silah gibi kullan\u0131m\u0131 sonucunda yitirdiklerimizin g\u00f6zlerinde. Belki de gezi s\u00fcrecinde \u015fiddete maruz kalm\u0131\u015f b\u00fct\u00fcn dostlar\u0131m\u0131zda\u2026<\/span><\/p>\n<p><span style=\"font-family: Calibri, sans-serif; font-size: 11pt;\">Devlet ve onun ideolojik ayg\u0131tlar\u0131, g\u00fcc\u00fcn\u00fc sarsabilecek herhangi bir hareketle kar\u015f\u0131la\u015ft\u0131\u011f\u0131nda &#8220;do\u011fas\u0131 gere\u011fi&#8221; onu bast\u0131rmak i\u00e7in elinden geleni yapmaktad\u0131r. Bu anlamda kolluk g\u00fc\u00e7lerinin bu co\u011frafyada sicili pek kabar\u0131kt\u0131r. Gerek ate\u015fli silahlar\u0131n kullan\u0131m\u0131, gerek fiziksel g\u00fc\u00e7, gerekse de kimyasal silah kullan\u0131m\u0131.<\/span><\/p>\n<p><span style=\"font-size: 11.0pt; font-family: &quot;Calibri&quot;,&quot;sans-serif&quot;; mso-ascii-theme-font: minor-latin; mso-hansi-theme-font: minor-latin;\">Yayg\u0131n olarak &#8220;biber gaz\u0131&#8221; denip ge\u00e7i\u015ftiriliyor olsa da bu kimyasal, asl\u0131nda kollu\u011fun toplumsal olaylarda m\u00fcdahale iddias\u0131yla kulland\u0131\u011f\u0131 \u00e7e\u015fitli kimyasallardan, ajanlardan yaln\u0131zca birisi. Demokratik hak taleplerimizle her soka\u011fa \u00e7\u0131kt\u0131\u011f\u0131m\u0131zda maruz kald\u0131\u011f\u0131m\u0131z kimyasal, fiziksel, psikolojik \u015fiddetin bize ya\u015fatt\u0131\u011f\u0131 ruhsal ve bedensel tahribat\u0131n tam olarak fark\u0131nda m\u0131y\u0131z? Peki, bu m\u00fcdahale ajanlar\u0131n\u0131, bu kimyasal silahlar\u0131 yeterince tan\u0131yor muyuz? Yaln\u0131zca insana de\u011fil do\u011fadaki t\u00fcm canl\u0131lara olan etkisi nedir? Bizlere geli\u015fig\u00fczel uygulanan bu \u015fiddet ba\u015fl\u0131 ba\u015f\u0131na bir i\u015fkence y\u00f6ntemi de\u011filse nedir? &#8220;\u0130nsan hakk\u0131&#8221; ibaresi kullan\u0131ld\u0131\u011f\u0131nda \u00f6n\u00fcm\u00fcze barikatlar kurulan bir \u00fclkede sahi hi\u00e7 mi hakk\u0131m\u0131z yok bu maruziyetler, bu \u015fiddet kar\u015f\u0131s\u0131nda? Peki, t\u00fcm bu sorular\u0131n bir de hukuki a\u00e7\u0131dan de\u011ferlendirilmesi nas\u0131ld\u0131r?<\/span><\/p>\n<p><span style=\"font-size: 11.0pt; font-family: &quot;Calibri&quot;,&quot;sans-serif&quot;; mso-ascii-theme-font: minor-latin; mso-hansi-theme-font: minor-latin;\">Evde, i\u015fte, sokakta, okulda, meydanlarda, cezaevlerinde, parklarda\u2026 Bu \u015fiddete maruz kalm\u0131\u015f, kalan, kalacak olan herkesi 25 Ocak 2014&#8217;te saat 11.00&#8217;de \u015ei\u015fli Kent K\u00fclt\u00fcr Merkezi&#8217;nde ger\u00e7ekle\u015ftirece\u011fimiz &#8220;\u0130\u015fkence Alan\u0131 Sokaklar :&#8221;Toplumsal Olaylarda Kollu\u011fun Zor Kullan\u0131m\u0131, Etkileri ve Sonu\u00e7lar\u0131&#8221; sempozyum &#8211; forumuna, bu konuda birlikte kafa yormaya, bu i\u015fkenceye birlikte &#8220;dur&#8221; demeye \u00e7a\u011f\u0131r\u0131yoruz.<\/span><\/p>\n<p><span style=\"font-size: 11.0pt; font-family: &quot;Calibri&quot;,&quot;sans-serif&quot;; mso-ascii-theme-font: minor-latin; mso-hansi-theme-font: minor-latin;\"> <\/span><\/p>\n<p><em><strong><span style=\"font-size: 11.0pt; font-family: &quot;Calibri&quot;,&quot;sans-serif&quot;; mso-ascii-theme-font: minor-latin; mso-hansi-theme-font: minor-latin;\">TMMOB Kimya M\u00fchendisleri Odas\u0131 \u0130stanbul \u015eubesi<br \/> \u0130stanbul Tabip Odas\u0131<br \/> \u0130stanbul Eczac\u0131 Odas\u0131<br \/> \u00c7a\u011fda\u015f Hukuk\u00e7ular Derne\u011fi<br \/> \u0130nsan Haklar\u0131 Derne\u011fi<br \/> T\u00fcrkiye \u0130nsan Haklar\u0131 Vakf\u0131<br \/> Toplumsal Dayan\u0131\u015fma \u0130\u00e7in Psikologlar Derne\u011fi<\/span><\/strong><\/em><\/p>\n<p>\u00a0<\/p>\n","protected":false},"excerpt":{"rendered":"<p>Tarih: 25 Ocak 2014\u00a0Saat: 11.00Yer: \u015ei\u015fli Kent K\u00fclt\u00fcr Merkezi Etkinlik program\u0131 i\u00e7in t\u0131klay\u0131n\u0131z\u2026 B\u0130BER GAZI YASAKLANMALIDIR, \u00c7\u00dcNK\u00dc\u2026 Asl\u0131nda sebebi sosyolojik,&#46;&#46;&#46;<\/p>\n","protected":false},"author":1,"featured_media":0,"comment_status":"closed","ping_status":"closed","sticky":false,"template":"","format":"standard","meta":{"_jetpack_memberships_contains_paid_content":false,"footnotes":""},"categories":[62],"tags":[],"class_list":["post-3101","post","type-post","status-publish","format-standard","hentry","category-sagliktan-haberler"],"aioseo_notices":[],"jetpack_featured_media_url":"","jetpack_sharing_enabled":true,"jetpack-related-posts":[],"_links":{"self":[{"href":"http:\/\/www.ced.org.tr\/index.php?rest_route=\/wp\/v2\/posts\/3101","targetHints":{"allow":["GET"]}}],"collection":[{"href":"http:\/\/www.ced.org.tr\/index.php?rest_route=\/wp\/v2\/posts"}],"about":[{"href":"http:\/\/www.ced.org.tr\/index.php?rest_route=\/wp\/v2\/types\/post"}],"author":[{"embeddable":true,"href":"http:\/\/www.ced.org.tr\/index.php?rest_route=\/wp\/v2\/users\/1"}],"replies":[{"embeddable":true,"href":"http:\/\/www.ced.org.tr\/index.php?rest_route=%2Fwp%2Fv2%2Fcomments&post=3101"}],"version-history":[{"count":0,"href":"http:\/\/www.ced.org.tr\/index.php?rest_route=\/wp\/v2\/posts\/3101\/revisions"}],"wp:attachment":[{"href":"http:\/\/www.ced.org.tr\/index.php?rest_route=%2Fwp%2Fv2%2Fmedia&parent=3101"}],"wp:term":[{"taxonomy":"category","embeddable":true,"href":"http:\/\/www.ced.org.tr\/index.php?rest_route=%2Fwp%2Fv2%2Fcategories&post=3101"},{"taxonomy":"post_tag","embeddable":true,"href":"http:\/\/www.ced.org.tr\/index.php?rest_route=%2Fwp%2Fv2%2Ftags&post=3101"}],"curies":[{"name":"wp","href":"https:\/\/api.w.org\/{rel}","templated":true}]}}