{"id":3104,"date":"2014-02-11T14:52:28","date_gmt":"2014-02-11T12:52:28","guid":{"rendered":"http:\/\/www.ced.org.tr\/?p=3104"},"modified":"2014-02-11T14:52:28","modified_gmt":"2014-02-11T12:52:28","slug":"biber-gazi-yasaklansin-insiyatifi","status":"publish","type":"post","link":"http:\/\/www.ced.org.tr\/?p=3104","title":{"rendered":"B\u0130ber Gaz\u0131 Yasaklans\u0131n \u0130nsiyatifi"},"content":{"rendered":"<p class=\"MsoNormal\" style=\"background-position: initial initial; background-repeat: initial initial;\"><strong><span style=\"font-family: &quot;Arial&quot;,&quot;sans-serif&quot;; mso-fareast-font-family: &quot;Times New Roman&quot;; color: #222222; mso-fareast-language: TR;\">\u0130nsan haklar\u0131 \u00f6rg\u00fctleri, hukuk\u00e7ular ve meslek odalar\u0131n\u0131n kurdu\u011fu Biber Gaz\u0131 \u0130nisiyatifi ilk kampanyas\u0131n\u0131 \u201cKollu\u011fun \u0130\u015fkence Ara\u00e7lar\u0131 Yasaklanmal\u0131d\u0131r\u201d ad\u0131yla ba\u015flatt\u0131, t\u00fcm kurum ve ki\u015filere katk\u0131 verme \u00e7a\u011f\u0131r\u0131s\u0131 yapt\u0131 <\/span><\/strong><\/p>\n<p class=\"MsoNormal\" style=\"background-position: initial initial; background-repeat: initial initial;\"><span style=\"font-family: &quot;Arial&quot;,&quot;sans-serif&quot;; mso-fareast-font-family: &quot;Times New Roman&quot;; color: #222222; mso-fareast-language: TR;\">Biber Gaz\u0131 Yasaklans\u0131n \u0130nisiyatifi ad\u0131 alt\u0131nda bir araya gelen yedi sivil toplum \u00f6rg\u00fct\u00fc bug\u00fcn yapt\u0131klar\u0131 bas\u0131n a\u00e7\u0131klamas\u0131nda 25 Ocak\u2019ta ger\u00e7ekle\u015ftirdikleri &#8220;\u0130\u015fkence Alan\u0131 Sokaklar&#8221; adl\u0131 sempozyum-forumun deklarasyonunu a\u00e7\u0131klad\u0131, \u201cKollu\u011fun \u0130\u015fkence Ara\u00e7lar\u0131 Yasaklanmal\u0131d\u0131r\u201d kampanyas\u0131n\u0131 ba\u015flatt\u0131klar\u0131n\u0131 duyurdu.<\/p>\n<p><\/span><\/p>\n<p class=\"MsoNormal\" style=\"background-position: initial initial; background-repeat: initial initial;\"><span style=\"font-family: &quot;Arial&quot;,&quot;sans-serif&quot;; mso-fareast-font-family: &quot;Times New Roman&quot;; color: #222222; mso-fareast-language: TR;\">\u0130nsan Haklar\u0131 Derne\u011fi (\u0130HD), \u0130stanbul Tabip Odas\u0131 (\u0130TO), \u0130stanbul Eczac\u0131lar Odas\u0131 (\u0130EO), T\u00fcrkiye \u0130nsan Haklar\u0131 Vakf\u0131\u00a0 (TH\u0130V), \u00c7a\u011fda\u015f Hukuk\u00e7ular Derne\u011fi (\u00c7HD), Toplumsal Dayan\u0131\u015fma i\u00e7in Psikologlar Derne\u011fi (TODAP) ve TMMOB Kimya M\u00fchendisleri Odas\u0131 \u0130stanbul \u015eubesi\u2019nden olu\u015fan \u0130nisiyatif\u2019in bas\u0131n toplant\u0131s\u0131 \u0130stanbul Eczac\u0131lar Odas\u0131 Galatasaray K\u00fclt\u00fcr Merkezi\u2019nde ger\u00e7ekle\u015fti.<\/span><\/p>\n<p class=\"MsoNormal\" style=\"background-position: initial initial; background-repeat: initial initial;\"><span style=\"font-family: &quot;Arial&quot;,&quot;sans-serif&quot;; mso-fareast-font-family: &quot;Times New Roman&quot;; color: #222222; mso-fareast-language: TR;\"><a href=\"http:\/\/www.bianet.org\/bianet\/insan-haklari\/153403-polisin-zor-kullanim-araclari-yasaklansin\" target=\"_blank\"><span style=\"color: #1155cc;\">http:\/\/www.bianet.org\/bianet\/insan-haklari\/153403-polisin-zor-kullanim-araclari-yasaklansin<\/span><\/a><\/span><\/p>\n<p class=\"MsoNormal\" style=\"background-position: initial initial; background-repeat: initial initial;\"><span style=\"font-family: &quot;Arial&quot;,&quot;sans-serif&quot;; mso-fareast-font-family: &quot;Times New Roman&quot;; color: #222222; mso-fareast-language: TR;\">\u0130nisiyatif biber gaz\u0131n\u0131n \u00f6ld\u00fcr\u00fcc\u00fc oldu\u011funu tekrarlad\u0131, ba\u015fta biber gaz\u0131 olmak \u00fczere t\u00fcm zor kullan\u0131m ara\u00e7lar\u0131n\u0131n insan haklar\u0131na ayk\u0131r\u0131 oldu\u011funu s\u00f6ylerken bu kimyasallar\u0131n kullan\u0131ld\u0131\u011f\u0131 toplant\u0131 ve g\u00f6steri y\u00fcr\u00fcy\u00fc\u015f\u00fcn\u00fcn anayasal hak oldu\u011funu vurgulad\u0131.<\/span><\/p>\n<p class=\"MsoNormal\" style=\"background-position: initial initial; background-repeat: initial initial;\"><strong><span style=\"font-family: &quot;Arial&quot;,&quot;sans-serif&quot;; mso-fareast-font-family: &quot;Times New Roman&quot;; color: #222222; mso-fareast-language: TR;\">Kampanyaya destek \u00e7a\u011fr\u0131s\u0131<\/span><\/strong><\/p>\n<p class=\"MsoNormal\" style=\"background-position: initial initial; background-repeat: initial initial;\"><span style=\"font-family: &quot;Arial&quot;,&quot;sans-serif&quot;; mso-fareast-font-family: &quot;Times New Roman&quot;; color: #222222; mso-fareast-language: TR;\">Biber gaz\u0131 ba\u015fta olmak \u00fczere t\u00fcm kimyasal silahlar\u0131n, elektro \u015fok aletlerinin, plastik mermilerin yasaklanmas\u0131, toplumsal olaylarda g\u00f6revli kolluk g\u00fcc\u00fcne ger\u00e7ek mermi ta\u015f\u0131yan silahlar verilmemesi, bug\u00fcne dek i\u015flenen su\u00e7lar\u0131n failleri ve azmetticilerinin yarg\u0131lanmas\u0131n\u0131 sa\u011flamak i\u00e7in t\u00fcm demokratik kurum ve ki\u015fileri kampanyaya katk\u0131 vermeye davet etti.<\/span><\/p>\n<p class=\"MsoNormal\" style=\"background-position: initial initial; background-repeat: initial initial;\"><span style=\"font-family: &quot;Arial&quot;,&quot;sans-serif&quot;; mso-fareast-font-family: &quot;Times New Roman&quot;; color: #222222; mso-fareast-language: TR;\">Kampanya kapsam\u0131nda t\u00fcm zor kullan\u0131m ama\u00e7lar\u0131n\u0131n yasaklanmas\u0131 i\u00e7in bilimsel ve akademik tart\u0131\u015fmalar, yurtd\u0131\u015f\u0131ndaki kampanyalarla ba\u011flant\u0131, T\u00fcrkiye\u2019ye biber gaz\u0131 sa\u011flayan \u00fclkelere y\u00f6nelik \u00e7al\u0131\u015fmalar, imza kampanyalar\u0131 ve eylemler yap\u0131lmas\u0131 planlan\u0131yor. \u0130nisiyatif\u2019in bug\u00fcn yay\u0131na giren bir de internet sitesi var.\u00a0<a href=\"http:\/\/bibergaziyasaklansin.net\/\" target=\"_blank\"><span style=\"color: #1155cc;\">http:\/\/bibergaziyasaklansin.net<\/span><\/a><\/span><\/p>\n<p class=\"MsoNormal\" style=\"background-position: initial initial; background-repeat: initial initial;\"><strong><span style=\"font-family: &quot;Arial&quot;,&quot;sans-serif&quot;; mso-fareast-font-family: &quot;Times New Roman&quot;; color: #222222; mso-fareast-language: TR;\">Biber gaz\u0131na kar\u015f\u0131 m\u00fccadele 1966\u2019da ba\u015flad\u0131<\/span><\/strong><\/p>\n<p class=\"MsoNormal\" style=\"background-position: initial initial; background-repeat: initial initial;\"><span style=\"font-family: &quot;Arial&quot;,&quot;sans-serif&quot;; mso-fareast-font-family: &quot;Times New Roman&quot;; color: #222222; mso-fareast-language: TR;\">\u0130TO Genel Sekreteri Ali \u00c7erkezo\u011flu sempozyumun deklarasyonunu a\u00e7\u0131klayarak kampanya hakk\u0131nda bilgi verdi.<\/span><\/p>\n<p class=\"MsoNormal\" style=\"background-position: initial initial; background-repeat: initial initial;\"><span style=\"font-family: &quot;Arial&quot;,&quot;sans-serif&quot;; mso-fareast-font-family: &quot;Times New Roman&quot;; color: #222222; mso-fareast-language: TR;\">Kullan\u0131lmas\u0131n\u0131 yasaklanmas\u0131n\u0131 talep ettikleri ara\u00e7lar\u0131n ba\u015f\u0131nda kimyasal silahlar\u0131n oldu\u011funu s\u00f6yleyen \u00c7erkezo\u011flu Halep\u00e7e\u2019de, K\u00fcrt illerinde, cezaevi operasyonlar\u0131nda ve son olarak da demokratik taleplerini ifade eden insanlara y\u00f6nelik olarak Gezi Direni\u015fi\u2019nde kar\u015f\u0131m\u0131za \u00e7\u0131kan bu silahlar\u0131n kullan\u0131m\u0131n\u0131n yasal olmad\u0131\u011f\u0131n\u0131 s\u00f6yledi.<\/span><\/p>\n<p class=\"MsoNormal\" style=\"background-position: initial initial; background-repeat: initial initial;\"><span style=\"font-family: &quot;Arial&quot;,&quot;sans-serif&quot;; mso-fareast-font-family: &quot;Times New Roman&quot;; color: #222222; mso-fareast-language: TR;\">\u00d6l\u00fcmc\u00fcl etkileri oldu\u011funu vurgulad\u0131\u011f\u0131 kimyasal silahlar\u0131n kullan\u0131lmas\u0131n\u0131 \u00a0engellemeye dair \u00e7abalar\u0131n 1966 y\u0131l\u0131ndan itibaren s\u00fcrd\u00fc\u011f\u00fcn\u00fc anlatan \u00c7erkezo\u011flu, ba\u015flatt\u0131klar\u0131 kampanyan\u0131n da bu konuda \u00f6nemli oldu\u011funu s\u00f6yledi.<\/span><\/p>\n<p class=\"MsoNormal\" style=\"background-position: initial initial; background-repeat: initial initial;\"><span style=\"font-family: &quot;Arial&quot;,&quot;sans-serif&quot;; mso-fareast-font-family: &quot;Times New Roman&quot;; color: #222222; mso-fareast-language: TR;\">\u0130HD \u0130stanbul \u015eube Ba\u015fkan\u0131 \u00dcmit Efe ve TH\u0130V\u2019den H\u00fcrriyet \u015eener ve \u0130EO Y\u00f6netim Kurulu \u00fcyesi Sevgi Kavak\u00a0kimyasal ajanlar olarak tarif edilen bu silahlar\u0131n kullan\u0131m\u0131n\u0131n zararl\u0131 etkilerine de\u011finip insan haklar\u0131na ayk\u0131r\u0131 oldu\u011funu belirtti, Kimya M\u00fchendisleri Odas\u0131\u2019nda Onur G\u00f6kulu, akademisyenlere bu silahlar\u0131n kimyasal boyutuyla ilgili \u00e7al\u0131\u015fmalara e\u011filmesi \u00e7a\u011fr\u0131s\u0131 yapt\u0131. <\/span><\/p>\n<p class=\"MsoNormal\" style=\"background-position: initial initial; background-repeat: initial initial;\"><strong><span style=\"font-family: &quot;Arial&quot;,&quot;sans-serif&quot;; mso-fareast-font-family: &quot;Times New Roman&quot;; color: #222222; mso-fareast-language: TR;\">\u201cToplum travmatize oldu\u201d<\/span><\/strong><\/p>\n<p class=\"MsoNormal\" style=\"background-position: initial initial; background-repeat: initial initial;\"><span style=\"font-family: &quot;Arial&quot;,&quot;sans-serif&quot;; mso-fareast-font-family: &quot;Times New Roman&quot;; color: #222222; mso-fareast-language: TR;\">Sempozyum-forumun deklerasyonunda da yer alan zor kullan\u0131m ara\u00e7lar\u0131n\u0131n kullan\u0131m\u0131n\u0131n yaratt\u0131\u011f\u0131 psikolojik zararlara ise TODAP\u2019Tan P\u0131nar \u00d6nen de\u011findi.<\/span><\/p>\n<p class=\"MsoNormal\" style=\"background-position: initial initial; background-repeat: initial initial;\"><span style=\"font-family: &quot;Arial&quot;,&quot;sans-serif&quot;; mso-fareast-font-family: &quot;Times New Roman&quot;; color: #222222; mso-fareast-language: TR;\">\u00d6nen, Gezi Direni\u015fi\u2019nde \u00f6l\u00fcmler ve yaralanmalar\u0131n hem kay\u0131p yak\u0131nlar\u0131, hem yaralananlar hem de televizyondan bile olsa tan\u0131k olan herkesi travmatize etti\u011fini s\u00f6yledi.<\/span><\/p>\n<p>\u00a0<\/p>\n<p class=\"MsoNormal\" style=\"background-position: initial initial; background-repeat: initial initial;\"><span style=\"font-family: &quot;Arial&quot;,&quot;sans-serif&quot;; mso-fareast-font-family: &quot;Times New Roman&quot;; color: #222222; mso-fareast-language: TR;\">\u201cAlanlara \u00e7\u0131kma hakk\u0131m\u0131z var. Ruh sa\u011fl\u0131\u011f\u0131m\u0131z i\u00e7in kendimizi ifade etmemiz, alana \u00e7\u0131kt\u0131\u011f\u0131m\u0131zda \u015fiddetle kar\u015f\u0131la\u015fmam\u0131z gerekir. Hem kay\u0131p yak\u0131nlar\u0131, yaralananlar ve tan\u0131klarda g\u00f6r\u00fclen travman\u0131n son bulmas\u0131, hem de direni\u015f ve s\u00f6z s\u00f6yleme hakk\u0131m\u0131z\u0131 savunmak i\u00e7in t\u00fcm zor kullan\u0131m ara\u00e7lar\u0131n\u0131n yasaklanmas\u0131n\u0131 istiyoruz.\u201d (BK)<\/span><\/p>\n","protected":false},"excerpt":{"rendered":"<p>\u0130nsan haklar\u0131 \u00f6rg\u00fctleri, hukuk\u00e7ular ve meslek odalar\u0131n\u0131n kurdu\u011fu Biber Gaz\u0131 \u0130nisiyatifi ilk kampanyas\u0131n\u0131 \u201cKollu\u011fun \u0130\u015fkence Ara\u00e7lar\u0131 Yasaklanmal\u0131d\u0131r\u201d ad\u0131yla ba\u015flatt\u0131, t\u00fcm&#46;&#46;&#46;<\/p>\n","protected":false},"author":1,"featured_media":0,"comment_status":"closed","ping_status":"closed","sticky":false,"template":"","format":"standard","meta":{"_jetpack_memberships_contains_paid_content":false,"footnotes":""},"categories":[62],"tags":[],"class_list":["post-3104","post","type-post","status-publish","format-standard","hentry","category-sagliktan-haberler"],"aioseo_notices":[],"jetpack_featured_media_url":"","jetpack_sharing_enabled":true,"jetpack-related-posts":[],"_links":{"self":[{"href":"http:\/\/www.ced.org.tr\/index.php?rest_route=\/wp\/v2\/posts\/3104","targetHints":{"allow":["GET"]}}],"collection":[{"href":"http:\/\/www.ced.org.tr\/index.php?rest_route=\/wp\/v2\/posts"}],"about":[{"href":"http:\/\/www.ced.org.tr\/index.php?rest_route=\/wp\/v2\/types\/post"}],"author":[{"embeddable":true,"href":"http:\/\/www.ced.org.tr\/index.php?rest_route=\/wp\/v2\/users\/1"}],"replies":[{"embeddable":true,"href":"http:\/\/www.ced.org.tr\/index.php?rest_route=%2Fwp%2Fv2%2Fcomments&post=3104"}],"version-history":[{"count":0,"href":"http:\/\/www.ced.org.tr\/index.php?rest_route=\/wp\/v2\/posts\/3104\/revisions"}],"wp:attachment":[{"href":"http:\/\/www.ced.org.tr\/index.php?rest_route=%2Fwp%2Fv2%2Fmedia&parent=3104"}],"wp:term":[{"taxonomy":"category","embeddable":true,"href":"http:\/\/www.ced.org.tr\/index.php?rest_route=%2Fwp%2Fv2%2Fcategories&post=3104"},{"taxonomy":"post_tag","embeddable":true,"href":"http:\/\/www.ced.org.tr\/index.php?rest_route=%2Fwp%2Fv2%2Ftags&post=3104"}],"curies":[{"name":"wp","href":"https:\/\/api.w.org\/{rel}","templated":true}]}}