{"id":3109,"date":"2014-04-21T14:33:35","date_gmt":"2014-04-21T11:33:35","guid":{"rendered":"http:\/\/www.ced.org.tr\/?p=3109"},"modified":"2014-05-14T02:40:36","modified_gmt":"2014-05-13T23:40:36","slug":"gss-sagliksizlastiriyor-yoksullastiriyor-guvencesizlestiriyor","status":"publish","type":"post","link":"http:\/\/www.ced.org.tr\/?p=3109","title":{"rendered":"GSS sa\u011fl\u0131ks\u0131zla\u015ft\u0131r\u0131yor, yoksulla\u015ft\u0131r\u0131yor, g\u00fcvencesizle\u015ftiriyor"},"content":{"rendered":"<p class=\"MsoNormal\" style=\"background: white;\"><span style=\"font-size: 11.0pt; font-family: Arial; mso-fareast-font-family: 'Times New Roman'; color: #222222; mso-ansi-language: EN-US;\">21 nisan 2014<\/span><\/p>\n<p class=\"MsoNormal\" style=\"mso-margin-top-alt: auto; mso-margin-bottom-alt: auto; background: white;\"><strong><span style=\"font-size: 11.0pt; font-family: Arial; color: #222222; mso-ansi-language: EN-US;\">Dr. Erg\u00fcn Demir ve Dr. G\u00fcray K\u0131l\u0131\u00e7\u2019\u0131n belirlemelerine g\u00f6re Genel Sa\u011fl\u0131k Sigortas\u0131 (GSS) primlerini \u00f6deyemeyen ve sa\u011fl\u0131k kurumlar\u0131ndan yeterince sa\u011fl\u0131k hizmeti alamayan insan say\u0131s\u0131 994 bin 46 artt\u0131.<\/span><\/strong><!--more--><\/p>\n<p class=\"MsoNormal\" style=\"mso-margin-top-alt: auto; mso-margin-bottom-alt: auto; background: white;\"><span style=\"font-size: 11.0pt; font-family: Arial; color: #222222; mso-ansi-language: EN-US;\">Cumhuriyet\u2019ten \u015eehriban K\u0131ra\u00e7\u2019\u0131n haberine g\u00f6re 2012\u2019de zorunlu GSS\u2019nin hayata ge\u00e7irilmesiyle birlikte Ye\u015fil Kart uygulamas\u0131na son verildi. Sosyal g\u00fcvenlik \u015femsiyesi alt\u0131nda olmayan t\u00fcm yurtta\u015flar zorunlu olarak gelir testine tabi tutuluyor. GSS gelir testi i\u015flemleri, 01.01.2012\u2019den sosyal yard\u0131mla\u015fma ve dayan\u0131\u015fma vak\u0131flar\u0131 taraf\u0131ndan \u2018b\u00fct\u00fcnle\u015fik sosyal yard\u0131m hizmetleri bilgi sistemi\u2019 \u00fczerinden y\u00fcr\u00fct\u00fcl\u00fcyor. Ki\u015fi ba\u015f\u0131na d\u00fc\u015fen ayl\u0131k geliri br\u00fct asgari \u00fccretin \u00fc\u00e7te birinden y\u00fcksek olanlar GSS\u2019den yararlanmak i\u00e7in prim \u00f6demek zorunda b\u0131rak\u0131l\u0131rken geliri br\u00fct asgari \u00fccretin \u00fc\u00e7te birinin alt\u0131nda olan yurtta\u015flar\u0131n primleri ise genel b\u00fct\u00e7eden kar\u015f\u0131lan\u0131yor.<\/span><\/p>\n<p class=\"MsoNormal\" style=\"mso-margin-top-alt: auto; mso-margin-bottom-alt: auto; background: white;\"><span style=\"font-size: 11.0pt; font-family: Arial; color: #222222; mso-ansi-language: EN-US;\">Dr. Demir ve Dr. K\u0131l\u0131\u00e7\u2019a g\u00f6re SGK\u2019nin ayl\u0131k temel g\u00f6sterge b\u00fclteninin AKP\u2019nin s\u00f6yledi\u011fi gibi \u00fclkede t\u00fcm yurtta\u015flar i\u00e7in sosyoekonomik d\u00fczey ve refah\u0131n\u0131n artmad\u0131\u011f\u0131n\u0131 ortaya koyuyor. S\u00f6ylemlerin aksine aile i\u00e7indeki gelirin ki\u015fi ba\u015f\u0131na d\u00fc\u015fen ayl\u0131k tutar\u0131 br\u00fct 343 TL\u2019nin alt\u0131nda olanlar\u0131n say\u0131s\u0131 bir y\u0131lda 994 bin 46 ki\u015fi artt\u0131. Demir ve K\u0131l\u0131\u00e7, \u00fclkenin resmi kurumlar\u0131n\u0131n da T\u00fcrkiye\u2019de ya\u015fayan yurtta\u015flar\u0131n giderek daha da yoksulla\u015ft\u0131\u011f\u0131n\u0131 ortaya koydu\u011funu ifade ederek \u201cZenginle\u015ftik propagandas\u0131 yapanlar\u0131n gizlemeye \u00e7al\u0131\u015ft\u0131klar\u0131 yoksulluk art\u0131k saklanamayacak kadar yayg\u0131n ve alenidir. Yap\u0131lacak olan; yoksullu\u011fa ve sefalete tevekk\u00fcl etmek de\u011fil, ger\u00e7e\u011fin \u00fczerine \u00f6rtt\u00fckleri yalan perdesini y\u0131rt\u0131p atmak, yoksullar\u0131n, ezilenlerin kitlesel olarak sistemi sorgulamalar\u0131n\u0131 sa\u011flamak, e\u015fitlik ve \u00f6zg\u00fcrl\u00fck temelinde T\u00fcrkiye\u2019nin yeniden kurulma m\u00fccadelesini birlikte y\u00fckseltmektir\u201d a\u00e7\u0131klamas\u0131n\u0131 yapt\u0131lar.<\/span><\/p>\n<p class=\"MsoNormal\" style=\"mso-margin-top-alt: auto; mso-margin-bottom-alt: auto; background: white;\"><strong><span style=\"font-size: 11.0pt; font-family: Arial; color: #222222; mso-ansi-language: EN-US;\">Sendika.Org<\/span><\/strong><\/p>\n","protected":false},"excerpt":{"rendered":"<p>21 nisan 2014 Dr. Erg\u00fcn Demir ve Dr. G\u00fcray K\u0131l\u0131\u00e7\u2019\u0131n belirlemelerine g\u00f6re Genel Sa\u011fl\u0131k Sigortas\u0131 (GSS) primlerini \u00f6deyemeyen ve sa\u011fl\u0131k&#46;&#46;&#46;<\/p>\n","protected":false},"author":1,"featured_media":0,"comment_status":"closed","ping_status":"closed","sticky":false,"template":"","format":"standard","meta":{"_jetpack_memberships_contains_paid_content":false,"footnotes":""},"categories":[62],"tags":[],"class_list":["post-3109","post","type-post","status-publish","format-standard","hentry","category-sagliktan-haberler"],"aioseo_notices":[],"jetpack_featured_media_url":"","jetpack_sharing_enabled":true,"jetpack-related-posts":[],"_links":{"self":[{"href":"http:\/\/www.ced.org.tr\/index.php?rest_route=\/wp\/v2\/posts\/3109","targetHints":{"allow":["GET"]}}],"collection":[{"href":"http:\/\/www.ced.org.tr\/index.php?rest_route=\/wp\/v2\/posts"}],"about":[{"href":"http:\/\/www.ced.org.tr\/index.php?rest_route=\/wp\/v2\/types\/post"}],"author":[{"embeddable":true,"href":"http:\/\/www.ced.org.tr\/index.php?rest_route=\/wp\/v2\/users\/1"}],"replies":[{"embeddable":true,"href":"http:\/\/www.ced.org.tr\/index.php?rest_route=%2Fwp%2Fv2%2Fcomments&post=3109"}],"version-history":[{"count":1,"href":"http:\/\/www.ced.org.tr\/index.php?rest_route=\/wp\/v2\/posts\/3109\/revisions"}],"predecessor-version":[{"id":3891,"href":"http:\/\/www.ced.org.tr\/index.php?rest_route=\/wp\/v2\/posts\/3109\/revisions\/3891"}],"wp:attachment":[{"href":"http:\/\/www.ced.org.tr\/index.php?rest_route=%2Fwp%2Fv2%2Fmedia&parent=3109"}],"wp:term":[{"taxonomy":"category","embeddable":true,"href":"http:\/\/www.ced.org.tr\/index.php?rest_route=%2Fwp%2Fv2%2Fcategories&post=3109"},{"taxonomy":"post_tag","embeddable":true,"href":"http:\/\/www.ced.org.tr\/index.php?rest_route=%2Fwp%2Fv2%2Ftags&post=3109"}],"curies":[{"name":"wp","href":"https:\/\/api.w.org\/{rel}","templated":true}]}}