{"id":3113,"date":"2012-09-12T20:43:28","date_gmt":"2012-09-12T17:43:28","guid":{"rendered":"http:\/\/www.ced.org.tr\/?p=3113"},"modified":"2012-09-12T20:43:28","modified_gmt":"2012-09-12T17:43:28","slug":"12-eylul-utanc-muzesi","status":"publish","type":"post","link":"http:\/\/www.ced.org.tr\/?p=3113","title":{"rendered":"&#8217;12 Eyl\u00fcl Utan\u00e7 M\u00fczesi&#8217;"},"content":{"rendered":"<p><strong style=\"color: #222222; font-family: arial, sans-serif; font-size: 12.666666984558105px; \"> <\/strong><\/p>\n<h1><img loading=\"lazy\" decoding=\"async\" src=\"http:\/\/www.78liler.org\/78web\/haberresim\/12%20eyl%C3%BCl%20utan%C3%A7%20m%C3%BCzes%C4%B0.jpg\" border=\"0\" width=\"150\" height=\"150\" style=\"float: left; margin: 6px;\" \/><\/h1>\n<h1><span style=\"font-family: arial, sans-serif; color: #222222;\"><span style=\"font-size: 12.666666984558105px;\"><br \/><span style=\"font-family: arial, sans-serif; color: #222222;\"><span style=\"font-size: 12.666666984558105px;\">M\u00fczede 1980 darbesiyle cezaevine girenlerin, hayatlar\u0131n\u0131 kaybedenlerin isimleri, hayat hikayeleri, mektuplar\u0131 ve foto\u011fraflar\u0131 yer al\u0131yor.<\/span><\/span><\/span><\/span><\/h1>\n<h1><span style=\"font-family: arial, sans-serif; color: #222222;\"><span style=\"font-size: 12.666666984558105px; font-weight: normal;\">M\u00fczeyi a\u00e7ma ama\u00e7lar\u0131n\u0131n 12 Eyl\u00fcl\u2019\u00fcn utan\u00e7 tablosunu herkese g\u00f6stermek ve tarihin karanl\u0131k y\u00fcz\u00fcn\u00fc ayd\u0131nlatmak oldu\u011funu s\u00f6yleyen 78&#8217;liler ;Bu m\u00fcze \u00a0fa\u015fizmin izlerini g\u00f6steriyor. 12 Eyl\u00fcl barbarl\u0131\u011f\u0131n\u0131, insana de\u011fer vermezli\u011fini g\u00f6zler \u00f6n\u00fcne seriyor.<\/span><\/span><\/h1>\n","protected":false},"excerpt":{"rendered":"<p>M\u00fczede 1980 darbesiyle cezaevine girenlerin, hayatlar\u0131n\u0131 kaybedenlerin isimleri, hayat hikayeleri, mektuplar\u0131 ve foto\u011fraflar\u0131 yer al\u0131yor. M\u00fczeyi a\u00e7ma ama\u00e7lar\u0131n\u0131n 12 Eyl\u00fcl\u2019\u00fcn&#46;&#46;&#46;<\/p>\n","protected":false},"author":1,"featured_media":0,"comment_status":"closed","ping_status":"closed","sticky":false,"template":"","format":"standard","meta":{"_jetpack_memberships_contains_paid_content":false,"footnotes":""},"categories":[61],"tags":[],"class_list":["post-3113","post","type-post","status-publish","format-standard","hentry","category-kultur-sanat"],"aioseo_notices":[],"jetpack_featured_media_url":"","jetpack_sharing_enabled":true,"jetpack-related-posts":[],"_links":{"self":[{"href":"http:\/\/www.ced.org.tr\/index.php?rest_route=\/wp\/v2\/posts\/3113","targetHints":{"allow":["GET"]}}],"collection":[{"href":"http:\/\/www.ced.org.tr\/index.php?rest_route=\/wp\/v2\/posts"}],"about":[{"href":"http:\/\/www.ced.org.tr\/index.php?rest_route=\/wp\/v2\/types\/post"}],"author":[{"embeddable":true,"href":"http:\/\/www.ced.org.tr\/index.php?rest_route=\/wp\/v2\/users\/1"}],"replies":[{"embeddable":true,"href":"http:\/\/www.ced.org.tr\/index.php?rest_route=%2Fwp%2Fv2%2Fcomments&post=3113"}],"version-history":[{"count":0,"href":"http:\/\/www.ced.org.tr\/index.php?rest_route=\/wp\/v2\/posts\/3113\/revisions"}],"wp:attachment":[{"href":"http:\/\/www.ced.org.tr\/index.php?rest_route=%2Fwp%2Fv2%2Fmedia&parent=3113"}],"wp:term":[{"taxonomy":"category","embeddable":true,"href":"http:\/\/www.ced.org.tr\/index.php?rest_route=%2Fwp%2Fv2%2Fcategories&post=3113"},{"taxonomy":"post_tag","embeddable":true,"href":"http:\/\/www.ced.org.tr\/index.php?rest_route=%2Fwp%2Fv2%2Ftags&post=3113"}],"curies":[{"name":"wp","href":"https:\/\/api.w.org\/{rel}","templated":true}]}}