{"id":3114,"date":"2012-09-12T20:47:49","date_gmt":"2012-09-12T17:47:49","guid":{"rendered":"http:\/\/www.ced.org.tr\/?p=3114"},"modified":"2012-09-12T20:47:49","modified_gmt":"2012-09-12T17:47:49","slug":"sehrin-caz-hali-3-21-ekim","status":"publish","type":"post","link":"http:\/\/www.ced.org.tr\/?p=3114","title":{"rendered":"\u015eehrin caz hali \/ 3-21 Ekim"},"content":{"rendered":"<p><strong>3-21 Ekim 2012<\/strong><\/p>\n<p><strong style=\"color: #222222; font-family: arial, sans-serif; font-size: 12.666666984558105px;\"> <\/strong><\/p>\n<p style=\"display: inline !important;\"><strong style=\"color: #222222; font-family: arial, sans-serif; font-size: 12.666666984558105px;\">Caz \u015fehrin ta kendisidir. Karma\u015f\u0131k, s\u0131ra d\u0131\u015f\u0131, h\u0131zl\u0131, mutlu, h\u00fcz\u00fcnl\u00fc, tela\u015fl\u0131&#8230;<\/strong><\/p>\n<p style=\"color: #222222; font-family: arial, sans-serif; font-size: 12.666666984558105px;\">03-21 Ekim 2012 tarihleri aras\u0131nda \u00fc\u00e7 hafta boyunca \u015fehri caz\u0131n onlarca farkl\u0131 rengiyle kucaklayacak olan 22. Akbank Caz Festivali, bu y\u0131l da d\u00fcnyaca \u00fcnl\u00fc caz sanat\u00e7\u0131lar\u0131n\u0131 \u00fclkemizde a\u011f\u0131rlayacak.<\/p>\n<p>\u00a0<\/p>\n<p style=\"color: #222222; font-family: arial, sans-serif; font-size: 12.666666984558105px;\">\u015eehir caz halini al\u0131rken, yeniden kendini bulur. \u00c7\u00fcnk\u00fc caz \u015fehrin ta kendisidir. Karma\u015f\u0131k, s\u0131ra d\u0131\u015f\u0131, h\u0131zl\u0131, mutlu, h\u00fcz\u00fcnl\u00fc, tela\u015fl\u0131&#8230; Her nota, her t\u0131n\u0131, ba\u015fka bir halini yans\u0131t\u0131r yo\u011fun ve yaln\u0131z kalabal\u0131\u011f\u0131n&#8230; Bizi derinliklerine al\u0131r ve oradan oraya s\u00fcr\u00fckler, bu duygular aras\u0131nda etkisini hi\u00e7 kaybetmeyen bir yolculuk yapt\u0131r\u0131r bize.<\/p>\n<p style=\"color: #222222; font-family: arial, sans-serif; font-size: 12.666666984558105px;\">\u015eehirden do\u011fan ve art\u0131k \u015fehrin h\u00fccrelerine i\u015fleyen caz, her y\u0131l oldu\u011fu gibi bu y\u0131l da yine \u015fehrin her k\u00f6\u015fesinde kendini g\u00f6sterecek. Notalar, \u0130stanbul\u2019un d\u00f6rt bir yan\u0131n\u0131 saracak ve \u015fehir caz halini alacak.<\/p>\n<p style=\"color: #222222; font-family: arial, sans-serif; font-size: 12.666666984558105px;\">Bu y\u0131l Caz Festivali 22. kez, bu duygular\u0131 ve ya\u015fanm\u0131\u015fl\u0131klar\u0131 yeniden hissetmemiz i\u00e7in ba\u015fl\u0131yor. Usta cazc\u0131lar, gen\u00e7 m\u00fczisyenler, \u015fehrin d\u00f6rt bir k\u00f6\u015fesinde \u015fehri, belki de kendimizi yeniden ke\u015ffetmemiz i\u00e7in bizlerle bulu\u015fuyor.<\/p>\n<p style=\"color: #222222; font-family: arial, sans-serif; font-size: 12.666666984558105px;\">H\u00fccrelerimize i\u015fleyen caz\u0131n, b\u00fcy\u00fck bir keyfe d\u00f6n\u00fc\u015fmesi dile\u011fiyle&#8230;<\/p>\n<p style=\"color: #222222; font-family: arial, sans-serif; font-size: 12.666666984558105px;\">Festival&#8217;in bu y\u0131l \u00f6ne \u00e7\u0131kan isimlerinden baz\u0131lar\u0131 aras\u0131nda;\u00a0<a href=\"http:\/\/www.akbanksanat.com\/web\/585-11479-1-1\/akbank_sanat\/22_caz_festivali\/22__caz_festivali_sanatcilar\/anthony_braxton_diamond_curtain_wall_quartet\" target=\"_blank\" style=\"color: #1155cc;\">Anthony Braxton &amp; Diamond Curtain Wall Quartet<\/a>,\u00a0<a href=\"http:\/\/www.akbanksanat.com\/web\/585-11476-1-1\/akbank_sanat\/22_caz_festivali\/22__caz_festivali_sanatcilar\/eleni_karaindrou\" target=\"_blank\" style=\"color: #1155cc;\">Eleni Karaindrou<\/a>,\u00a0<a href=\"http:\/\/www.akbanksanat.com\/web\/585-11478-1-1\/akbank_sanat\/22_caz_festivali\/22__caz_festivali_sanatcilar\/ibrahim_maalouf\" target=\"_blank\" style=\"color: #1155cc;\">\u0130brahim Maalouf<\/a>,\u00a0<a href=\"http:\/\/www.akbanksanat.com\/web\/585-11477-1-1\/akbank_sanat\/22_caz_festivali\/22__caz_festivali_sanatcilar\/gregory_porter\" target=\"_blank\" style=\"color: #1155cc;\">Gregory Porter<\/a> ve\u00a0<a href=\"http:\/\/www.akbanksanat.com\/web\/585-11475-1-1\/akbank_sanat\/22_caz_festivali\/22__caz_festivali_sanatcilar\/the_act_jubilee_night\" target=\"_blank\" style=\"color: #1155cc;\">The ACT Jubilee Night<\/a> yer al\u0131yor.<\/p>\n<p>\u00a0<\/p>\n","protected":false},"excerpt":{"rendered":"<p>3-21 Ekim 2012 Caz \u015fehrin ta kendisidir. Karma\u015f\u0131k, s\u0131ra d\u0131\u015f\u0131, h\u0131zl\u0131, mutlu, h\u00fcz\u00fcnl\u00fc, tela\u015fl\u0131&#8230; 03-21 Ekim 2012 tarihleri aras\u0131nda \u00fc\u00e7&#46;&#46;&#46;<\/p>\n","protected":false},"author":1,"featured_media":0,"comment_status":"closed","ping_status":"closed","sticky":false,"template":"","format":"standard","meta":{"_jetpack_memberships_contains_paid_content":false,"footnotes":""},"categories":[61],"tags":[],"class_list":["post-3114","post","type-post","status-publish","format-standard","hentry","category-kultur-sanat"],"aioseo_notices":[],"jetpack_featured_media_url":"","jetpack_sharing_enabled":true,"jetpack-related-posts":[],"_links":{"self":[{"href":"http:\/\/www.ced.org.tr\/index.php?rest_route=\/wp\/v2\/posts\/3114","targetHints":{"allow":["GET"]}}],"collection":[{"href":"http:\/\/www.ced.org.tr\/index.php?rest_route=\/wp\/v2\/posts"}],"about":[{"href":"http:\/\/www.ced.org.tr\/index.php?rest_route=\/wp\/v2\/types\/post"}],"author":[{"embeddable":true,"href":"http:\/\/www.ced.org.tr\/index.php?rest_route=\/wp\/v2\/users\/1"}],"replies":[{"embeddable":true,"href":"http:\/\/www.ced.org.tr\/index.php?rest_route=%2Fwp%2Fv2%2Fcomments&post=3114"}],"version-history":[{"count":0,"href":"http:\/\/www.ced.org.tr\/index.php?rest_route=\/wp\/v2\/posts\/3114\/revisions"}],"wp:attachment":[{"href":"http:\/\/www.ced.org.tr\/index.php?rest_route=%2Fwp%2Fv2%2Fmedia&parent=3114"}],"wp:term":[{"taxonomy":"category","embeddable":true,"href":"http:\/\/www.ced.org.tr\/index.php?rest_route=%2Fwp%2Fv2%2Fcategories&post=3114"},{"taxonomy":"post_tag","embeddable":true,"href":"http:\/\/www.ced.org.tr\/index.php?rest_route=%2Fwp%2Fv2%2Ftags&post=3114"}],"curies":[{"name":"wp","href":"https:\/\/api.w.org\/{rel}","templated":true}]}}