{"id":3117,"date":"2012-11-26T17:14:28","date_gmt":"2012-11-26T15:14:28","guid":{"rendered":"http:\/\/www.ced.org.tr\/?p=3117"},"modified":"2012-11-26T17:14:28","modified_gmt":"2012-11-26T15:14:28","slug":"idama-giderken-kelepceli-bilekleriyle-ailesine-yazar-acele-ediyorlar-kisa-oldu","status":"publish","type":"post","link":"http:\/\/www.ced.org.tr\/?p=3117","title":{"rendered":"\u0130dama giderken kelep\u00e7eli bilekleriyle ailesine yazar: \u201cAcele ediyorlar, k\u0131sa oldu!\u201d"},"content":{"rendered":"<div style=\"color: #222222; font-family: arial, sans-serif; font-size: 12.800000190734863px; font-style: normal; font-variant: normal; font-weight: normal; letter-spacing: normal; line-height: normal; orphans: 2; text-align: start; text-indent: 0px; text-transform: none; white-space: normal; widows: 2; word-spacing: 0px; -webkit-text-size-adjust: auto; -webkit-text-stroke-width: 0px; background-color: #ffffff;\">\n<p><strong>\u0130stanbul  &#8216;daki evlerinin kap\u0131s\u0131 \u00e7al\u0131n\u0131r. Y\u0131l 1980, 12 Eyl\u00fcl askeri darbe  d\u00f6nemidir. Kap\u0131y\u0131 baba a\u00e7ar. Soru irkilticidir, y\u00fcre\u011fi da\u011flan\u0131r: \u201cO\u011flun  idam edildi, cesedini alacak m\u0131s\u0131n?\u201d K\u0131z karde\u015fi anlat\u0131r: \u201cAbim, yaln\u0131z  donu \u00fcst\u00fcnde oldu\u011fu halde, cezaevinin battaniyesine sar\u0131l\u0131 olarak tabuta  konuldu. Onlarca polis ve jandarma e\u015fli\u011finde mezarl\u0131\u011fa getirildi.  Bizler zorla uzakla\u015ft\u0131r\u0131ld\u0131k.\u201d<\/strong><\/p>\n<p>\u0130stanbul\u2019daki evlerinin kap\u0131s\u0131 \u00e7al\u0131n\u0131r. Y\u0131l 1980, 12 Eyl\u00fcl askeri darbe d\u00f6nemidir.<span class=\"Apple-converted-space\"> <\/span><br \/>Kap\u0131y\u0131 baba a\u00e7ar.<br \/>Soru irkilticidir, y\u00fcre\u011fi da\u011flan\u0131r:<br \/>\u201cO\u011flun idam edildi, cesedini alacak m\u0131s\u0131n?\u201d<br \/>K\u0131z karde\u015fi anlat\u0131r:<br \/>\u201cAbim,  yaln\u0131z donu \u00fcst\u00fcnde oldu\u011fu halde, cezaevinin battaniyesine sar\u0131l\u0131  olarak tabuta konuldu. Onlarca polis ve jandarma e\u015fli\u011finde mezarl\u0131\u011fa  getirildi. Bizler zorla uzakla\u015ft\u0131r\u0131ld\u0131k. Abimin bedeni, o eski  battaniyeye sar\u0131l\u0131 halde \u00e7ukura at\u0131ld\u0131. Abime kar\u015f\u0131 son g\u00f6revlerimizi  yerine getirmemiz engellendi.\u201d<br \/>Baba, savc\u0131ya gider.<br \/>O\u011flunun son mektubunu ister.<br \/>Savc\u0131 oyalar.<br \/>Ak\u015fama do\u011fru yan\u0131t gelir:<br \/>\u201cEmir var, mektup verilmeyecek!\u201d<br \/>Baba, 12 Eyl\u00fcl\u2019de dara\u011fac\u0131na giden o\u011flunun mektubunun pe\u015fini b\u0131rakmaz, 26 y\u0131l u\u011fra\u015f\u0131r.<br \/>O\u011flunun idamdan on dakika \u00f6nce, bilekleri kelep\u00e7eli oldu\u011fu halde ailesine yazd\u0131\u011f\u0131 mektubun son c\u00fcmlesi \u015f\u00f6yledir:<br \/>\u201cAcele ediyorlar, k\u0131sa oldu.\u201d<br \/>K\u0131z karde\u015fi, bunlar\u0131 anlat\u0131r ve hasta yata\u011f\u0131nda yarg\u0131lanan 12 Eyl\u00fcl darbesinin lideri Evren Pa\u015fa\u2019ya sorar:<br \/>\u201cKendinizi abimin katili olarak hissediyor musunuz?\u201d<br \/>Cevap alamaz, yine sorar:<br \/>\u201cBizim  canlar\u0131m\u0131z\u0131 idam ederken, \u2018Asmayal\u0131m da, besleyelim mi?\u2018 demi\u015ftiniz.  Biz 32 y\u0131ld\u0131r vergilerimizle sizi besliyoruz. Kendinizi nas\u0131l  hissediyorsunuz?\u201d<br \/>Yan\u0131t yine yoktur, devam eder:<br \/>\u201cY\u00fcreksiz oldu\u011funuz i\u00e7in mi bu sorulara yan\u0131t vermiyorsunuz?\u201d<br \/>Evren Pa\u015fa bu sorular\u0131 yan\u0131ts\u0131z b\u0131rak\u0131r ama 12 Eyl\u00fcl\u2019\u00fcn idamlar\u0131n\u0131 savunur, hastane yata\u011f\u0131ndaki duru\u015fmas\u0131nda:<br \/>\u201cBir sa\u011fdan, bir soldan ast\u0131k!\u201d<br \/>Ayr\u0131ca, 12 Eyl\u00fcl darbesine de toz kondurmaz:<br \/>\u201cBug\u00fcn olsa yine yapard\u0131k!\u201d<br \/>Hasta yata\u011f\u0131nda bile olsa Evren Pa\u015fa\u2019n\u0131n yarg\u0131lan\u0131yor olmas\u0131n\u0131 demokrasi ad\u0131na \u00f6nemsiyorum.<br \/>12 Eyl\u00fcl bu \u00fclkeye \u00e7ok b\u00fcy\u00fck k\u00f6t\u00fcl\u00fckler yapt\u0131.<br \/>Demokrasiyi, hukuku, insan haklar\u0131n\u0131 ayaklar alt\u0131na ald\u0131.<br \/>K\u00fcrt  sorununun derinle\u015fmesine, PKK\u2019 n\u0131n sahneye \u00e7\u0131kmas\u0131na, kalk\u0131nmaya  gidecek maddi ve manevi kaynaklar\u0131n sava\u015fa harcanmas\u0131na yol a\u00e7t\u0131.<br \/>Siyaset  yasaklar\u0131yla siyaset sahnesinin b\u00f6l\u00fcn\u00fcp par\u00e7alanmas\u0131n\u0131n tohumlar\u0131n\u0131  att\u0131, 2000\u2019lere kadar kurtulamad\u0131\u011f\u0131m\u0131z siyasal istikrars\u0131zl\u0131\u011f\u0131n zeminini  haz\u0131rlad\u0131.<br \/>Yapt\u0131\u011f\u0131 anayasayla demokrasi ve hukuk devletini ikinci, hatta \u00fc\u00e7\u00fcnc\u00fc s\u0131n\u0131fla\u015ft\u0131rd\u0131, rejimin tepesine askeri vesayeti koydu.<br \/>Laf\u0131 uzatmak gerekmiyor.<br \/>Evren\u2019e, T\u00fcrkiye\u2019de bir darbe liderine \u2018hukuk\u2019un dokunabildi\u011fini g\u00f6rmek iyi bir geli\u015fme&#8230;<br \/>Ama yetmez!<br \/>Evet \u00f6yle.<br \/>Ne yapmak gerekir sorusunun baz\u0131 ipu\u00e7lar\u0131, Orhan Kemal Cengiz\u2019in a\u015fa\u011f\u0131daki s\u00f6zlerinde yer al\u0131yor:<br \/>\u201cGe\u00e7mi\u015fte  enselerine kur\u015fun s\u0131k\u0131larak \u00f6ld\u00fcr\u00fclen insanlar\u0131n, yarg\u0131s\u0131z infazlar\u0131n,  jandarmada kaybolanlar\u0131n, k\u00f6y yakmalar\u0131n hesab\u0131n\u0131 soraca\u011f\u0131m diyen bir  siyasi irade yok ortada.<br \/>Ergenekon\u2019un tamamen ortaya \u00e7\u0131kmas\u0131 i\u00e7in  bir, J\u0130TEM\u2019in, iki, \u00d6zel Harp Dairesi\u2019nin yap\u0131s\u0131n\u0131n de\u015fifre edilmesi  laz\u0131m. Ama \u00d6zel Harp Dairesi\u2019nin kapa\u011f\u0131 bile a\u00e7\u0131lmad\u0131 daha. 6-7 Eyl\u00fcl\u2019\u00fc  de, Alevi katliamlar\u0131n\u0131 da bunlar organize ettiler.<br \/>Ermeni  k\u0131r\u0131mlar\u0131n\u0131n ve ge\u00e7mi\u015fteki di\u011fer cinayetlerin hesab\u0131n\u0131 sormam\u0131\u015f bir  toplum bu. Ergenekon\u2019un ucu, y\u00fcz sene \u00f6ncesine gidiyor. Bu y\u00fczden  Ergenekon, i\u015fin ucu nereye giderse gitsin diyen bir iradeyle ancak  ortadan kald\u0131r\u0131labilir.<br \/>Bizim Ergenekon\u2019un ortaya \u00e7\u0131kar\u0131lmas\u0131ndan  anlad\u0131\u011f\u0131m\u0131z nedir? Su\u00e7a batm\u0131\u015f derin devlet yap\u0131s\u0131n\u0131n tamamen tasfiye  edilmesidir. E\u011fer Ergenekon b\u00fct\u00fcn unsurlar\u0131yla ortadan kald\u0131r\u0131lmak  istenseydi, Uludere\u2019nin hesab\u0131 sorulurdu. \u00c7\u00fcnk\u00fc Uludere, Ergenekon  zihniyetinin ve gelene\u011finin ciddi bir devam\u0131d\u0131r.<br \/>Ama h\u00fck\u00fcmet ne yap\u0131yor?<br \/>Devleti  de\u011fi\u015ftirmek yerine devletin sahibi olmaya \u00e7al\u0131\u015f\u0131yor. Bu devletin sahibi  olmak m\u00fcmk\u00fcn de\u011fil oysa. Devletin \u00e7ok kirli bir ge\u00e7mi\u015fi var. Siz bu  ge\u00e7mi\u015fle hesapla\u015fmazsan\u0131z, bu yap\u0131 bir s\u00fcre sonra eski usulle size d\u00f6n\u00fcp  sizden hesap sorar.<br \/>Ba\u015fbakan Erdo\u011fan herkesin d\u00fc\u015ft\u00fc\u011f\u00fc yan\u0131lg\u0131ya  d\u00fc\u015ft\u00fc. Belli bir grubu tasfiye ederek devletin i\u00e7inde her \u015feyi kontrol  etti\u011fini san\u0131yor.<br \/>H\u00e2lbuki bu devletin Bizans\u2019tan gelen kodlar\u0131 ve  entrikac\u0131l\u0131\u011f\u0131, saray oyunlar\u0131 var. Ya bu sistemi de\u011fi\u015ftireceksiniz ya da  o sistem bir g\u00fcn gelir, aya\u011f\u0131n\u0131z t\u00f6kezledi\u011fi anda sizi vurur.\u201d (12  Kas\u0131m 2012 tarihli Taraf\u2019taki Ne\u015fe D\u00fczel s\u00f6yle\u015fisinden)<\/p>\n<p><a href=\"mailto:h.cemal@milliyet.com.tr\" target=\"_blank\" style=\"color: #1155cc;\">h.cemal@milliyet.com.tr<\/a><span class=\"Apple-converted-space\"> <\/span><br \/>\u0130yi pazarlar!<\/p>\n<\/div>\n","protected":false},"excerpt":{"rendered":"<p>\u0130stanbul &#8216;daki evlerinin kap\u0131s\u0131 \u00e7al\u0131n\u0131r. Y\u0131l 1980, 12 Eyl\u00fcl askeri darbe d\u00f6nemidir. Kap\u0131y\u0131 baba a\u00e7ar. Soru irkilticidir, y\u00fcre\u011fi da\u011flan\u0131r: \u201cO\u011flun&#46;&#46;&#46;<\/p>\n","protected":false},"author":1,"featured_media":0,"comment_status":"closed","ping_status":"closed","sticky":false,"template":"","format":"standard","meta":{"_jetpack_memberships_contains_paid_content":false,"footnotes":""},"categories":[61],"tags":[],"class_list":["post-3117","post","type-post","status-publish","format-standard","hentry","category-kultur-sanat"],"aioseo_notices":[],"jetpack_featured_media_url":"","jetpack_sharing_enabled":true,"jetpack-related-posts":[],"_links":{"self":[{"href":"http:\/\/www.ced.org.tr\/index.php?rest_route=\/wp\/v2\/posts\/3117","targetHints":{"allow":["GET"]}}],"collection":[{"href":"http:\/\/www.ced.org.tr\/index.php?rest_route=\/wp\/v2\/posts"}],"about":[{"href":"http:\/\/www.ced.org.tr\/index.php?rest_route=\/wp\/v2\/types\/post"}],"author":[{"embeddable":true,"href":"http:\/\/www.ced.org.tr\/index.php?rest_route=\/wp\/v2\/users\/1"}],"replies":[{"embeddable":true,"href":"http:\/\/www.ced.org.tr\/index.php?rest_route=%2Fwp%2Fv2%2Fcomments&post=3117"}],"version-history":[{"count":0,"href":"http:\/\/www.ced.org.tr\/index.php?rest_route=\/wp\/v2\/posts\/3117\/revisions"}],"wp:attachment":[{"href":"http:\/\/www.ced.org.tr\/index.php?rest_route=%2Fwp%2Fv2%2Fmedia&parent=3117"}],"wp:term":[{"taxonomy":"category","embeddable":true,"href":"http:\/\/www.ced.org.tr\/index.php?rest_route=%2Fwp%2Fv2%2Fcategories&post=3117"},{"taxonomy":"post_tag","embeddable":true,"href":"http:\/\/www.ced.org.tr\/index.php?rest_route=%2Fwp%2Fv2%2Ftags&post=3117"}],"curies":[{"name":"wp","href":"https:\/\/api.w.org\/{rel}","templated":true}]}}