{"id":3119,"date":"2012-12-06T21:47:46","date_gmt":"2012-12-06T19:47:46","guid":{"rendered":"http:\/\/www.ced.org.tr\/?p=3119"},"modified":"2012-12-06T21:47:46","modified_gmt":"2012-12-06T19:47:46","slug":"insan-haklari-film-gunleri-10-aralik-insan-haklari-gununde-basliyor-10-12-aralik-2012","status":"publish","type":"post","link":"http:\/\/www.ced.org.tr\/?p=3119","title":{"rendered":"\u0130nsan Haklar\u0131 Film G\u00fcnleri 10 Aral\u0131k \u0130nsan Haklar\u0131 G\u00fcn\u00fcnde Ba\u015fl\u0131yor (10-12 aral\u0131k 2012)"},"content":{"rendered":"<p><span style=\"color: #222222; font-family: arial, sans-serif; font-size: 12.666666984558105px;\">Kimlik, ho\u015fg\u00f6r\u00fc, sayg\u0131 insan onuru ve k\u00fclt\u00fcrler aras\u0131 diyalog gibi konularda fark\u0131ndal\u0131k yaratmak ve kal\u0131pla\u015fm\u0131\u015f fikirleri sorgulamak amac\u0131yla, se\u00e7ilmi\u015f insan haklar\u0131 filmlerinin payla\u015f\u0131laca\u011f\u0131 2012 AB \u0130nsan Haklar\u0131 Film G\u00fcnleri kapsam\u0131nda, 10-12 Aral\u0131k aras\u0131nda 10 ayr\u0131 kentte 11 AB \u00fcyesi \u00fclkeden 11 film \u00fccretsiz olarak g\u00f6sterilecek.<\/p>\n<p><\/span><\/p>\n<div style=\"color: #222222; font-family: arial, sans-serif; font-size: 12.666666984558105px;\"><\/div>\n<div style=\"color: #222222; font-family: arial, sans-serif; font-size: 12.666666984558105px;\">\n<div>\n<div>Avrupa Birli\u011fi (<strong>AB<\/strong>) Delegasyonu&#8217;nca T\u00fcrkiye&#8217;deki AB \u00dcye Devlet temsilcilikleri ve k\u00fclt\u00fcr merkezleri ile i\u015fbirli\u011fi i\u00e7erisinde d\u00fczenlenen\u00a0<strong>2012 AB \u0130nsan Haklar\u0131 Film G\u00fcnleri<\/strong>, 10 Aral\u0131k \u0130nsan Haklar\u0131 G\u00fcn\u00fc&#8217;nde ba\u015fl\u0131yor.<\/div>\n<\/div>\n<div>\n<p>Festival, 10-12 Aral\u0131k aras\u0131nda T\u00fcrkiye&#8217;nin 10 ilinde e\u015fzamanl\u0131 olarak d\u00fczenlenecek. Film-severler, \u00f6\u011frenciler, insan haklar\u0131 aktivistleri ile AB ve T\u00fcrk sinemas\u0131 ile ilgilenen herkes Ankara, \u0130stanbul, \u0130zmir, Antalya, Kayseri, Eski\u015fehir, Trabzon, Konya, Antep ve Diyarbak\u0131r&#8217;da g\u00f6sterilecek filmleri \u00fccretsiz olarak izleyebilir.<\/p>\n<p>Avrupa Birli\u011fi, Avrupa&#8217;da ve d\u00fcnya genelinde bar\u0131\u015f, uzla\u015fma, demokrasi ve insan haklar\u0131n\u0131n ilerletilmesine yapt\u0131\u011f\u0131 katk\u0131lardan \u00f6t\u00fcr\u00fc 2012 Nobel Bar\u0131\u015f \u00d6d\u00fcl\u00fc&#8217;ne lay\u0131k g\u00f6r\u00fclm\u00fc\u015ft\u00fc. Bu \u00f6d\u00fcl t\u00f6reni de 10 Aral\u0131k&#8217;ta Oslo&#8217;da ger\u00e7ekle\u015ftirilecek.<\/p>\n<p>Filmlerin g\u00f6sterim program\u0131 \u015f\u00f6yle:<\/p>\n<p><strong>10 Aral\u0131k Pazartesi<\/strong><\/p>\n<p>12:30 Lotte ve Ayta\u015f\u0131n\u0131n S\u0131rr\u0131 (Estonya)<\/p>\n<p>15:00 Denizdeki Adam (Yunanistan)<\/p>\n<p>17:30 Isl\u0131k \u00c7almak \u0130stersem \u00c7alar\u0131m (Romanya)<\/p>\n<p>19:30 Daha \u0130yi Bir D\u00fcnyada (Danirmarka)<\/p>\n<p><strong>11 Aral\u0131k Sal\u0131<\/strong><\/p>\n<p>12:30 Lotte ve Ayta\u015f\u0131n\u0131n S\u0131rr\u0131<\/p>\n<p>15:00 Kano (Fransa)<\/p>\n<p>17:30 Sadece R\u00fczgar (Macaristan)<\/p>\n<p>19:30 Cennetteki \u00c7\u00f6pl\u00fck (Almanya)<\/p>\n<p><strong>12 Aral\u0131k \u00c7ar\u015famba<\/strong><\/p>\n<p>12:30 Umut Liman (Finlandiya)<\/p>\n<p>15:00 G\u00f6r\u00fcnmez Adamlar (Hollanda)<\/p>\n<p>17:30 Adalar (\u0130talya)<\/p>\n<p>19:30 Kuma (Avusturya)<\/p>\n<p><span style=\"font-family: MuseoSans-500; color: #ffffff; font-size: xx-small;\"><span style=\"color: #000000;\">Festival bro\u015f\u00fcr\u00fc\u00a0<span style=\"color: #ffffff; font-size: xx-small;\"><a href=\"http:\/\/www.bianet.org\/files\/doc_files\/000\/000\/741\/original\/Festival_Brosuru.pdf\" target=\"_blank\" style=\"color: #1155cc;\">http:\/\/www.bianet.org\/files\/doc_files\/000\/000\/741\/original\/Festival_Brosuru.pdf<\/a><\/span><\/span>1<\/span><\/p>\n<p><span style=\"font-size: 12.666666984558105px;\">Bu Festival AB \u00dcye \u00dclke Temsilcilikleri ve T\u00fcrkiye\u2019deki K\u00fclt\u00fcr Merkezleri <\/span><span style=\"font-size: 12.666666984558105px;\">ile i\u015fbirli\u011fi i\u00e7inde, Avrupa Birli\u011fi T\u00fcrkiye Delegasyonu taraf\u0131ndan <\/span><span style=\"font-size: 12.666666984558105px;\">d\u00fczenlenmekte olup T\u00fcrkiye\u2019nin 10 \u015fehrini kapsayacakt\u0131r. 3 g\u00fcn s\u00fcrecek <\/span><span style=\"font-size: 12.666666984558105px;\">Festival boyunca 11 AB \u00dcye \u00dclkesi\u2019nden 11fi lm halka a\u00e7\u0131k ve \u00fccretsiz olarak <\/span><span style=\"font-size: 12.666666984558105px;\">g\u00f6sterime girecektir.<\/span><\/p>\n<\/div>\n<\/div>\n<div>\n<p style=\"color: #222222; font-family: arial, sans-serif; font-size: 12.666666984558105px;\" align=\"left\">\u0130nsan haklar\u0131m\u0131z, bireysel \u00f6zg\u00fcrl\u00fcklerimiz ve insan olarak ya\u015fad\u0131\u011f\u0131m\u0131z\u00a0<span style=\"font-size: 12.666666984558105px;\">tecr\u00fcbeleri ele alan AB ve T\u00fcrk yap\u0131m\u0131 filmlerin g\u00f6sterilece\u011fi bu Festival, <\/span><span style=\"font-size: 12.666666984558105px;\">hayat\u0131n hangi kesiminden olursa olsun, izleyicileri sorgulamay\u0131, derindeki <\/span><span style=\"font-size: 12.666666984558105px;\">duygular\u0131na temas etmeyi ve ilham kayna\u011f\u0131 olmay\u0131 ama\u00e7lamaktad\u0131r. Zira <\/span><span style=\"font-size: 12.666666984558105px;\">bu <\/span><span style=\"font-size: 12.666666984558105px;\">konular yurtta\u015fl\u0131k stat\u00fcm\u00fcz, cinsiyetimiz, ya\u015f\u0131m\u0131z, cinsel tercihimiz veya <\/span><span style=\"font-size: 12.666666984558105px;\">etnik k\u00f6kenimiz ne olursa olsun hepimizi tek tek ilgilendirmektedir.<\/span><\/p>\n<p style=\"color: #222222; font-family: arial, sans-serif; font-size: 12.666666984558105px;\" align=\"left\">Etkinli\u011fin amac\u0131 kimlik, ho\u015fg\u00f6r\u00fc, sayg\u0131, insan onuru ve k\u00fclt\u00fcrler aras\u0131\u00a0<span style=\"font-size: 12.666666984558105px;\">diyalog gibi birbirinden de\u011fi\u015fik konularda fark\u0131ndal\u0131k yaratmak \u2013 ve <\/span><span style=\"font-size: 12.666666984558105px;\">kal\u0131pla\u015fm\u0131\u015f fi kirleri sorgulamak \u2013 i\u00e7in AB ve T\u00fcrk yap\u0131m\u0131 se\u00e7me insan haklar\u0131 <\/span><span style=\"font-size: 12.666666984558105px;\">fi lmlerini payla\u015fmakt\u0131r.<\/span><\/p>\n<p style=\"color: #222222; font-family: arial, sans-serif; font-size: 12.666666984558105px;\" align=\"left\">\u0130yi seyirler!<\/p>\n<p><span style=\"color: #ffe5b9; font-family: MuseoSans-500; font-size: xx-small;\"><\/p>\n<p>The European<\/p>\n<p><\/span><\/div>\n<p>\u00a0<\/p>\n","protected":false},"excerpt":{"rendered":"<p>Kimlik, ho\u015fg\u00f6r\u00fc, sayg\u0131 insan onuru ve k\u00fclt\u00fcrler aras\u0131 diyalog gibi konularda fark\u0131ndal\u0131k yaratmak ve kal\u0131pla\u015fm\u0131\u015f fikirleri sorgulamak amac\u0131yla, se\u00e7ilmi\u015f insan&#46;&#46;&#46;<\/p>\n","protected":false},"author":1,"featured_media":0,"comment_status":"closed","ping_status":"closed","sticky":false,"template":"","format":"standard","meta":{"_jetpack_memberships_contains_paid_content":false,"footnotes":""},"categories":[61],"tags":[],"class_list":["post-3119","post","type-post","status-publish","format-standard","hentry","category-kultur-sanat"],"aioseo_notices":[],"jetpack_featured_media_url":"","jetpack_sharing_enabled":true,"jetpack-related-posts":[],"_links":{"self":[{"href":"http:\/\/www.ced.org.tr\/index.php?rest_route=\/wp\/v2\/posts\/3119","targetHints":{"allow":["GET"]}}],"collection":[{"href":"http:\/\/www.ced.org.tr\/index.php?rest_route=\/wp\/v2\/posts"}],"about":[{"href":"http:\/\/www.ced.org.tr\/index.php?rest_route=\/wp\/v2\/types\/post"}],"author":[{"embeddable":true,"href":"http:\/\/www.ced.org.tr\/index.php?rest_route=\/wp\/v2\/users\/1"}],"replies":[{"embeddable":true,"href":"http:\/\/www.ced.org.tr\/index.php?rest_route=%2Fwp%2Fv2%2Fcomments&post=3119"}],"version-history":[{"count":0,"href":"http:\/\/www.ced.org.tr\/index.php?rest_route=\/wp\/v2\/posts\/3119\/revisions"}],"wp:attachment":[{"href":"http:\/\/www.ced.org.tr\/index.php?rest_route=%2Fwp%2Fv2%2Fmedia&parent=3119"}],"wp:term":[{"taxonomy":"category","embeddable":true,"href":"http:\/\/www.ced.org.tr\/index.php?rest_route=%2Fwp%2Fv2%2Fcategories&post=3119"},{"taxonomy":"post_tag","embeddable":true,"href":"http:\/\/www.ced.org.tr\/index.php?rest_route=%2Fwp%2Fv2%2Ftags&post=3119"}],"curies":[{"name":"wp","href":"https:\/\/api.w.org\/{rel}","templated":true}]}}