{"id":3122,"date":"2013-01-31T17:41:48","date_gmt":"2013-01-31T15:41:48","guid":{"rendered":"http:\/\/www.ced.org.tr\/?p=3122"},"modified":"2013-01-31T17:41:48","modified_gmt":"2013-01-31T15:41:48","slug":"12-f-istanbul-uluslararasi-bagimsiz-filmler-festivali","status":"publish","type":"post","link":"http:\/\/www.ced.org.tr\/?p=3122","title":{"rendered":"12. !f \u0130stanbul Uluslararas\u0131 Ba\u011f\u0131ms\u0131z Filmler Festivali"},"content":{"rendered":"<p>\u00a0<\/p>\n<div style=\"color: #222222; font-family: arial, sans-serif; font-size: 12.666666984558105px;\">\n<div style=\"color: #222222; font-family: arial, sans-serif; font-size: 12.666666984558105px;\"><span style=\"font-family: arial, sans-serif; color: #222222;\"><span style=\"font-size: 12.800000190734863px;\"><strong>12. !f \u0130stanbul Uluslararas\u0131 Ba\u011f\u0131ms\u0131z Filmler Festivali,14 \u015eubat&#8217;ta \u0130stanbul&#8217;dan yola \u00e7\u0131kacak,<\/strong><\/span><\/span><\/div>\n<div style=\"color: #222222; font-family: arial, sans-serif; font-size: 12.666666984558105px;\"><span style=\"font-family: arial, sans-serif; color: #222222;\"><span style=\"font-size: 12.800000190734863px;\"> <\/span><\/span><\/div>\n<div style=\"color: #222222; font-family: arial, sans-serif; font-size: 12.666666984558105px;\"><span style=\"font-family: arial, sans-serif; color: #222222;\"><span style=\"font-size: 12.800000190734863px;\"> <\/span><\/span><\/div>\n<div style=\"color: #222222; font-family: arial, sans-serif; font-size: 12.666666984558105px;\"><span style=\"font-family: arial, sans-serif; color: #222222;\"><span style=\"font-size: 12.800000190734863px;\">12. ULUSLARARASI BA\u011eIMSIZ F\u0130LMLER FEST\u0130VAL\u0130 <\/span><\/span><\/div>\n<div style=\"color: #222222; font-family: arial, sans-serif; font-size: 12.666666984558105px;\"><\/div>\n<div style=\"color: #222222; font-family: arial, sans-serif; font-size: 12.666666984558105px;\"><span style=\"font-family: arial, sans-serif; color: #222222;\"><span style=\"font-size: 12.800000190734863px;\">\/http:\/\/www.ifistanbul.com\/tr\/<\/span><\/span><\/div>\n<div style=\"color: #222222; font-family: arial, sans-serif; font-size: 12.666666984558105px;\"><span style=\"font-family: arial, sans-serif; color: #222222;\"><span style=\"font-size: 12.800000190734863px;\"> <\/span><\/span><\/div>\n<div style=\"color: #222222; font-family: arial, sans-serif; font-size: 12.666666984558105px;\"><span style=\"font-family: arial, sans-serif; color: #222222;\"><span style=\"font-size: 12.800000190734863px;\">Konuyla ilgili yaz\u0131l\u0131 a\u00e7\u0131klamaya g\u00f6re, 12. !f \u0130stanbul Uluslararas\u0131 Ba\u011f\u0131ms\u0131z Filmler Festivali, 14 \u015eubat&#8217;ta \u0130stanbul&#8217;dan yola \u00e7\u0131kacak, 28 \u015eubat &#8216;ta Ankara ve \u0130zmir&#8217;e u\u011frayacak.<\/span><\/span><\/div>\n<div style=\"color: #222222; font-family: arial, sans-serif; font-size: 12.666666984558105px;\"><span style=\"font-family: arial, sans-serif; color: #222222;\"><span style=\"font-size: 12.800000190734863px;\"><br \/><\/span><\/span><\/div>\n<div style=\"color: #222222; font-family: arial, sans-serif; font-size: 12.666666984558105px;\"><span style=\"font-family: arial, sans-serif; color: #222222;\"><span style=\"font-size: 12.800000190734863px;\">Sundance&#8217;ten Berlin&#8217;e, Cannes&#8217;dan Toronto&#8217;ya, festivallerden \u00f6d\u00fcllerle d\u00f6nen filmler T\u00fcrkiye&#8217;de &#8220;ilk kez&#8221;, !f \u0130stanbul&#8217;da g\u00f6sterilecek.<\/span><\/span><\/div>\n<div style=\"color: #222222; font-family: arial, sans-serif; font-size: 12.666666984558105px;\"><span style=\"font-family: arial, sans-serif; color: #222222;\"><span style=\"font-size: 12.800000190734863px;\"><br \/><\/span><\/span><\/div>\n<div style=\"color: #222222; font-family: arial, sans-serif; font-size: 12.666666984558105px;\"><span style=\"font-family: arial, sans-serif; color: #222222;\"><span style=\"font-size: 12.800000190734863px;\">Program\u0131n &#8220;en taze \u00f6d\u00fcll\u00fc&#8221; filmi, Sundance&#8217;te belgesel dal\u0131nda &#8220;B\u00fcy\u00fck J\u00fcri \u00d6d\u00fcl\u00fc&#8221;n\u00fc kazanan &#8220;Blood Brother\/Kan Karde\u015fim&#8221; olacak.<\/span><\/span><\/div>\n<div style=\"color: #222222; font-family: arial, sans-serif; font-size: 12.666666984558105px;\"><span style=\"font-family: arial, sans-serif; color: #222222;\"><span style=\"font-size: 12.800000190734863px;\"><br \/><\/span><\/span><\/div>\n<div style=\"color: #222222; font-family: arial, sans-serif; font-size: 12.666666984558105px;\"><span style=\"font-family: arial, sans-serif; color: #222222;\"><span style=\"font-size: 12.800000190734863px;\">Ben Lewin&#8217;in Sundance&#8217;ta seyirci ve j\u00fcri \u00f6zel \u00f6d\u00fcllerini alan, &#8220;Oscar&#8221;da Helen Hunt&#8217;a yard\u0131mc\u0131 kad\u0131n oyunculu\u011fu adayl\u0131\u011f\u0131 getiren &#8220;The Sessions\/A\u015fk Seanslar\u0131&#8221; ile &#8220;Oscar&#8221;da &#8220;Yabanc\u0131 Dilde En \u0130yi Film&#8221; dal\u0131n\u0131n en g\u00fc\u00e7l\u00fc adaylar\u0131ndan &#8220;War Witch\/Sava\u015f Cad\u0131s\u0131&#8221; da festival program\u0131nda yer alacak.<\/span><\/span><\/div>\n<div style=\"color: #222222; font-family: arial, sans-serif; font-size: 12.666666984558105px;\"><span style=\"font-family: arial, sans-serif; color: #222222;\"><span style=\"font-size: 12.800000190734863px;\"><br \/><\/span><\/span><\/div>\n<div style=\"color: #222222; font-family: arial, sans-serif; font-size: 12.666666984558105px;\"><span style=\"font-family: arial, sans-serif; color: #222222;\"><span style=\"font-size: 12.800000190734863px;\">!f \u0130stanbul&#8217;un program\u0131ndaki \u00f6d\u00fcll\u00fc filmlerden baz\u0131lar\u0131 \u015f\u00f6yle:<\/span><\/span><\/div>\n<div style=\"color: #222222; font-family: arial, sans-serif; font-size: 12.666666984558105px;\"><span style=\"font-family: arial, sans-serif; color: #222222;\"><span style=\"font-size: 12.800000190734863px;\"><br \/><\/span><\/span><\/div>\n<div style=\"color: #222222; font-family: arial, sans-serif; font-size: 12.666666984558105px;\"><span style=\"font-family: arial, sans-serif; color: #222222;\"><span style=\"font-size: 12.800000190734863px;\">&#8220;The Act of Killing\/\u00d6ld\u00fcrme Eylemi, Tabu, Neighbouring Sounds\/Kom\u015fu Sesler, Holy Motors\/Kutsal Motorlar, Rust and Bone\/Pas ve Kemik, Laurence Anyways, The Land Of Hope\/Umut Diyar\u0131, Reality\/Ger\u00e7eklik, Seven Psychopaths\/7 Psikopat, Vanishing Waves\/Kaybolan Dalgalar, Berberian Sound Studio\/Berberian Ses St\u00fcdyosu.&#8221;<\/span><\/span><\/div>\n<div style=\"color: #222222; font-family: arial, sans-serif; font-size: 12.666666984558105px;\"><span style=\"font-family: arial, sans-serif; color: #222222;\"><span style=\"font-size: 12.800000190734863px;\">http:\/\/www.cnnturk.com\/2013\/kultur.sanat\/sinema\/<\/span><\/span><\/div>\n<div style=\"color: #222222; font-family: arial, sans-serif; font-size: 12.666666984558105px;\"><span style=\"font-family: arial, sans-serif; color: #222222;\"><span style=\"font-size: 12.800000190734863px;\"><br \/><\/span><\/span><\/div>\n<div style=\"color: #222222; font-family: arial, sans-serif; font-size: 12.666666984558105px;\"><span style=\"font-family: arial, sans-serif; color: #222222;\"><span style=\"font-size: 12.800000190734863px;\"><br \/><\/span><\/span><\/div>\n<div style=\"color: #222222; font-family: arial, sans-serif; font-size: 12.666666984558105px;\"><span style=\"font-family: arial, sans-serif; color: #222222;\"><span style=\"font-size: 12.800000190734863px;\">12. !f \u0130stanbul Uluslararas\u0131 Ba\u011f\u0131ms\u0131z Filmler Festivali, 14-24 \u015eubat 2013&#8217;te \u0130stanbul&#8217;da Beyo\u011flu Cinemaximum Fita\u015f, \u0130stinye Park Cinemaximum, Cinemaximum Budak, 28 \u015eubat-3 Mart 2013 tarihlerinde Ankara Cinemaximum CEPA ve \u0130zmir&#8217;de Cinemaximum Forum Bornova sinemalar\u0131nda ger\u00e7ekle\u015ftirilecek.<\/span><\/span><\/div>\n<div style=\"color: #222222; font-family: arial, sans-serif; font-size: 12.666666984558105px;\"><span style=\"font-family: arial, sans-serif; color: #222222;\"><span style=\"font-size: 12.800000190734863px;\"><br \/><\/span><\/span><\/div>\n<div style=\"color: #222222; font-family: arial, sans-serif; font-size: 12.666666984558105px;\"><span style=\"font-family: arial, sans-serif; color: #222222;\"><span style=\"font-size: 12.800000190734863px;\">Festival biletleri, 1-3 \u015eubat&#8217;ta \u0130stanbul, 8-10 \u015eubat&#8217;ta Ankara ve \u0130zmir&#8217;de indirimli \u00f6n sat\u0131\u015fa \u00e7\u0131kacak. MyBilet&#8217;ten sat\u0131n al\u0131nacak festival biletlerinde ge\u00e7en y\u0131l\u0131n fiyatlar\u0131 uygulanacak<\/span><\/span><\/div>\n<\/div>\n<p>\u00a0<\/p>\n","protected":false},"excerpt":{"rendered":"<p>\u00a0 12. !f \u0130stanbul Uluslararas\u0131 Ba\u011f\u0131ms\u0131z Filmler Festivali,14 \u015eubat&#8217;ta \u0130stanbul&#8217;dan yola \u00e7\u0131kacak, 12. ULUSLARARASI BA\u011eIMSIZ F\u0130LMLER FEST\u0130VAL\u0130 \/http:\/\/www.ifistanbul.com\/tr\/ Konuyla ilgili&#46;&#46;&#46;<\/p>\n","protected":false},"author":1,"featured_media":0,"comment_status":"closed","ping_status":"closed","sticky":false,"template":"","format":"standard","meta":{"_jetpack_memberships_contains_paid_content":false,"footnotes":""},"categories":[61],"tags":[],"class_list":["post-3122","post","type-post","status-publish","format-standard","hentry","category-kultur-sanat"],"aioseo_notices":[],"jetpack_featured_media_url":"","jetpack_sharing_enabled":true,"jetpack-related-posts":[],"_links":{"self":[{"href":"http:\/\/www.ced.org.tr\/index.php?rest_route=\/wp\/v2\/posts\/3122","targetHints":{"allow":["GET"]}}],"collection":[{"href":"http:\/\/www.ced.org.tr\/index.php?rest_route=\/wp\/v2\/posts"}],"about":[{"href":"http:\/\/www.ced.org.tr\/index.php?rest_route=\/wp\/v2\/types\/post"}],"author":[{"embeddable":true,"href":"http:\/\/www.ced.org.tr\/index.php?rest_route=\/wp\/v2\/users\/1"}],"replies":[{"embeddable":true,"href":"http:\/\/www.ced.org.tr\/index.php?rest_route=%2Fwp%2Fv2%2Fcomments&post=3122"}],"version-history":[{"count":0,"href":"http:\/\/www.ced.org.tr\/index.php?rest_route=\/wp\/v2\/posts\/3122\/revisions"}],"wp:attachment":[{"href":"http:\/\/www.ced.org.tr\/index.php?rest_route=%2Fwp%2Fv2%2Fmedia&parent=3122"}],"wp:term":[{"taxonomy":"category","embeddable":true,"href":"http:\/\/www.ced.org.tr\/index.php?rest_route=%2Fwp%2Fv2%2Fcategories&post=3122"},{"taxonomy":"post_tag","embeddable":true,"href":"http:\/\/www.ced.org.tr\/index.php?rest_route=%2Fwp%2Fv2%2Ftags&post=3122"}],"curies":[{"name":"wp","href":"https:\/\/api.w.org\/{rel}","templated":true}]}}