{"id":3126,"date":"2013-03-07T14:48:38","date_gmt":"2013-03-07T12:48:38","guid":{"rendered":"http:\/\/www.ced.org.tr\/?p=3126"},"modified":"2013-03-07T14:48:38","modified_gmt":"2013-03-07T12:48:38","slug":"8-mart-dunya-emekci-kadinlarinin-mucadele-ve-dayanisma-gunudur","status":"publish","type":"post","link":"http:\/\/www.ced.org.tr\/?p=3126","title":{"rendered":"8 mart D\u00fcnya Emek\u00e7i Kad\u0131nlar\u0131n\u0131n M\u00fccadele ve Dayan\u0131\u015fma g\u00fcn\u00fcd\u00fcr&#8230;"},"content":{"rendered":"<p><span style=\"font-size: 10px;\">8 Mart 1857tarihinde New York\u2019da 40.000 dokuma i\u015f\u00e7isi daha iyi \u00e7al\u0131\u015fma ko\u015fullar\u0131 istemiyle bir tekstil fabrikas\u0131nda greve ba\u015flad\u0131. Ancak polisin i\u015f\u00e7ilere sald\u0131rmas\u0131 ve i\u015f\u00e7ilerin fabrikaya kilitlenmesi, arkas\u0131ndan da \u00e7\u0131kan yang\u0131nda i\u015f\u00e7ilerin fabrika \u00f6n\u00fcnde kurulan barikatlardan ka\u00e7amamas\u0131 sonucunda \u00e7o\u011fu kad\u0131n 129 i\u015f\u00e7i can verdi. \u0130\u015f\u00e7ilerin cenaze t\u00f6renine 10.000&#8217;i a\u015fk\u0131n ki\u015fi kat\u0131ld\u0131.<\/span><\/p>\n<p class=\"MsoNormal\">26- 27 A\u011fustos 1910 tarihinde Danimarka\u2019n\u0131n Kopenhag kentinde 2. Enternasyonale ba\u011fl\u0131 kad\u0131nlar toplant\u0131s\u0131nda (Uluslararas\u0131 Sosyalist Kad\u0131nlar Konferans\u0131) Almanya Sosyal Demokrat Partisi \u00f6nderlerinden Clara Zetkin,\u00a0 8 Mart 1857 tarihindeki tekstil fabrikas\u0131 yang\u0131n\u0131nda \u00f6len kad\u0131n i\u015f\u00e7iler an\u0131s\u0131na 8 Mart&#8217;\u0131n &#8220;Internationaler Frauentag&#8221; (International Women&#8217;s Day &#8211; D\u00fcnya Kad\u0131nlar G\u00fcn\u00fc) olarak an\u0131lmas\u0131 \u00f6nerisini getirdi ve \u00f6neri oybirli\u011fiyle kabul edildi.<\/p>\n","protected":false},"excerpt":{"rendered":"<p>8 Mart 1857tarihinde New York\u2019da 40.000 dokuma i\u015f\u00e7isi daha iyi \u00e7al\u0131\u015fma ko\u015fullar\u0131 istemiyle bir tekstil fabrikas\u0131nda greve ba\u015flad\u0131. Ancak polisin&#46;&#46;&#46;<\/p>\n","protected":false},"author":1,"featured_media":0,"comment_status":"closed","ping_status":"closed","sticky":false,"template":"","format":"standard","meta":{"_jetpack_memberships_contains_paid_content":false,"footnotes":""},"categories":[61],"tags":[],"class_list":["post-3126","post","type-post","status-publish","format-standard","hentry","category-kultur-sanat"],"aioseo_notices":[],"jetpack_featured_media_url":"","jetpack_sharing_enabled":true,"jetpack-related-posts":[],"_links":{"self":[{"href":"http:\/\/www.ced.org.tr\/index.php?rest_route=\/wp\/v2\/posts\/3126","targetHints":{"allow":["GET"]}}],"collection":[{"href":"http:\/\/www.ced.org.tr\/index.php?rest_route=\/wp\/v2\/posts"}],"about":[{"href":"http:\/\/www.ced.org.tr\/index.php?rest_route=\/wp\/v2\/types\/post"}],"author":[{"embeddable":true,"href":"http:\/\/www.ced.org.tr\/index.php?rest_route=\/wp\/v2\/users\/1"}],"replies":[{"embeddable":true,"href":"http:\/\/www.ced.org.tr\/index.php?rest_route=%2Fwp%2Fv2%2Fcomments&post=3126"}],"version-history":[{"count":0,"href":"http:\/\/www.ced.org.tr\/index.php?rest_route=\/wp\/v2\/posts\/3126\/revisions"}],"wp:attachment":[{"href":"http:\/\/www.ced.org.tr\/index.php?rest_route=%2Fwp%2Fv2%2Fmedia&parent=3126"}],"wp:term":[{"taxonomy":"category","embeddable":true,"href":"http:\/\/www.ced.org.tr\/index.php?rest_route=%2Fwp%2Fv2%2Fcategories&post=3126"},{"taxonomy":"post_tag","embeddable":true,"href":"http:\/\/www.ced.org.tr\/index.php?rest_route=%2Fwp%2Fv2%2Ftags&post=3126"}],"curies":[{"name":"wp","href":"https:\/\/api.w.org\/{rel}","templated":true}]}}