{"id":3127,"date":"2013-03-28T15:56:11","date_gmt":"2013-03-28T13:56:11","guid":{"rendered":"http:\/\/www.ced.org.tr\/?p=3127"},"modified":"2013-03-28T15:56:11","modified_gmt":"2013-03-28T13:56:11","slug":"direnis-komitelerinden-karika","status":"publish","type":"post","link":"http:\/\/www.ced.org.tr\/?p=3127","title":{"rendered":"Direni\u015f Komiteleri&#8217;nden &#8216;Kar\u0131k&#8217;a"},"content":{"rendered":"<p><div><span style=\"color: #222222; font-family: arial, sans-serif; font-size: 12.800000190734863px;\">Kar\u0131k, <\/span><span style=\"color: #222222; font-family: arial, sans-serif; font-size: 12.800000190734863px;\">TAKSAV Sine Yol Kolektifi&#8217;nin \u00e7ekti\u011fi son belgesel filmi.<\/span><\/div>\n<div>\n<h2 style=\"color: #222222; font-family: arial, sans-serif;\">Direni\u015f Komiteleri&#8217;nden &#8216;Kar\u0131k&#8217;a<\/h2>\n<p style=\"color: #222222; font-family: arial, sans-serif; font-size: 12.800000190734863px;\">28\u00a0MAR\u00a02013 Birg\u00fcn<\/p>\n<\/div>\n<p><img loading=\"lazy\" decoding=\"async\" src=\"http:\/\/www.birgun.net\/cultures\/1364467850.jpg\" border=\"0\" width=\"400\" height=\"300\" style=\"float: left; margin: 10px;\" \/><\/p>\n<p>\u00a0<\/p>\n<p><strong style=\"color: #222222; font-family: arial, sans-serif; font-size: 12.800000190734863px;\">\u0130BRAH\u0130M AYDIN<\/strong><\/p>\n<p><br style=\"color: #222222; font-family: arial, sans-serif; font-size: 12.800000190734863px;\" \/><span style=\"color: #222222; font-family: arial, sans-serif; font-size: 12.800000190734863px;\">Kar\u0131k, TAKSAV Sine Yol Kolektifi&#8217;nin \u00e7ekti\u011fi son belgesel filmin ad\u0131. Film, Direni\u015f Komiteleri prati\u011fini U\u015fak&#8217;\u0131n B\u00fcy\u00fckkayal\u0131 k\u00f6y\u00fc \u00fczerinden, d\u00f6nemin tan\u0131klar\u0131n\u0131n a\u011fz\u0131ndan anlat\u0131yor. Sine Yol Kolektifi \u00fcyesi Nur\u015fen Bak\u0131r &#8220;K\u00f6y\u00fc dola\u015ft\u0131m, uzun uzad\u0131ya, detayl\u0131 bir \u015fekilde k\u00f6yl\u00fclerden k\u00f6y\u00fcn m\u00fcthi\u015f devrimci tarihini dinledim. K\u00f6yl\u00fcler, t\u00fcm k\u00f6y\u00fcn birlik olup onlara eziyet eden fa\u015fistleri nas\u0131l k\u00f6yden kovduklar\u0131n\u0131, kom\u00fcnlerle nas\u0131l \u00fcretim yapt\u0131klar\u0131n\u0131, Direni\u015f Komiteleri kurduklar\u0131n\u0131, halk odalar\u0131n\u0131, halk pazarlar\u0131n\u0131 hep bir a\u011f\u0131zdan anlatt\u0131lar. Ertesi g\u00fcn k\u00f6yden ayr\u0131l\u0131rken Devrimci Yol&#8217;un ruhunu belgeselle anlat\u0131p anlatamayaca\u011f\u0131m\u0131zdan pek emin de\u011fildim, fakat kendi ad\u0131ma \u015funu s\u00f6ylemeliyim ki Devrimci Yol ruhunu B\u00fcy\u00fckkayal\u0131&#8217;da bir kez daha bulmu\u015ftum&#8221; diyor.<\/span><br style=\"color: #222222; font-family: arial, sans-serif; font-size: 12.800000190734863px;\" \/><span style=\"color: #222222; font-family: arial, sans-serif; font-size: 12.800000190734863px;\">Kolektif \u00fcyesi Nur\u015fen Bak\u0131r ve Cem Y\u0131ld\u0131r\u0131m&#8217;la &#8220;Kar\u0131k&#8221; \u00fczerine konu\u015ftuk.<\/span><br style=\"color: #222222; font-family: arial, sans-serif; font-size: 12.800000190734863px;\" \/><strong style=\"color: #222222; font-family: arial, sans-serif; font-size: 12.800000190734863px;\"><br \/>\u00bbT\u00fcrkiye&#8217;deki sosyalizm m\u00fccadelesinin bir d\u00f6nemine damga vuran Devrimci Yol&#8217;un tarihine kamera tutma d\u00fc\u015f\u00fcncesi nas\u0131l olu\u015ftu?<\/strong><br style=\"color: #222222; font-family: arial, sans-serif; font-size: 12.800000190734863px;\" \/><span style=\"color: #222222; font-family: arial, sans-serif; font-size: 12.800000190734863px;\">Uzun y\u0131llardan sonra d\u00f6nd\u00fc\u011f\u00fcm T\u00fcrkiye&#8217;de politik tart\u0131\u015fmalarda en garipsedi\u011fim konulardan biri solculara y\u00f6neltilen a\u011f\u0131r ele\u015ftiriler oldu. Bir\u00e7ok insan a\u011f\u0131z birli\u011fi etmi\u015f\u00e7esine solun ve solcular\u0131n hatalar\u0131na s\u0131k s\u0131k dem vuruyordu. Sanki \u00fclke, uzun y\u0131llard\u0131r sol iktidarlar taraf\u0131ndan y\u00f6netilmi\u015f de ba\u015f\u0131m\u0131za gelenlerden onlar sorumluydu&#8230; Solcular \u015f\u00f6yleler, b\u00f6yleler, onlar\u0131n y\u00fcz\u00fcnden ba\u015f\u0131m\u0131za bunlar gelmi\u015fti sanki&#8230;<\/span><br style=\"color: #222222; font-family: arial, sans-serif; font-size: 12.800000190734863px;\" \/><br style=\"color: #222222; font-family: arial, sans-serif; font-size: 12.800000190734863px;\" \/><span style=\"color: #222222; font-family: arial, sans-serif; font-size: 12.800000190734863px;\">Gen\u00e7 bir devrimci yolcu oldu\u011fum y\u0131llar\u0131n ve bu y\u0131llar\u0131n hayat\u0131mdaki \u00f6neminin bu kadar k\u00f6t\u00fclenmesini hazmedemedim diyebilirim. \u0130nsan\u0131n kendi tecr\u00fcbesinin, tarihinin hi\u00e7le\u015ftirilmesi, anlams\u0131zla\u015ft\u0131r\u0131lmas\u0131 ve bu lin\u00e7 politikas\u0131, san\u0131r\u0131m ba\u015fka \u00fclkelerde yabanc\u0131 olarak ya\u015famaktan bildi\u011fim bir duruma benzerli\u011fi a\u00e7\u0131s\u0131ndan da beni \u00f6fkelendirdi. Belki bu y\u00fczden kendi tarihimizi, kendi tecr\u00fcbemizi anlatman\u0131n \u00f6nemli oldu\u011funu d\u00fc\u015f\u00fcnd\u00fcm.<\/span><br style=\"color: #222222; font-family: arial, sans-serif; font-size: 12.800000190734863px;\" \/><span style=\"color: #222222; font-family: arial, sans-serif; font-size: 12.800000190734863px;\">Haf\u0131za kay\u0131tlar\u0131 tekrar hat\u0131rlan\u0131p anlat\u0131ld\u0131k\u00e7a, hat\u0131rlan\u0131p anlat\u0131ld\u0131\u011f\u0131 haliyle beyinde yeni bir kayda d\u00f6n\u00fc\u015f\u00fcyormu\u015f. Yani neyi, nas\u0131l anlatt\u0131\u011f\u0131n\u0131z, anlatma niyeti ve onun politikas\u0131, hat\u0131rlanan, anlat\u0131lan olgu olabiliyor. T\u00fcrkiye\u2019ye geldi\u011fim ilk y\u0131llarda pop\u00fcler olan bir dizi vard\u0131. Bilgi \u00dcniversitesi&#8217;ndeki bir\u00e7ok \u00f6\u011frencim izliyordu o diziyi: &#8220;Hat\u0131rla sevgili&#8221;. Orta s\u0131n\u0131f de\u011ferlerinin merkeze oturtulup, 68 Hareketi&#8217;nin anlat\u0131ld\u0131\u011f\u0131 bu diziye \u00f6\u011frencilerim, o d\u00f6nemin kahramanlar\u0131n\u0131n fikirleri, ideolojilerinden \u00e7ok onlar\u0131n a\u015fk hayatlar\u0131ndan dolay\u0131 merak sarm\u0131\u015flard\u0131. San\u0131r\u0131m o d\u00f6nemin liderleri bug\u00fcn\u00fcn gen\u00e7lerinin haf\u0131zas\u0131na \u00f6ylesine, tek boyutlu, derinli\u011fi olmayan insanlara d\u00f6n\u00fc\u015ft\u00fcr\u00fclerek kaydedildiler. \u0130ster istemez o d\u00f6nemin solunu ve sonras\u0131n\u0131 da bu kay\u0131tlar \u00fczerinde de\u011ferlendireceklerdir. TAKSAV Sinema At\u00f6lyesi&#8217;ne kat\u0131lan gen\u00e7lerle bu konular\u0131 epey tart\u0131\u015ft\u0131k. Bir Devrimci Yol belgeseli yapma fikri veya en az\u0131ndan Devrimci Yol\u2019un ruhunu biraz da olsa anlatabilme iste\u011fi bu tart\u0131\u015fmalar sonucu olu\u015ftu diyebilirim.<\/span><br style=\"color: #222222; font-family: arial, sans-serif; font-size: 12.800000190734863px;\" \/><strong style=\"color: #222222; font-family: arial, sans-serif; font-size: 12.800000190734863px;\"><br \/>\u00bbDevrimci Yol&#8217;un m\u00fccadele pratikleri i\u00e7inden neden Direni\u015f Komiteleri \u00f6rne\u011fini se\u00e7tiniz?<\/strong><br style=\"color: #222222; font-family: arial, sans-serif; font-size: 12.800000190734863px;\" \/><span style=\"color: #222222; font-family: arial, sans-serif; font-size: 12.800000190734863px;\">Direni\u015f Komiteleri, Devrimci Yol&#8217;un siyasetini en iyi ifade eden kavram. \u00dclkede var olan fa\u015fist g\u00fc\u00e7lere kar\u015f\u0131 halktan gelen direni\u015fi devrimci, sosyalist bir yap\u0131lanmaya kanalize etmekte Direni\u015f Komiteleri ba\u015far\u0131l\u0131 oldu. B\u00fcy\u00fckkayal\u0131 k\u00f6y\u00fcnde Direni\u015f Komiteleri&#8217;nin bu kadar ba\u015far\u0131l\u0131 oldu\u011funu g\u00f6rmek Devrimci Yol&#8217;un politik analizlerinin ne kadar yerinde oldu\u011funu bir kez daha bize hat\u0131rlatt\u0131. G\u00fcnl\u00fck hayat\u0131n fa\u015fist unsurlardan temizlenip, devrim do\u011frultusunda g\u00fcn g\u00fcn, bilin\u00e7li bir yap\u0131lanman\u0131n olu\u015fturulmas\u0131 i\u00e7in seferber olunmas\u0131 ve m\u00fcthi\u015f bir birliktelikle, enerjiyle hayat\u0131n daha anlaml\u0131, daha ya\u015fan\u0131l\u0131r bir hale d\u00f6n\u00fc\u015ft\u00fcr\u00fclmesi bizi heyecanland\u0131rd\u0131. Tabii direni\u015f komiteleri ve devrimci yol siyasetinin di\u011fer kavram ve m\u00fccadeleleri bir belgeselle anlat\u0131lamasa da biz kendi ad\u0131m\u0131za bir yerden ba\u015flamak istedik.<\/span><br style=\"color: #222222; font-family: arial, sans-serif; font-size: 12.800000190734863px;\" \/><br style=\"color: #222222; font-family: arial, sans-serif; font-size: 12.800000190734863px;\" \/><span style=\"color: #222222; font-family: arial, sans-serif; font-size: 12.800000190734863px;\">\u00bbDireni\u015f Komiteleri&#8217;nin hayata ge\u00e7ti\u011fi bir\u00e7ok \u00f6rnek olmas\u0131na ra\u011fmen neden U\u015fak&#8217;\u0131n B\u00fcy\u00fckkayal\u0131 k\u00f6y\u00fc?<\/span><br style=\"color: #222222; font-family: arial, sans-serif; font-size: 12.800000190734863px;\" \/><span style=\"color: #222222; font-family: arial, sans-serif; font-size: 12.800000190734863px;\">B\u00fcy\u00fckkayal\u0131 k\u00f6y\u00fc, verdi\u011fi m\u00fccadele ve bu m\u00fccadeledeki ba\u015far\u0131s\u0131 a\u00e7\u0131s\u0131ndan bak\u0131ld\u0131\u011f\u0131nda yeterince &#8220;\u00fcn&#8221; yapmam\u0131\u015f bir k\u00f6y. O\u011fuzhan M\u00fcft\u00fco\u011flu&#8217;na Devrimci Yol&#8217;un biraz da olsa ruhunu anlatmak istiyoruz dedi\u011fimizde bize B\u00fcy\u00fckkayal\u0131&#8217;y\u0131 \u00f6nerdi. Asl\u0131nda\u00a0 belgesel fikri \u00fczerine konu\u015furken B\u00fcy\u00fckkayal\u0131 k\u00f6y\u00fcnden haberdar bile de\u011fildim. San\u0131r\u0131m bir\u00e7ok Devrimci Yol&#8217;cu arkada\u015f\u0131m\u0131z da de\u011fildi. Bunu g\u00f6sterimlerden sonra bizimle yap\u0131lan konu\u015fmalarda daha da fark ettik. O\u011fuzhan M\u00fcft\u00fco\u011flu&#8217;nun \u00f6nerisi \u00fczerine Ocak 2012&#8217;nin ikinci haftas\u0131nda B\u00fcy\u00fckkayal\u0131 k\u00f6y\u00fcne gittim, orada ya\u015fayan Devrimci Yol&#8217;cu k\u00f6yl\u00fclerle tan\u0131\u015ft\u0131m. K\u00f6y\u00fc dola\u015ft\u0131m, uzun uzad\u0131ya, detayl\u0131 bir \u015fekilde k\u00f6yl\u00fclerden k\u00f6y\u00fcn m\u00fcthi\u015f devrimci tarihini dinledim. T\u00fcm k\u00f6y\u00fcn birlik olup onlara eziyet eden fa\u015fistleri nas\u0131l k\u00f6yden kovduklar\u0131n\u0131, kom\u00fcnlerle nas\u0131l \u00fcretim yapt\u0131klar\u0131n\u0131, Direni\u015f Komiteleri kurduklar\u0131n\u0131, halk odalar\u0131n\u0131, halk pazarlar\u0131n\u0131 hep bir a\u011f\u0131zdan anlatt\u0131lar. Ertesi g\u00fcn k\u00f6yden ayr\u0131l\u0131rken Devrimci Yol&#8217;un ruhunu belgeselle anlat\u0131p anlatamayaca\u011f\u0131m\u0131zdan pek emin de\u011fildim, fakat kendi ad\u0131ma \u015funu s\u00f6ylemeliyim ki Devrimci Yol ruhunu B\u00fcy\u00fckkayal\u0131&#8217;da bir kez daha bulmu\u015ftum.<\/span><br style=\"color: #222222; font-family: arial, sans-serif; font-size: 12.800000190734863px;\" \/><span style=\"color: #222222; font-family: arial, sans-serif; font-size: 12.800000190734863px;\">B\u00fcy\u00fckkayal\u0131lar\u0131n hik\u00e2yelerinin fazla biliniyor olmamas\u0131, ciddi kay\u0131plar vermeleri, a\u011f\u0131r eziyetler ve b\u00fcy\u00fck ac\u0131lar ya\u015famalar\u0131na ra\u011fmen devrimci olmaktan pi\u015fmanl\u0131k duymamalar\u0131, m\u00fccadelelerinin onurunu hal\u00e2 ya\u015f\u0131yor olmalar\u0131 bir belgesel yapmak i\u00e7in fazlas\u0131yla yeterliydi. Ayn\u0131 zamanda b\u00f6yle ad\u0131 duyulmam\u0131\u015f daha ne kadar devrimci k\u00f6y var diye d\u00fc\u015f\u00fcnd\u00fcrtmesi, dolay\u0131s\u0131yla Devrimci Yol&#8217;un bir halk \u00f6rg\u00fct\u00fc oldu\u011funu yans\u0131tmas\u0131 a\u00e7\u0131s\u0131ndan da B\u00fcy\u00fckkayal\u0131&#8217; n\u0131n iyi bir \u00f6rnek oldu\u011funu d\u00fc\u015f\u00fcnd\u00fck.<\/span><br style=\"color: #222222; font-family: arial, sans-serif; font-size: 12.800000190734863px;\" \/><br style=\"color: #222222; font-family: arial, sans-serif; font-size: 12.800000190734863px;\" \/><strong style=\"color: #222222; font-family: arial, sans-serif; font-size: 12.800000190734863px;\">\u00bbB\u00fcy\u00fckkayal\u0131 k\u00f6y\u00fc sizin bu \u00e7al\u0131\u015fman\u0131z\u0131 nas\u0131l kar\u015f\u0131lad\u0131, k\u00f6yl\u00fcleri kamera kar\u015f\u0131s\u0131nda konu\u015fturmak zor oldu mu? Ne t\u00fcrden zorluklarla kar\u015f\u0131la\u015ft\u0131n\u0131z?<\/strong><br style=\"color: #222222; font-family: arial, sans-serif; font-size: 12.800000190734863px;\" \/><span style=\"color: #222222; font-family: arial, sans-serif; font-size: 12.800000190734863px;\">B\u00fcy\u00fckkayal\u0131 k\u00f6y\u00fc devrimci olmaktan, sosyalist olmaktan dolay\u0131 \u00e7ok eziyet g\u00f6rm\u00fc\u015f bir k\u00f6y. Ac\u0131lar\u0131n\u0131 hi\u00e7bir zaman anlatamay\u0131z, anlatmaya \u00e7al\u0131\u015fmak da pek anlaml\u0131 olmayabilir. Biz sadece hal\u00e2 yanlar\u0131nda oldu\u011fumuzu, varl\u0131klar\u0131n\u0131n, m\u00fccadelelerinin, devrimciliklerinin unutulmad\u0131\u011f\u0131n\u0131, yaralar\u0131m\u0131z\u0131 ancak birlik olursak iyile\u015ftirebilece\u011fimizi ve hep yanlar\u0131nda olaca\u011f\u0131m\u0131z\u0131 hissettirmek istedik. Ne kadar ba\u015far\u0131l\u0131 olduk bilmiyorum. Fakat k\u00f6yl\u00fcleri kameraya konu\u015fturmakta \u00e7ok ba\u015far\u0131l\u0131 oldu\u011fumuzu d\u00fc\u015f\u00fcnm\u00fcyorum. Bunda bizim pay\u0131m\u0131z nedir bilmiyorum. Bildi\u011fim, \u015fu anda var olan politik atmosfer ve arkam\u0131zdan y\u00fcr\u00fct\u00fclen negatif propagandan\u0131n \u00e7ok tesiri oldu\u011fu&#8230; baz\u0131 resmi ki\u015filerin hakk\u0131m\u0131zda bilgi toplamaya \u00e7al\u0131\u015ft\u0131\u011f\u0131, k\u00f6yl\u00fclere bizimle ilgili sorular sordu\u011fu. K\u00f6y imam\u0131n\u0131n da cemaatine bizimle ilgili negatif telkinlerde bulundu\u011funu biliyoruz. Ayr\u0131ca k\u00f6y\u00fcn en y\u00fcksek noktas\u0131 olan minareden g\u00f6r\u00fcnt\u00fc almak i\u00e7in izin istedi\u011fimizde bize izin vermedi. Politik ama\u00e7l\u0131 ki\u015filer oldu\u011fumuzu s\u00f6yledi. Kald\u0131 ki belgeselde de bahsedildi\u011fi gibi o cami ve minare devrimciler taraf\u0131ndan yap\u0131lm\u0131\u015f. T\u00fcm bunlar\u0131 ve ge\u00e7mi\u015fte ya\u015fad\u0131klar\u0131 kay\u0131plar\u0131, i\u015fkenceleri, hapis cezalar\u0131n\u0131 da dikkate ald\u0131\u011f\u0131m\u0131zda k\u00f6yl\u00fclerin bizimle konu\u015fma konusunda \u00e7ekimser olmalar\u0131 anla\u015f\u0131l\u0131r. Yine de bizi d\u0131\u015flamad\u0131lar, yard\u0131mc\u0131 olmaya \u00e7al\u0131\u015ft\u0131lar. Bir \u00e7o\u011fu bizi uzaktan izlemeyi tercih etti. Umar\u0131m yapt\u0131\u011f\u0131m\u0131z bu belgesel B\u00fcy\u00fckkayal\u0131lara onlardan ilham alarak m\u00fccadelemize devam etti\u011fimizi anlatma imk\u00e2n\u0131 verir.<\/span><br style=\"color: #222222; font-family: arial, sans-serif; font-size: 12.800000190734863px;\" \/><br style=\"color: #222222; font-family: arial, sans-serif; font-size: 12.800000190734863px;\" \/><strong style=\"color: #222222; font-family: arial, sans-serif; font-size: 12.800000190734863px;\">\u00bb\u00c7al\u0131\u015fman\u0131z Emniyet ve Jandarma taraf\u0131ndan da engellenmek istenmi\u015f&#8230;.<\/strong><br style=\"color: #222222; font-family: arial, sans-serif; font-size: 12.800000190734863px;\" \/><span style=\"color: #222222; font-family: arial, sans-serif; font-size: 12.800000190734863px;\">S\u00fcrekli takip edilip g\u00f6zalt\u0131nda oldu\u011fumuzu biliyorduk. K\u00f6yde bulundu\u011fumuz s\u00fcrece k\u00f6y d\u0131\u015f\u0131nda jandarman\u0131n ara\u00e7 i\u00e7inde bekledi\u011fi bize s\u00f6ylendi. Fiili bir engel olmad\u0131 fakat k\u00f6yl\u00fclere dolayl\u0131 olarak verilen g\u00f6zda\u011f\u0131yla da bir nevi bizi engellemi\u015f oldular.<\/span><br style=\"color: #222222; font-family: arial, sans-serif; font-size: 12.800000190734863px;\" \/><strong style=\"color: #222222; font-family: arial, sans-serif; font-size: 12.800000190734863px;\"><br \/>\u00bbBelgeselde Direni\u015f Komiteleri \u00e7al\u0131\u015fmas\u0131 i\u00e7inde yer alan insanlar ge\u00e7mi\u015ften konu\u015furken olduk\u00e7a pozitif konu\u015fuyorlar. Ge\u00e7mi\u015ften bug\u00fcne ne kalm\u0131\u015f, ne t\u00fcr g\u00f6zlemleriniz var?<\/strong><br style=\"color: #222222; font-family: arial, sans-serif; font-size: 12.800000190734863px;\" \/><span style=\"color: #222222; font-family: arial, sans-serif; font-size: 12.800000190734863px;\">K\u00f6y ya\u015fad\u0131klar\u0131n\u0131 unutmu\u015f de\u011fil. Evet, \u00e7ok bask\u0131 ve eziyet g\u00f6rm\u00fc\u015fler fakat devrimciliklerinin onlara kazan\u0131mlar\u0131 o kadar pozitif ve belirleyici ki o g\u00fcnleri konu\u015fmak, hat\u0131rlamak onlara mutluluk veriyor. K\u00f6y halk\u0131n\u0131n hal\u00e2 payla\u015f\u0131mc\u0131 oldu\u011fundan, tarla i\u015flerinde birbirlerine yard\u0131m ettiklerinden, kendi k\u00f6y hayatlar\u0131n\u0131 ilgilendiren konulardaki sorunlar\u0131 aralar\u0131nda konu\u015farak ve g\u00f6r\u00fc\u015ferek halletmeye \u00e7al\u0131\u015ft\u0131klar\u0131ndan, mevzular\u0131 idari, hukuki makamlara m\u00fcmk\u00fcn oldu\u011funca ta\u015f\u0131mad\u0131klar\u0131ndan bahsettiler. Sorunlar\u0131 birlikte \u00e7\u00f6zerek ya\u015famak, devrimci g\u00fcnlerden edindikleri bir duyarl\u0131l\u0131k. Kan\u0131mca devrimci m\u00fccadele i\u00e7inde bulunmak, hayata bu perspektiften bakmak B\u00fcy\u00fckkayal\u0131lara bilgelik getirmi\u015f. H\u00fcseyin Kahraman&#8217;\u0131n s\u00f6yledi\u011fi gibi &#8220;Her insan\u0131n bir ezgisi vard\u0131r&#8221;.\u00a0 \u0130nsan\u0131n ezgisinin tecr\u00fcbesi, d\u00fc\u015f\u00fcncesi, duygular\u0131n\u0131n yo\u011funlu\u011fu oran\u0131nda evirildi\u011fini d\u00fc\u015f\u00fcn\u00fcrsek, i\u015fte bu ezgi B\u00fcy\u00fckkayal\u0131&#8217;da insanl\u0131\u011f\u0131n iyili\u011fine, g\u00fczelli\u011fine do\u011fru evirilmi\u015f.<\/span><br style=\"color: #222222; font-family: arial, sans-serif; font-size: 12.800000190734863px;\" \/><br style=\"color: #222222; font-family: arial, sans-serif; font-size: 12.800000190734863px;\" \/><strong style=\"color: #222222; font-family: arial, sans-serif; font-size: 12.800000190734863px;\">\u00bbBelgeseli \u00e7ektikten sonra bir\u00e7ok yerde g\u00f6sterim yap\u0131ld\u0131. Ne t\u00fcr tepkiler ald\u0131n\u0131z?<\/strong><br style=\"color: #222222; font-family: arial, sans-serif; font-size: 12.800000190734863px;\" \/><span style=\"color: #222222; font-family: arial, sans-serif; font-size: 12.800000190734863px;\">Biz bunlar\u0131 bilmiyorduk dedi izleyiciler. H\u00fcz\u00fcnlendik, g\u00fcld\u00fck en \u00e7ok da d\u00fc\u015f\u00fcnd\u00fck, dedi. Hem ge\u00e7mi\u015fte yapt\u0131klar\u0131m\u0131z, hem de \u015fu anda geldi\u011fimiz yeri sorgulamam\u0131z\u0131, g\u00f6zden ge\u00e7irmemizi sa\u011flad\u0131n\u0131z, dediler. Belgesel&#8217;de konu\u015fan B\u00fcy\u00fckkayal\u0131 Fikret Evran, U\u015fak g\u00f6steriminde belgesel hakk\u0131nda &#8220;Fare da\u011f do\u011furmu\u015f&#8221; diyerek g\u00fczel bir iltifat yapt\u0131. Yine bir ba\u015fka izleyici belgeseli\u00a0 Bertolucci&#8217;nin &#8220;1900&#8221; isimli filmi ile mukayese etti. Belgeseli ba\u015far\u0131l\u0131 buldu\u011funu belirtti. Benim i\u00e7in anlaml\u0131 bir iltifatt\u0131. Hatta belgeselin bir devrimci e\u011fitim filmi olarak kullan\u0131lmas\u0131n\u0131 \u00f6nerdi. Bunlar\u0131 duymak devrimcilerin, sosyalistlerin ya\u015fad\u0131\u011f\u0131 k\u00f6t\u00fcl\u00fckleri unutturmuyor fakat hala umut oldu\u011funu hissettiriyor.<\/span><br style=\"color: #222222; font-family: arial, sans-serif; font-size: 12.800000190734863px;\" \/><br style=\"color: #222222; font-family: arial, sans-serif; font-size: 12.800000190734863px;\" \/><span style=\"font-family: arial, sans-serif; font-size: 12.800000190734863px; color: #ff0000;\"><strong>TAKSAV\u2019da bir sinema kolektifi<\/strong><\/span><br style=\"color: #222222; font-family: arial, sans-serif; font-size: 12.800000190734863px;\" \/><strong style=\"color: #222222; font-family: arial, sans-serif; font-size: 12.800000190734863px;\"><br \/>\u00bbPeki, biraz da Sine Yol Kolektifi&#8217;nden s\u00f6z eder misiniz?<\/strong><br style=\"color: #222222; font-family: arial, sans-serif; font-size: 12.800000190734863px;\" \/><span style=\"color: #222222; font-family: arial, sans-serif; font-size: 12.800000190734863px;\">Sine Yol Kolektifi, \u0130stanbul TAKSAV&#8217; da sinemaya merakl\u0131 farkl\u0131 disiplinlerden arkada\u015flar\u0131n film izleyip tart\u0131\u015fan bir sinema at\u00f6lyesi olarak ba\u015flad\u0131. Sinemay\u0131 e\u011flence olarak de\u011fil, emekten yana eylem bi\u00e7imi ve sinemasal \u00fcretim konusunda benzer kayg\u0131 ve hedefleri payla\u015fan bir toplama evrildi. TEKEL direni\u015fi s\u0131ras\u0131nda tart\u0131\u015ft\u0131\u011f\u0131m\u0131z bi\u00e7imlerin g\u00f6rsel anlat\u0131m\u0131n\u0131 yapmak i\u00e7in yola \u00e7\u0131kt\u0131k ve &#8220;TEKEL 51&#8221; bunun bir \u00fcr\u00fcn\u00fcyd\u00fc. Sonraki s\u00fcre\u00e7 ise Ordu valisinin ordu s\u0131n\u0131rlar\u0131 i\u00e7erisine mevsimlik k\u00fcrt f\u0131nd\u0131k i\u015f\u00e7ilerinin giremiyece\u011fi mealinde bir a\u00e7\u0131klamas\u0131 neticesinde tekrar yola \u00e7\u0131kt\u0131k. &#8220;Yola D\u00fc\u015ft\u00fck&#8221; K\u00fcrt mevsimlik i\u015f\u00e7ilerin, yola \u00e7\u0131k\u0131\u015f nedenlerini, yolculuklar\u0131n\u0131 ve ya\u015fad\u0131klar\u0131n\u0131 dinleyen, g\u00f6ren ve g\u00f6rd\u00fc\u011f\u00fcn\u00fc aktaran bir belgesel oldu. Sine Yol ad\u0131n\u0131 da o zaman ald\u0131k, &#8220;Kar\u0131k&#8221; da dahil olmak \u00fczere yapt\u0131\u011f\u0131m\u0131z tart\u0131\u015fma ve belgesellerde yeralan Sine Yol kolektifi bile\u015fenleri, kendi ya\u015fam, \u00e7al\u0131\u015fma ko\u015fullar\u0131n\u0131n uygunlu\u011fu ve tart\u0131\u015fma s\u00fcre\u00e7leri neticesinde dahil oldu.<\/span><br style=\"color: #222222; font-family: arial, sans-serif; font-size: 12.800000190734863px;\" \/><br style=\"color: #222222; font-family: arial, sans-serif; font-size: 12.800000190734863px;\" \/><strong style=\"color: #222222; font-family: arial, sans-serif; font-size: 12.800000190734863px;\">\u00bbSine Yol Kollektifinin ba\u015fka ne t\u00fcr projeleri var?<\/strong><br style=\"color: #222222; font-family: arial, sans-serif; font-size: 12.800000190734863px;\" \/><span style=\"color: #222222; font-family: arial, sans-serif; font-size: 12.800000190734863px;\">Asl\u0131nda tart\u0131\u015ft\u0131\u011f\u0131m\u0131z \u015feyler var.\u00a0 &#8220;Kar\u0131k&#8221; belgeselinin bizlere g\u00f6stermi\u015f oldu\u011fu kolektif \u00fcretim bi\u00e7imleri \u00fczerine tart\u0131\u015fmaya ba\u015flad\u0131k. Sonu\u00e7ta \u00e7evremizde b\u00fcy\u00fck bir \u00f6zveri ile kurulan gazete ve kooperatifler var. Kolektif bir m\u00fccadele ve \u00fcretim bi\u00e7imi olarak kar\u015f\u0131m\u0131zda duruyor ama g\u00f6r\u00fcn\u00fcrl\u00fc\u011f\u00fc yanda\u015f medya taraf\u0131ndan engelleniyor veya kar\u015f\u0131 propaganda ile olumsuzlan\u0131yor. Buralarda her g\u00fcn ve her g\u00fcn m\u00fccadele veriliyor. Buradaki pratik s\u00fcre\u00e7lerin de<\/span><br style=\"color: #222222; font-family: arial, sans-serif; font-size: 12.800000190734863px;\" \/><span style=\"color: #222222; font-family: arial, sans-serif; font-size: 12.800000190734863px;\">g\u00f6r\u00fcn\u00fcr k\u0131l\u0131nmas\u0131 ve aktar\u0131lmas\u0131 gerekmekte.<\/span><br style=\"color: #222222; font-family: arial, sans-serif; font-size: 12.800000190734863px;\" \/><span style=\"font-family: arial, sans-serif; font-size: 12.800000190734863px; color: #ff0000;\"><strong><br \/>Sineyol Kolektifi \u00fcyeleri kimdir?<\/strong><\/span><br style=\"color: #222222; font-family: arial, sans-serif; font-size: 12.800000190734863px;\" \/><strong style=\"color: #222222; font-family: arial, sans-serif; font-size: 12.800000190734863px;\">Nur\u015fen Bak\u0131r:<\/strong><span style=\"color: #222222; font-family: arial, sans-serif; font-size: 12.800000190734863px;\"> Bilgi \u00dcniversitesi Sinema TV B\u00f6l\u00fcm\u00fc Eski \u00d6\u011fretim G\u00f6revlisi. &#8220;Found footage&#8221; ve deneysel sinema \u00fczerine ders verdi. 2008 y\u0131l\u0131nda \u0130stanbul TAKSAV&#8217;da ba\u015flad\u0131\u011f\u0131 sinema at\u00f6lyesine, \u0130zmir TAKSAV&#8217;da devam etmektedir.<\/span><br style=\"color: #222222; font-family: arial, sans-serif; font-size: 12.800000190734863px;\" \/><strong style=\"color: #222222; font-family: arial, sans-serif; font-size: 12.800000190734863px;\">Cem Y\u0131ld\u0131r\u0131m: <\/strong><span style=\"color: #222222; font-family: arial, sans-serif; font-size: 12.800000190734863px;\">\u0130stanbul TAKSAV da sinema at\u00f6lyesi kat\u0131l\u0131mc\u0131lar\u0131ndan, BirG\u00fcn \u00e7al\u0131\u015fan\u0131.<\/span><br style=\"color: #222222; font-family: arial, sans-serif; font-size: 12.800000190734863px;\" \/><strong style=\"color: #222222; font-family: arial, sans-serif; font-size: 12.800000190734863px;\">Eren Eryol: <\/strong><span style=\"color: #222222; font-family: arial, sans-serif; font-size: 12.800000190734863px;\">\u0130stanbul TAKSAV da sinema at\u00f6lyesi kat\u0131l\u0131mc\u0131lar\u0131ndan, Mimar Sinan \u00dcniversitesi foto\u011fraf b\u00f6l\u00fcm\u00fc \u00f6\u011frencisi.<\/span><br style=\"color: #222222; font-family: arial, sans-serif; font-size: 12.800000190734863px;\" \/><strong style=\"color: #222222; font-family: arial, sans-serif; font-size: 12.800000190734863px;\">Gizemsu Kirac\u0131:<\/strong><span style=\"color: #222222; font-family: arial, sans-serif; font-size: 12.800000190734863px;\"> \u0130stanbul TAKSAV da sinema at\u00f6lyesi kat\u0131l\u0131mc\u0131lar\u0131ndan, Stajyer avukat<\/span><\/p>\n<p>\u00a0<\/p>\n<p>\u00a0<\/p>\n","protected":false},"excerpt":{"rendered":"<p>Kar\u0131k, TAKSAV Sine Yol Kolektifi&#8217;nin \u00e7ekti\u011fi son belgesel filmi. Direni\u015f Komiteleri&#8217;nden &#8216;Kar\u0131k&#8217;a 28\u00a0MAR\u00a02013 Birg\u00fcn \u00a0 \u0130BRAH\u0130M AYDIN Kar\u0131k, TAKSAV Sine&#46;&#46;&#46;<\/p>\n","protected":false},"author":1,"featured_media":0,"comment_status":"closed","ping_status":"closed","sticky":false,"template":"","format":"standard","meta":{"_jetpack_memberships_contains_paid_content":false,"footnotes":""},"categories":[61],"tags":[],"class_list":["post-3127","post","type-post","status-publish","format-standard","hentry","category-kultur-sanat"],"aioseo_notices":[],"jetpack_featured_media_url":"","jetpack_sharing_enabled":true,"jetpack-related-posts":[],"_links":{"self":[{"href":"http:\/\/www.ced.org.tr\/index.php?rest_route=\/wp\/v2\/posts\/3127","targetHints":{"allow":["GET"]}}],"collection":[{"href":"http:\/\/www.ced.org.tr\/index.php?rest_route=\/wp\/v2\/posts"}],"about":[{"href":"http:\/\/www.ced.org.tr\/index.php?rest_route=\/wp\/v2\/types\/post"}],"author":[{"embeddable":true,"href":"http:\/\/www.ced.org.tr\/index.php?rest_route=\/wp\/v2\/users\/1"}],"replies":[{"embeddable":true,"href":"http:\/\/www.ced.org.tr\/index.php?rest_route=%2Fwp%2Fv2%2Fcomments&post=3127"}],"version-history":[{"count":0,"href":"http:\/\/www.ced.org.tr\/index.php?rest_route=\/wp\/v2\/posts\/3127\/revisions"}],"wp:attachment":[{"href":"http:\/\/www.ced.org.tr\/index.php?rest_route=%2Fwp%2Fv2%2Fmedia&parent=3127"}],"wp:term":[{"taxonomy":"category","embeddable":true,"href":"http:\/\/www.ced.org.tr\/index.php?rest_route=%2Fwp%2Fv2%2Fcategories&post=3127"},{"taxonomy":"post_tag","embeddable":true,"href":"http:\/\/www.ced.org.tr\/index.php?rest_route=%2Fwp%2Fv2%2Ftags&post=3127"}],"curies":[{"name":"wp","href":"https:\/\/api.w.org\/{rel}","templated":true}]}}