{"id":3128,"date":"2013-04-15T18:29:58","date_gmt":"2013-04-15T15:29:58","guid":{"rendered":"http:\/\/www.ced.org.tr\/?p=3128"},"modified":"2013-04-15T18:29:58","modified_gmt":"2013-04-15T15:29:58","slug":"binler-bir-kez-daha-haykirdi-emek-yerinde-guzel","status":"publish","type":"post","link":"http:\/\/www.ced.org.tr\/?p=3128","title":{"rendered":"Binler bir kez daha hayk\u0131rd\u0131: Emek yerinde g\u00fczel"},"content":{"rendered":"<p><div style=\"color: #222222; font-family: arial, sans-serif;\"><strong style=\"font-size: 12.727272033691406px;\">Tarihi Emek Sinemas\u0131&#8217;n\u0131n y\u0131k\u0131larak AVM yap\u0131lmas\u0131na kar\u015f\u0131 \u00e7\u0131kan sanatseverler, kent ve ya\u015fam savunucular\u0131 Emek Sinemas\u0131&#8217;n\u0131n \u00f6n\u00fcnde eylem yapt\u0131<\/strong><\/div>\n<div style=\"color: #222222; font-family: arial, sans-serif;\"><strong style=\"font-size: 12.727272033691406px;\"><br \/><\/strong><\/div>\n<div style=\"color: #222222; font-family: arial, sans-serif;\"><span style=\"font-size: 12.800000190734863px;\">14 Nisan 2013 Birg\u00fcn<\/p>\n<p><\/span><\/div>\n<div style=\"color: #222222; font-family: arial, sans-serif;\"><\/div>\n<div style=\"color: #222222; font-family: arial, sans-serif; font-size: 12.800000190734863px;\"><strong><span style=\"font-size: xx-small;\"><a href=\"http:\/\/www.birgun.net\/actuels_index.php?news_code=1365927845&amp;year=2013&amp;month=04&amp;day=14\" target=\"_blank\" style=\"color: #1155cc;\">http:\/\/www.birgun.net\/actuels_index.php?news_code=1365927845&amp;year=2013&amp;month=04&amp;day=14<\/a><\/span><\/strong><\/div>\n<div style=\"color: #222222; font-family: arial, sans-serif; font-size: 13px; margin: 5px 3px 5px 10px;\">\n<div>\n<p>\u0130stiklal Caddesi&#8217;nde toplanan binler bir kez daha\u00a0\u00a0Emek Sinemas\u0131 i\u00e7in eylemdeydi. Sinema meslek \u00f6rg\u00fctleri, dernekler ve Oyuncular Sendikas\u0131\u2019n\u0131n \u00e7a\u011fr\u0131s\u0131yla Emek Sinemas\u0131 \u00f6n\u00fcnde bir araya gelen binlerce ki\u015fi,\u00a0\u00a0&#8220;Emek yerinde g\u00fczel&#8221;, &#8220;\u0130stanbul uyuma, Emek&#8217;e sahip \u00e7\u0131k&#8221;, &#8220;Emek bizim \u0130stanbul bizim&#8221; d\u00f6vizleri ta\u015f\u0131d\u0131.<\/p>\n<p>Emek Sinemas\u0131&#8217;na \u00e7\u0131kan soka\u011f\u0131n \u00f6\u011fle saatleri itibariyle iki panzer ve bir polis otob\u00fcs\u00fcyle kapat\u0131lmas\u0131na kar\u015f\u0131n, eylemcilerin \u0131srar\u0131yla polis geri \u00e7ekildi ve eyleme Emek Sinemas\u0131&#8217;n\u0131n \u00f6n\u00fcnde devam edildi.<\/p>\n<p>Emek Bizim \u0130stanbul Bizim Platformu&#8217;nun ge\u00e7ti\u011fimiz hafta d\u00fczenledi\u011fi ve Costa Gavras, Tuncel Kurtiz ve Derya Alabora gibi sanat\u00e7\u0131lar\u0131n da kat\u0131ld\u0131\u011f\u0131 bas\u0131n a\u00e7\u0131klamas\u0131na polis gaz bombalar\u0131 ve tayzikli suyla m\u00fcdahale etmi\u015f, 4 ki\u015fiyi g\u00f6zalt\u0131na alm\u0131\u015ft\u0131<\/p>\n<\/div>\n<\/div>\n","protected":false},"excerpt":{"rendered":"<p>Tarihi Emek Sinemas\u0131&#8217;n\u0131n y\u0131k\u0131larak AVM yap\u0131lmas\u0131na kar\u015f\u0131 \u00e7\u0131kan sanatseverler, kent ve ya\u015fam savunucular\u0131 Emek Sinemas\u0131&#8217;n\u0131n \u00f6n\u00fcnde eylem yapt\u0131 14 Nisan&#46;&#46;&#46;<\/p>\n","protected":false},"author":1,"featured_media":0,"comment_status":"closed","ping_status":"closed","sticky":false,"template":"","format":"standard","meta":{"_jetpack_memberships_contains_paid_content":false,"footnotes":""},"categories":[61],"tags":[],"class_list":["post-3128","post","type-post","status-publish","format-standard","hentry","category-kultur-sanat"],"aioseo_notices":[],"jetpack_featured_media_url":"","jetpack_sharing_enabled":true,"jetpack-related-posts":[],"_links":{"self":[{"href":"http:\/\/www.ced.org.tr\/index.php?rest_route=\/wp\/v2\/posts\/3128","targetHints":{"allow":["GET"]}}],"collection":[{"href":"http:\/\/www.ced.org.tr\/index.php?rest_route=\/wp\/v2\/posts"}],"about":[{"href":"http:\/\/www.ced.org.tr\/index.php?rest_route=\/wp\/v2\/types\/post"}],"author":[{"embeddable":true,"href":"http:\/\/www.ced.org.tr\/index.php?rest_route=\/wp\/v2\/users\/1"}],"replies":[{"embeddable":true,"href":"http:\/\/www.ced.org.tr\/index.php?rest_route=%2Fwp%2Fv2%2Fcomments&post=3128"}],"version-history":[{"count":0,"href":"http:\/\/www.ced.org.tr\/index.php?rest_route=\/wp\/v2\/posts\/3128\/revisions"}],"wp:attachment":[{"href":"http:\/\/www.ced.org.tr\/index.php?rest_route=%2Fwp%2Fv2%2Fmedia&parent=3128"}],"wp:term":[{"taxonomy":"category","embeddable":true,"href":"http:\/\/www.ced.org.tr\/index.php?rest_route=%2Fwp%2Fv2%2Fcategories&post=3128"},{"taxonomy":"post_tag","embeddable":true,"href":"http:\/\/www.ced.org.tr\/index.php?rest_route=%2Fwp%2Fv2%2Ftags&post=3128"}],"curies":[{"name":"wp","href":"https:\/\/api.w.org\/{rel}","templated":true}]}}