{"id":3129,"date":"2013-04-15T18:34:12","date_gmt":"2013-04-15T15:34:12","guid":{"rendered":"http:\/\/www.ced.org.tr\/?p=3129"},"modified":"2013-04-15T18:34:12","modified_gmt":"2013-04-15T15:34:12","slug":"fazil-saya-10-ay-hapis","status":"publish","type":"post","link":"http:\/\/www.ced.org.tr\/?p=3129","title":{"rendered":"Faz\u0131l Say&#8217;a 10 ay hapis"},"content":{"rendered":"<p><h2 style=\"color: #222222; font-family: arial, sans-serif;\"><span style=\"font-size: 12.800000190734863px;\">15<\/span><span style=\"font-size: 12.800000190734863px;\"> <\/span><span style=\"font-size: 12.800000190734863px;\">Nisan<\/span><span style=\"font-size: 12.800000190734863px;\"> <\/span><span style=\"font-size: 12.800000190734863px;\">2013<\/span><\/h2>\n<div style=\"color: #222222; font-family: arial, sans-serif; font-size: 13px; margin: 5px 3px 5px 10px;\">\n<p>\u00a0<\/p>\n<div>\n<p><em>Piyanist ve besteci Faz\u0131l Say &#8221;halk\u0131n bir kesiminin benimsedi\u011fi dini de\u011ferleri alenen a\u015fa\u011f\u0131lad\u0131\u011f\u0131&#8221; iddias\u0131yla yarg\u0131land\u0131\u011f\u0131 davada 10 ay hapis cezas\u0131na \u00e7arpt\u0131r\u0131ld\u0131.<\/em><br \/><em><a href=\"http:\/\/www.birgun.net\/actuels_index.php?news_code=1366016003&amp;year=2013&amp;month=04&amp;day=15\" target=\"_blank\" style=\"color: #1155cc;\">http:\/\/www.birgun.net\/actuels_index.php?news_code=1366016003&amp;year=2013&amp;month=04&amp;day=15<\/a><\/em><\/p>\n<\/div>\n<\/div>\n","protected":false},"excerpt":{"rendered":"<p>15 Nisan 2013 \u00a0 Piyanist ve besteci Faz\u0131l Say &#8221;halk\u0131n bir kesiminin benimsedi\u011fi dini de\u011ferleri alenen a\u015fa\u011f\u0131lad\u0131\u011f\u0131&#8221; iddias\u0131yla yarg\u0131land\u0131\u011f\u0131 davada&#46;&#46;&#46;<\/p>\n","protected":false},"author":1,"featured_media":0,"comment_status":"closed","ping_status":"closed","sticky":false,"template":"","format":"standard","meta":{"_jetpack_memberships_contains_paid_content":false,"footnotes":""},"categories":[61],"tags":[],"class_list":["post-3129","post","type-post","status-publish","format-standard","hentry","category-kultur-sanat"],"aioseo_notices":[],"jetpack_featured_media_url":"","jetpack_sharing_enabled":true,"jetpack-related-posts":[],"_links":{"self":[{"href":"http:\/\/www.ced.org.tr\/index.php?rest_route=\/wp\/v2\/posts\/3129","targetHints":{"allow":["GET"]}}],"collection":[{"href":"http:\/\/www.ced.org.tr\/index.php?rest_route=\/wp\/v2\/posts"}],"about":[{"href":"http:\/\/www.ced.org.tr\/index.php?rest_route=\/wp\/v2\/types\/post"}],"author":[{"embeddable":true,"href":"http:\/\/www.ced.org.tr\/index.php?rest_route=\/wp\/v2\/users\/1"}],"replies":[{"embeddable":true,"href":"http:\/\/www.ced.org.tr\/index.php?rest_route=%2Fwp%2Fv2%2Fcomments&post=3129"}],"version-history":[{"count":0,"href":"http:\/\/www.ced.org.tr\/index.php?rest_route=\/wp\/v2\/posts\/3129\/revisions"}],"wp:attachment":[{"href":"http:\/\/www.ced.org.tr\/index.php?rest_route=%2Fwp%2Fv2%2Fmedia&parent=3129"}],"wp:term":[{"taxonomy":"category","embeddable":true,"href":"http:\/\/www.ced.org.tr\/index.php?rest_route=%2Fwp%2Fv2%2Fcategories&post=3129"},{"taxonomy":"post_tag","embeddable":true,"href":"http:\/\/www.ced.org.tr\/index.php?rest_route=%2Fwp%2Fv2%2Ftags&post=3129"}],"curies":[{"name":"wp","href":"https:\/\/api.w.org\/{rel}","templated":true}]}}