{"id":3132,"date":"2013-05-19T09:04:53","date_gmt":"2013-05-19T06:04:53","guid":{"rendered":"http:\/\/www.ced.org.tr\/?p=3132"},"modified":"2014-05-20T09:55:47","modified_gmt":"2014-05-20T06:55:47","slug":"konsere-gidiyoruz-3","status":"publish","type":"post","link":"http:\/\/www.ced.org.tr\/?p=3132","title":{"rendered":"Konsere gidiyoruz"},"content":{"rendered":"<p><a href=\"http:\/\/ced.org.tr\/images\/berfo.jpg\" target=\"_blank\"><img loading=\"lazy\" decoding=\"async\" class=\"alignleft\" src=\"http:\/\/ced.org.tr\/images\/berfo.jpg\" alt=\"\" width=\"144\" height=\"181\" \/><\/a><\/p>\n<p>&nbsp;<\/p>\n<p>22 May\u0131s 2013 \u00c7ar\u015famba saat 20.00<br \/>\nMustafa Kemal K\u00fclt\u00fcr Merkezi (U\u011fur Mumcu cd. No:8 Akatlar\/Be\u015fikta\u015f)<\/p>\n<p><span style=\"font-size: 10px;\">\u0130rtibat: Nurdan Demirkan<\/span><\/p>\n<p><strong style=\"font-size: 10px;\">Ula\u015f\u0131m bilgisi: <\/strong><span style=\"font-size: 10px;\">Toplu ta\u015f\u0131ma ile Kabata\u015f-Be\u015fikta\u015f y\u00f6n\u00fcnde Otob\u00fcsler (58 A) \u015ei\u015fli-Mecidiyek\u00f6y y\u00f6n\u00fcnden ise \u00a0Fatih Sultan Mehmet\u2019e giden 59A otob\u00fcsleri ile MKM&#8217;nin \u00f6n\u00fcnde inebilirsiniz.<\/span><\/p>\n<p>Araba ile MKM\u2019ye ula\u015fmak i\u00e7in Etiler\u2019den sonra Akatlar ve Karanfilk\u00f6y tabelalar\u0131n\u0131 takip ediniz<\/p>\n<p><span style=\"font-size: 10px;\">Ula\u015f\u0131m Krokisi i\u00e7in <\/span><a style=\"font-size: 10px;\" href=\"http:\/\/www.mkm-online.com\/iletisim.htm\" target=\"_blank\">t\u0131klay\u0131n\u0131z.<\/a><\/p>\n<p><strong style=\"font-size: 10px;\">Berfo Ana&#8217;n\u0131n oca\u011f\u0131 t\u00fcts\u00fcn diye<\/strong><\/p>\n<p><strong style=\"font-size: 10px;\">Berfo Ana&#8217;n\u0131n oca\u011f\u0131 t\u00fcts\u00fcn diye Ardahan&#8217;\u0131n G\u00f6le il\u00e7esindeki Berfo Ana&#8217;n\u0131n evi Cemil K\u0131rbay\u0131r&#8217;\u0131n d\u00fc\u015f\u00fcncelerini ya\u015fatmak i\u00e7in Cemil K\u0131rbay\u0131r K\u00fclt\u00fcrevi&#8217;ne d\u00f6n\u00fc\u015ft\u00fcr\u00fcl\u00fcyor. 22 May\u0131s 2013 \u00c7ar\u015famba saat 20.00&#8217;da K\u00fclt\u00fcrevi&#8217;nin d\u00fczenledi\u011fi bir dayan\u0131\u015fma konseri yap\u0131lacak. Konser gelirleri K\u00fclt\u00fcrevi&#8217;nin yap\u0131m\u0131na harcanacak.<\/strong><\/p>\n<p>&nbsp;<\/p>\n<p>&nbsp;<\/p>\n<p><img decoding=\"async\" style=\"color: #222222; font-family: arial, sans-serif; font-size: 12.800000190734863px;\" src=\"http:\/\/www.yurtgazetesi.com.tr\/images\/haberler\/berfo_ananin_ocagi_tutsun_diye_h34657.jpg\" alt=\"Berfo Ana'n\u0131n oca\u011f\u0131 t\u00fcts\u00fcn diye\" border=\"0\" \/><\/p>\n<div style=\"color: #222222; font-family: arial, sans-serif; font-size: 12.800000190734863px;\"><span style=\"color: #000000; font-family: Verdana, Arial, Helvetica, sans-serif; font-size: 10px;\">\u0130STANBUL &#8211; Ardahan&#8217;\u0131n G\u00f6le il\u00e7esindeki Berfo Ana&#8217;n\u0131n evi Cemil K\u0131rbay\u0131r&#8217;\u0131n d\u00fc\u015f\u00fcncelerini ya\u015fatmak i\u00e7in Cemil K\u0131rbay\u0131r K\u00fclt\u00fcrevi&#8217;ne d\u00f6n\u00fc\u015ft\u00fcr\u00fcl\u00fcyor. 22 May\u0131s 2013 \u00c7ar\u015famba saat 20.00&#8217;da K\u00fclt\u00fcrevi&#8217;nin d\u00fczenledi\u011fi bir dayan\u0131\u015fma konseri yap\u0131lacak. Konser gelirleri K\u00fclt\u00fcrevi&#8217;nin yap\u0131m\u0131na harcanacak.<\/span><\/div>\n<div style=\"color: #222222; font-family: arial, sans-serif; font-size: 12.800000190734863px;\">Cemil K\u0131rBay\u0131r K\u00fclt\u00fcrevi Derne\u011fi, Cemil K\u0131rbay\u0131r&#8217;\u0131n m\u00fccadele etti\u011fi topraklarda, 12 Eyl\u00fcl&#8217;\u00fcn y\u0131k\u0131m\u0131na sebep oldu\u011fu evini bir k\u00fclt\u00fcrevi olarak yeniden in\u015fa ediyor. Ardahan&#8217;\u0131n G\u00f6le il\u00e7esinde, Berfo Ana&#8217;n\u0131n, Cemil K\u0131rbay\u0131r&#8217;\u0131n evi m\u00fccadelesini ya\u015fatmak i\u00e7in aya\u011fa kald\u0131r\u0131l\u0131yor. Ge\u00e7en sene ba\u015flanan in\u015faat \u00e7al\u0131\u015fmalarda evin temeli ve kaba in\u015faat\u0131 tamamlanm\u0131\u015f durumda. \u0130n\u015faat\u0131n kalan k\u0131sm\u0131n\u0131 bitirmek i\u00e7in ba\u015flat\u0131lan dayan\u0131\u015fman\u0131n \u00f6nemli bir aya\u011f\u0131 olan bu konsere sanat\u00e7\u0131lardan destek geldi. Konser \u0130stanbul&#8217;da Mustafa K\u00fclt\u00fcr Merkezi&#8217;nde d\u00fczenlenecek. Davetiye temini i\u00e7in ise 0532632 22 77 nolu telefonu aramak gerekiyor.<\/div>\n<div style=\"color: #222222; font-family: arial, sans-serif; font-size: 12.800000190734863px;\"><strong>Cemil K\u0131rbay\u0131r K\u00fclt\u00fcrevi Derne\u011fi Ba\u015fkan\u0131 G\u00fcn \u00c7a\u011f Ayd\u0131n:<\/strong><\/div>\n<div style=\"color: #222222; font-family: arial, sans-serif; font-size: 12.800000190734863px;\">\n<div style=\"color: #222222; font-family: arial, sans-serif; font-size: 12.800000190734863px;\">\u201cCemil K\u0131rbay\u0131r 12 Eyl\u00fcl askeri darbesinin ard\u0131ndan darbeciler taraf\u0131ndan g\u00f6zalt\u0131na al\u0131n\u0131p i\u015fkenceyle \u00f6ld\u00fcr\u00fcld\u00fc. Gerek K\u0131rbay\u0131r ailesi gerek Berfo Ana 32 y\u0131ld\u0131r m\u00fccadele ediyor. Berfo Ana 32 y\u0131l darbecilerden hesap sormak i\u00e7in kar\u015f\u0131lar\u0131na dikildi. Darbecilerin hastal\u0131klar\u0131n\u0131 bahane ederek gelmedikleri mahkemeye Berfo Ana tekerlekli sandalyeyle geldi. Ardahan G\u00f6le\u2019de askerler evini bast\u0131\u011f\u0131nda evi talan etti. Cemil K\u0131rbay\u0131r\u2019\u0131 al\u0131p kaybettiler. Berfo Ana o\u011flum gelirde d\u0131\u015farda kal\u0131r diye kap\u0131s\u0131n\u0131 uzun y\u0131llar kapatmad\u0131. O\u011flum evi tan\u0131maz diye ne tadilat yapt\u0131rd\u0131 ne boyatt\u0131. Bizde bu kap\u0131 hep a\u00e7\u0131k olsun diye, Berfo Ana\u2019ya bir s\u00f6z verdik. Onun evini k\u00fclt\u00fcrevine \u00e7eviriyoruz. Berfo Ana sizler bana o\u011flumdan emanetsiniz diyerek evinin bah\u00e7esinde devrimcilere ekmek pi\u015firirdi. Bizde o oca\u011f\u0131 yeniden t\u00fctt\u00fcrmek i\u00e7in k\u00fclt\u00fcrevi haline getiriyoruz. Biz bir dayan\u0131\u015fma konseri d\u00fczenliyoruz. Herkesin yard\u0131m\u0131na ihtiyac\u0131m\u0131z var. T\u00fcm duyarl\u0131 kesimleri davet ediyoruz. Konserin bitiminde kollar\u0131 s\u0131vayacak, \u00e7al\u0131\u015fmalara devam edece\u011fiz. Berfo Ana\u2019n\u0131n oca\u011f\u0131 tekrar t\u00fctecek.\u201d dedi.<\/div>\n<p><img loading=\"lazy\" decoding=\"async\" style=\"color: #222222; font-family: arial, sans-serif; font-size: 12.800000190734863px;\" src=\"http:\/\/www.yurtgazetesi.com.tr\/images\/upload\/BJ5tM3GCEAAg-TJ.jpg\" alt=\"\" width=\"400\" height=\"571\" align=\"right\" border=\"3\" hspace=\"3\" vspace=\"3\" \/><\/p>\n<div>\n<div><strong>SUAV\u0130: BERFO ANA&#8217;NIN D\u0130RENC\u0130 \u00d6RNEK OLDU<\/strong><\/div>\n<div>\u201cBerfo Ana\u2019n\u0131n Oca\u011f\u0131 T\u00fcts\u00fcn Diye\u201d konserine destek veren Suavi:<\/div>\n<div>Bu proje devrimci dayan\u0131\u015fman\u0131n \u00f6nemli \u00f6rneklerinden biri olma \u00f6zelli\u011fi ta\u015f\u0131yor. Bu anlamda \u00e7ok \u00e7ok \u00f6nemli. Berfo Ana&#8217;n\u0131n \u00f6rnek direnci ise hepimizi yeniden ve daha da kararl\u0131 bir dayan\u0131\u015fma bilinciyle g\u00f6reve davet ediyor. Berfo Ana&#8217;n\u0131n yar\u0131m kalan bir hayali var : O\u011flu Cemil&#8217;in \u00f6l\u00fcs\u00fcne kavu\u015fmak. O bunu t\u00fcm m\u00fccadelesine ve en &#8220;yetkililerin&#8221; s\u00f6zlerine ra\u011fmen ya\u015fayamad\u0131. D\u00fcnyan\u0131n en masum iste\u011fi olan evlad\u0131n\u0131 bulma arzusunu ger\u00e7ekle\u015ftiremeden gitti ! Bunu ya\u015fatmak bu saatten itibaren t\u00fcm devrimcilerin ortak sorumlulu\u011fudur bence.<\/div>\n<div>&#8220;Berfo Ana&#8217;n\u0131n oca\u011f\u0131n\u0131n t\u00fctmesi &#8221; asl\u0131nda ; 12 Eyl\u00fcl fa\u015fizmi ile m\u00fccadelenin de s\u00fcrmesi anlam\u0131 ta\u015f\u0131maktad\u0131r.<\/div>\n<div>Cemil&#8217;in anas\u0131na kavu\u015fturulmas\u0131 ile Cemil&#8217;in do\u011fdu\u011fu-doydu\u011fu evin fa\u015fizme inat t\u00fctmesi, ayakta tutulmas\u0131 ayn\u0131 zamanda m\u00fccadelemizin de bir par\u00e7as\u0131 olarak g\u00f6r\u00fclmelidir ! 12 Eyl\u00fcl \u00e7ok ocak y\u0131km\u0131\u015f, \u00e7ok ya\u015fam karartm\u0131\u015ft\u0131r. Bu proje belki de t\u00fcm bu ya\u015fanan vah\u015fetler kar\u015f\u0131s\u0131nda ; Berfo Ana&#8217;n\u0131n oca\u011f\u0131n\u0131 bir nirengi noktas\u0131na d\u00f6n\u00fc\u015ft\u00fcrecektir. Bu duygu ve sorumluluklarla \u00e7aba harcayan dostlar\u0131m\u0131za son kertede destek vermek ve projeyi tamamlamak i\u00e7in gerekli paraya ula\u015fmak hedefli bir gece d\u00fczenleniyor.<\/div>\n<div>Geceye; Yavuz Bing\u00f6l, \u0130smail Hakk\u0131 Demircio\u011flu, Niyazi Koyuncu, Bandista ve ben kat\u0131laca\u011f\u0131z. Halk\u0131m\u0131zdan da geceye kat\u0131l\u0131mlar\u0131n\u0131 ve desteklerini beklemekteyiz.<\/div>\n<div>Projenin gelinen son a\u015famas\u0131n\u0131 ger\u00e7ekle\u015ftirmek i\u00e7in t\u00fcm duyarl\u0131 insanlar\u0131 geceye davet ediyoruz.<\/div>\n<div>Gelin dostlar ; &#8220;Berfo Ana&#8217;n\u0131n oca\u011f\u0131n\u0131 s\u00f6nd\u00fcrtmeyelim.&#8221;<\/div>\n<div>Cemil&#8217;in kemiklerini s\u0131zlatmayal\u0131m !<\/div>\n<div>\n<div><strong>BERFO ANA 32 YIL M\u00dcCADELE ETT\u0130<\/strong><\/div>\n<\/div>\n<div>Cemil K\u0131rbay\u0131r 12 Eyl\u00fcl 1980 darbesi sonras\u0131nda g\u00f6zalt\u0131na al\u0131nd\u0131 ve bir dahada ondan haber al\u0131namad\u0131. Annesi Berfo Ana, ilerleyen ya\u015f\u0131na ra\u011fmen Cumartesi Anneleri\u2019yle birlikte her hafta Galatasaray Meydan\u0131\u2019nda oturma eylemine kat\u0131ld\u0131. 105 ya\u015f\u0131ndaki Berfo K\u0131rbay\u0131r, kay\u0131p yak\u0131nlar\u0131 ile birlikte Ba\u015fbakan Recep Tayyip Erdo\u011fan&#8217;la da g\u00f6r\u00fc\u015fm\u00fc\u015f ve tek dile\u011fim \u00f6lmeden o\u011flumun mezar\u0131n\u0131 g\u00f6rebilmek demi\u015fti. O\u011flunu bulaca\u011f\u0131na s\u00f6z veren Ba\u015fbakan Berfo Ana\u2019ya verdi\u011fi s\u00f6z\u00fc hala tutmad\u0131. Berfo Ana\u2019n\u0131n \u00f6mr\u00fc o\u011flunun kemiklerini g\u00f6rmeye yetmedi. Hastal\u0131klar\u0131n\u0131 bahane ederek 12 Eyl\u00fcl davalar\u0131na gelmeyen cuntac\u0131lardan hesap sormak i\u00e7in Berfo Ana mahkemeye tekerlekli sandalyeyle gitti. O\u011flu Cemil K\u0131rbay\u0131r i\u00e7in 33 y\u0131l m\u00fccadele veren Berfo Ana, 21 \u015eubat 2013&#8217;de ge\u00e7irdi\u011fi mide kanserine ba\u011fl\u0131 ameliyattan sonra meydana gelen komplikasyonlar sonucu 105 ya\u015f\u0131nda hayat\u0131n\u0131 kaybetti<\/div>\n<div>\n<div class=\"gmail_quote\"><strong>Konser salonuna nas\u0131l ula\u015f\u0131r\u0131m?<\/strong><\/div>\n<div class=\"gmail_quote\">Toplu ta\u015f\u0131ma ile Kabata\u015f-Be\u015fikta\u015f y\u00f6n\u00fcnde Otob\u00fcsler\u00a0<strong>(58 A)<\/strong> \u015ei\u015fli-Mecidiyek\u00f6y y\u00f6n\u00fcnden ise\u00a0 Fatih Sultan Mehmet\u2019e giden\u00a0<strong>59A otob\u00fcsleri ile MKM&#8217;nin \u00f6n\u00fcnde inebilirsiniz. <\/strong><\/div>\n<div class=\"gmail_quote\">Araba ile MKM\u2019ye ula\u015fmak i\u00e7in Etiler\u2019den sonra Akatlar ve Karanfilk\u00f6y tabelalar\u0131n\u0131 takip ediniz<\/div>\n<div class=\"gmail_quote\">\n<p align=\"center\">MKM, U\u011fur Mumcu Cad. No:8 34335 Akatlar Be\u015fikta\u015f\/\u0130stanbul<\/p>\n<p align=\"center\">:\u00a0<a style=\"color: #1155cc;\" href=\"tel:%2B90%20212%20351%2093%2090\" target=\"_blank\">+90 212 351 93 90<\/a><\/p>\n<p align=\"center\">:\u00a0<a style=\"color: #1155cc;\" href=\"tel:%2B90%20212%20351%2093%2092\" target=\"_blank\">+90 212 351 93 92<\/a><\/p>\n<p align=\"center\"><span style=\"color: #cccccc;\">E-Posta :<\/span> <a style=\"color: #1155cc;\" href=\"mailto:info@mkm-online.com\" target=\"_blank\"><span style=\"font-size: small;\">info@mkm-online.com<\/span><\/a><\/p>\n<p align=\"center\"><a style=\"color: #1155cc;\" href=\"http:\/\/www.mkm-online.com\/images\/krokijpg.jpg\" target=\"_blank\"><span style=\"color: #5ca79d; font-size: medium;\">Ula\u015f\u0131m Krokisi<\/span><\/a> i\u00e7in t\u0131klat\u0131n\u0131z<\/p>\n<p align=\"center\"><a style=\"color: #1155cc; text-align: start;\" href=\"http:\/\/www.mkm-online.com\/iletisim.htm\" target=\"_blank\">http:\/\/www.mkm-online.com\/iletisim.htm<\/a><\/p>\n<\/div>\n<\/div>\n<\/div>\n<\/div>\n","protected":false},"excerpt":{"rendered":"<p>&nbsp; 22 May\u0131s 2013 \u00c7ar\u015famba saat 20.00 Mustafa Kemal K\u00fclt\u00fcr Merkezi (U\u011fur Mumcu cd. No:8 Akatlar\/Be\u015fikta\u015f) \u0130rtibat: Nurdan Demirkan Ula\u015f\u0131m&#46;&#46;&#46;<\/p>\n","protected":false},"author":1,"featured_media":4203,"comment_status":"closed","ping_status":"closed","sticky":false,"template":"","format":"standard","meta":{"_jetpack_memberships_contains_paid_content":false,"footnotes":""},"categories":[61],"tags":[],"class_list":["post-3132","post","type-post","status-publish","format-standard","has-post-thumbnail","hentry","category-kultur-sanat"],"aioseo_notices":[],"jetpack_featured_media_url":"http:\/\/www.ced.org.tr\/wp-content\/uploads\/2013\/05\/berfo.jpg","jetpack_sharing_enabled":true,"jetpack-related-posts":[],"_links":{"self":[{"href":"http:\/\/www.ced.org.tr\/index.php?rest_route=\/wp\/v2\/posts\/3132","targetHints":{"allow":["GET"]}}],"collection":[{"href":"http:\/\/www.ced.org.tr\/index.php?rest_route=\/wp\/v2\/posts"}],"about":[{"href":"http:\/\/www.ced.org.tr\/index.php?rest_route=\/wp\/v2\/types\/post"}],"author":[{"embeddable":true,"href":"http:\/\/www.ced.org.tr\/index.php?rest_route=\/wp\/v2\/users\/1"}],"replies":[{"embeddable":true,"href":"http:\/\/www.ced.org.tr\/index.php?rest_route=%2Fwp%2Fv2%2Fcomments&post=3132"}],"version-history":[{"count":3,"href":"http:\/\/www.ced.org.tr\/index.php?rest_route=\/wp\/v2\/posts\/3132\/revisions"}],"predecessor-version":[{"id":4204,"href":"http:\/\/www.ced.org.tr\/index.php?rest_route=\/wp\/v2\/posts\/3132\/revisions\/4204"}],"wp:featuredmedia":[{"embeddable":true,"href":"http:\/\/www.ced.org.tr\/index.php?rest_route=\/wp\/v2\/media\/4203"}],"wp:attachment":[{"href":"http:\/\/www.ced.org.tr\/index.php?rest_route=%2Fwp%2Fv2%2Fmedia&parent=3132"}],"wp:term":[{"taxonomy":"category","embeddable":true,"href":"http:\/\/www.ced.org.tr\/index.php?rest_route=%2Fwp%2Fv2%2Fcategories&post=3132"},{"taxonomy":"post_tag","embeddable":true,"href":"http:\/\/www.ced.org.tr\/index.php?rest_route=%2Fwp%2Fv2%2Ftags&post=3132"}],"curies":[{"name":"wp","href":"https:\/\/api.w.org\/{rel}","templated":true}]}}