{"id":3134,"date":"2013-08-15T17:19:14","date_gmt":"2013-08-15T14:19:14","guid":{"rendered":"http:\/\/www.ced.org.tr\/?p=3134"},"modified":"2013-08-15T17:19:14","modified_gmt":"2013-08-15T14:19:14","slug":"istanbul-mustesna-sehrin-istisna-hali","status":"publish","type":"post","link":"http:\/\/www.ced.org.tr\/?p=3134","title":{"rendered":"\u0130stanbul: M\u00fcstesna \u015eehrin \u0130stisna Hali"},"content":{"rendered":"<p><img loading=\"lazy\" decoding=\"async\" src=\"http:\/\/www.mimarizm.com\/V_Images\/2013%5CHaberler%5Ctn_53201.jpg\" border=\"0\" width=\"255\" height=\"272\" style=\"float: left; margin: 10px;\" \/><\/p>\n<p><strong>(Derleyen: Ay\u015fe \u00c7avdar \u2013 Pelin Tan)<\/strong><\/p>\n<div style=\"color: #222222; font-family: arial, sans-serif; font-size: 12.800000190734863px;\">\u0130stanbul neden y\u0131llardan beri d\u00fcnyan\u0131n en b\u00fcy\u00fck \u015fantiyesi g\u00f6r\u00fcn\u00fcm\u00fcnde, \u201cen b\u00fcy\u00fck\u201d projeleri sevdi\u011fimizden mi?<\/div>\n<div style=\"color: #222222; font-family: arial, sans-serif; font-size: 12.800000190734863px;\"><strong> <\/strong><\/div>\n<div style=\"color: #222222; font-family: arial, sans-serif; font-size: 12.800000190734863px;\"><strong>2 A\u011fustos 2013<\/strong><\/div>\n<div style=\"color: #222222; font-family: arial, sans-serif; font-size: 12.800000190734863px;\">\n<p><a href=\"http:\/\/www.sendika.org\/wp-content\/uploads\/2013\/08\/m%C3%BCstesna-%C5%9Fehrin-istisna-hali.jpg\" target=\"_blank\" style=\"color: #1155cc;\"><\/a>M\u00fcstesna \u015eehrin \u0130stisna Hali\u2019ndeki makaleler \u201ckentsel d\u00f6n\u00fc\u015f\u00fcm\u201d olgusunu, sermaye ve eme\u011fin \u00fcretim s\u00fcre\u00e7lerinin yeniden \u015fekillendirilmesini; hukuksal \u00e7er\u00e7eveden d\u00fcnya \u00f6l\u00e7e\u011findeki yerine, TOK\u0130\u2019nin do\u011fu\u015fu ve bug\u00fcn ald\u0131\u011f\u0131 halden \u00f6zellikle orta s\u0131n\u0131fa pompalanan risk ve g\u00fcvence eksenine kadar \u00e7ok y\u00f6nl\u00fc ve b\u00fct\u00fcnl\u00fckl\u00fc olarak ele al\u0131yor.<\/p>\n<p>Sel Yay\u0131nc\u0131l\u0131k\u2019tan \u00e7\u0131kan kitapta yer alan makaleler; konunun teorik \u00e7er\u00e7evesinin yan\u0131nda birbirini d\u0131\u015flayan, istemeyen, d\u00fc\u015fman edilen Sulukule, Tophane, Tarlaba\u015f\u0131, Bah\u00e7e\u015fehir, Ayazma, Ba\u015fak\u015fehir, K\u00fc\u00e7\u00fckpazar sakinlerinin izini s\u00fcrerek, kar\u015f\u0131 koyu\u015f olanaklar\u0131n\u0131n alt\u0131n\u0131 \u00e7iziyor.<\/p>\n<p><strong>Ay\u015fe \u00c7avdar<\/strong> ve\u00a0<strong>Pelin Tan<\/strong>\u2018\u0131n derledi\u011fi kitap; \u201cDevlet-birey ili\u015fkilerinin en g\u00f6zle g\u00f6r\u00fcn\u00fcr alan oldu\u011fu kentte at\u0131lan bir ad\u0131m, y\u0131k\u0131lan bir bina, mahalle, park, yap\u0131lan ya da yeniden yap\u0131land\u0131r\u0131lan her mek\u00e2n bizim onunla ve birbirimizle ili\u015fkimizi de belirlemez mi?\u201d, \u201c\u0130stanbul neden y\u0131llardan beri d\u00fcnyan\u0131n en b\u00fcy\u00fck \u015fantiyesi g\u00f6r\u00fcn\u00fcm\u00fcnde, \u201cen b\u00fcy\u00fck\u201d projeleri sevdi\u011fimizden mi?\u201d, \u201cKentlere sahip \u00e7\u0131kmak yaln\u0131zca burjuva bir hassasiyet ya da nostalji hevesi midir\u201d sorular\u0131ndan yola \u00e7\u0131k\u0131yor.<\/p>\n<p>Kitaba katk\u0131 koyan yazarlar ve makaleleri ise \u015fu \u015fekilde;<\/p>\n<p><strong>Tayfun Kahraman<\/strong>, Kent hukukunun yeni y\u00fcz\u00fc: D\u00fczenleyici devletten se\u00e7kinle\u015ftirici devlete<\/p>\n<p><strong>Osman Balaban<\/strong>, Neoliberal yeniden yap\u0131lanman\u0131n T\u00fcrkiye kentle\u015fmesine bir di\u011fer arma\u011fan\u0131: Kentsel d\u00f6n\u00fc\u015f\u00fcmde g\u00fcncelin gerisinde kalmak<\/p>\n<p><strong>Jean-Fran\u00e7ois P\u00e9rouse<\/strong>, Kentsel d\u00f6n\u00fc\u015f\u00fcm uygulamalar\u0131nda belirleyici bir rol \u00fcstlenen Toplu Konut \u0130daresi\u2019nin (TOK\u0130) belirsiz kimli\u011fi \u00fczerinde birka\u00e7 saptama<\/p>\n<p><strong>Cevdet Y\u0131lmaz<\/strong>, Orta s\u0131n\u0131flar \u00fczerine d\u00fc\u015f\u00fcnmek: \u0130stanbul\u2019da orta s\u0131n\u0131flar\u0131n ajandas\u0131na risk yazmak<\/p>\n<p><strong>Alev Erkilet<\/strong>, \u201cD\u00fczg\u00fcn aileler\u201d \u201cyeni gelenler\u201de kar\u015f\u0131: Korku siyaseti, tahliyeler ve kentsel ayr\u0131\u015fma<\/p>\n<p><strong>Ay\u015fe \u00c7avdar<\/strong>, Orta s\u0131n\u0131f\u0131n evi<\/p>\n<p><strong>Asl\u0131 K\u0131yak \u0130ngin ve Tolga \u0130slam<\/strong>, Bir Roman mahallesinin yeniden tanzim edilmesi<\/p>\n<p><strong>Pelin Tan<\/strong>, Yerellik, direni\u015f ve mek\u00e2nsal hakkaniyet: Felaketin yan\u0131ndan ko\u015fmak<\/p>\n<p><strong>Erbay Y\u00fccak<\/strong>, \u0130stisnalar \u015fehrinde muhalefet<\/p>\n<\/div>\n","protected":false},"excerpt":{"rendered":"<p>(Derleyen: Ay\u015fe \u00c7avdar \u2013 Pelin Tan) \u0130stanbul neden y\u0131llardan beri d\u00fcnyan\u0131n en b\u00fcy\u00fck \u015fantiyesi g\u00f6r\u00fcn\u00fcm\u00fcnde, \u201cen b\u00fcy\u00fck\u201d projeleri sevdi\u011fimizden mi?&#46;&#46;&#46;<\/p>\n","protected":false},"author":1,"featured_media":4198,"comment_status":"closed","ping_status":"closed","sticky":false,"template":"","format":"standard","meta":{"_jetpack_memberships_contains_paid_content":false,"footnotes":""},"categories":[61],"tags":[],"class_list":["post-3134","post","type-post","status-publish","format-standard","has-post-thumbnail","hentry","category-kultur-sanat"],"aioseo_notices":[],"jetpack_featured_media_url":"http:\/\/www.ced.org.tr\/wp-content\/uploads\/2013\/08\/2013-Haberler-tn_53201.jpg","jetpack_sharing_enabled":true,"jetpack-related-posts":[],"_links":{"self":[{"href":"http:\/\/www.ced.org.tr\/index.php?rest_route=\/wp\/v2\/posts\/3134","targetHints":{"allow":["GET"]}}],"collection":[{"href":"http:\/\/www.ced.org.tr\/index.php?rest_route=\/wp\/v2\/posts"}],"about":[{"href":"http:\/\/www.ced.org.tr\/index.php?rest_route=\/wp\/v2\/types\/post"}],"author":[{"embeddable":true,"href":"http:\/\/www.ced.org.tr\/index.php?rest_route=\/wp\/v2\/users\/1"}],"replies":[{"embeddable":true,"href":"http:\/\/www.ced.org.tr\/index.php?rest_route=%2Fwp%2Fv2%2Fcomments&post=3134"}],"version-history":[{"count":0,"href":"http:\/\/www.ced.org.tr\/index.php?rest_route=\/wp\/v2\/posts\/3134\/revisions"}],"wp:featuredmedia":[{"embeddable":true,"href":"http:\/\/www.ced.org.tr\/index.php?rest_route=\/wp\/v2\/media\/4198"}],"wp:attachment":[{"href":"http:\/\/www.ced.org.tr\/index.php?rest_route=%2Fwp%2Fv2%2Fmedia&parent=3134"}],"wp:term":[{"taxonomy":"category","embeddable":true,"href":"http:\/\/www.ced.org.tr\/index.php?rest_route=%2Fwp%2Fv2%2Fcategories&post=3134"},{"taxonomy":"post_tag","embeddable":true,"href":"http:\/\/www.ced.org.tr\/index.php?rest_route=%2Fwp%2Fv2%2Ftags&post=3134"}],"curies":[{"name":"wp","href":"https:\/\/api.w.org\/{rel}","templated":true}]}}