{"id":3137,"date":"2013-12-09T14:27:54","date_gmt":"2013-12-09T12:27:54","guid":{"rendered":"http:\/\/www.ced.org.tr\/?p=3137"},"modified":"2013-12-09T14:27:54","modified_gmt":"2013-12-09T12:27:54","slug":"5-hangi-insan-haklari-film-festivali","status":"publish","type":"post","link":"http:\/\/www.ced.org.tr\/?p=3137","title":{"rendered":"5. Hangi \u0130nsan Haklar\u0131 Film Festivali"},"content":{"rendered":"<p class=\"MsoNormal\" style=\"background-position: initial initial; background-repeat: initial initial;\"><strong><span style=\"font-family: &quot;Arial&quot;,&quot;sans-serif&quot;; mso-fareast-font-family: &quot;Times New Roman&quot;; color: #222222; mso-fareast-language: TR;\">#Diren\u0130nsanHaklar\u0131!<\/span><\/strong><\/p>\n<p class=\"MsoNormal\" style=\"background-position: initial initial; background-repeat: initial initial;\"><span style=\"font-family: &quot;Arial&quot;,&quot;sans-serif&quot;; mso-fareast-font-family: &quot;Times New Roman&quot;; color: #222222; mso-fareast-language: TR;\">Bu seneki Hangi \u0130nsan Haklar\u0131 Film Festivali&#8217;nin temas\u0131 #direni\u015f olarak belirlendi. Festivalde g\u00f6sterilecek filmler aras\u0131nda Gezi Direni\u015fi\u2019ne \u00f6zel bir yer ayr\u0131ld\u0131.<\/span><\/p>\n<p class=\"MsoNormal\" style=\"margin-bottom: 0.0001pt; background-position: initial initial; background-repeat: initial initial;\"><span style=\"font-family: &quot;Arial&quot;,&quot;sans-serif&quot;; mso-fareast-font-family: &quot;Times New Roman&quot;; color: #222222; mso-fareast-language: TR;\">\u0130stanbul &#8211; B\u0130A Haber Merkezi<\/span><\/p>\n<p class=\"MsoNormal\" style=\"margin-bottom: 0.0001pt; background-position: initial initial; background-repeat: initial initial;\"><span style=\"font-family: &quot;Arial&quot;,&quot;sans-serif&quot;; mso-fareast-font-family: &quot;Times New Roman&quot;; color: #222222; mso-fareast-language: TR;\">09 Aral\u0131k 2013, Pazartesi 10:01<\/p>\n<p><\/span><\/p>\n<p class=\"MsoNormal\" style=\"background-position: initial initial; background-repeat: initial initial;\"><span style=\"color: #222222; font-family: Arial, sans-serif; font-size: 10px;\"><img loading=\"lazy\" decoding=\"async\" src=\"images\/documentarist.jpg\" border=\"0\" width=\"90\" height=\"360\" style=\"float: left; margin: 10px;\" \/>Hangi \u0130nsan Haklar\u0131 Film Festivali&#8217;nin be\u015fincisi 14-18 Aral\u0131k 2013&#8217;te #direni\u015f temas\u0131yla d\u00fczenleniyor.<\/span><\/p>\n<p class=\"MsoNormal\" style=\"background-position: initial initial; background-repeat: initial initial;\"><span style=\"font-family: &quot;Arial&quot;,&quot;sans-serif&quot;; mso-fareast-font-family: &quot;Times New Roman&quot;; color: #222222; mso-fareast-language: TR;\">D\u00fcnyan\u0131n her k\u00f6\u015fesindeki hak ihlallerini konu alan pek \u00e7ok filmin ve konu\u011fun kat\u0131l\u0131m\u0131yla ger\u00e7ekle\u015fecek olan festivalde Gezi Park\u0131 direni\u015fi ile ilgili filmlere geni\u015f bir b\u00f6l\u00fcm ayr\u0131ld\u0131.<\/span><\/p>\n<p class=\"MsoNormal\" style=\"background-position: initial initial; background-repeat: initial initial;\"><span style=\"font-family: &quot;Arial&quot;,&quot;sans-serif&quot;; mso-fareast-font-family: &quot;Times New Roman&quot;; color: #222222; mso-fareast-language: TR;\">Bu \u00e7er\u00e7evede g\u00f6sterilecek filmler aras\u0131nda Haziran ba\u015f\u0131nda Documentarist&#8217;e konuk olarak \u0130stanbul&#8217;a gelen ve isyan\u0131n patlamas\u0131yla, solu\u011fu Gezi&#8217;de alarak \u00e7ekimler yapmaya ba\u015flayan Toma\u015f Doru\u015fka ve Akile Nazl\u0131 Kaya&#8217;n\u0131n sonradan \u00c7ek Televizyonu i\u00e7in haz\u0131rlad\u0131\u011f\u0131\u00a0<strong>A\u011fa\u00e7larla Ba\u015flad\u0131: Gezi Park\u0131&#8217;nda \u0130syan<\/strong> (It Started With Trees: Revolt in the Gezi Park) adl\u0131 film de var.<\/span><\/p>\n<p class=\"MsoNormal\" style=\"background-position: initial initial; background-repeat: initial initial;\"><span style=\"font-family: &quot;Arial&quot;,&quot;sans-serif&quot;; mso-fareast-font-family: &quot;Times New Roman&quot;; color: #222222; mso-fareast-language: TR;\">Programda ayr\u0131ca g\u00f6\u00e7menlik, kad\u0131n haklar\u0131, ekoloji gibi temalara de\u011finen 40&#8217;a yak\u0131n film yer al\u0131yor.<\/span><\/p>\n<p class=\"MsoNormal\" style=\"background-position: initial initial; background-repeat: initial initial;\"><span style=\"font-family: &quot;Arial&quot;,&quot;sans-serif&quot;; mso-fareast-font-family: &quot;Times New Roman&quot;; color: #222222; mso-fareast-language: TR;\">Festivalde seyirciyle ilk kez bulu\u015facak olan ba\u015fl\u0131ca filmler aras\u0131nda, Suriye&#8217;deki bir Filistin kamp\u0131ndaki gen\u00e7lerin hayat\u0131na odaklanan\u00a0<strong>Yarmouk&#8217;un Gen\u00e7leri<\/strong> (The Shebabs Of Yarmouk, Axel Salvatori-Sinz); gen\u00e7 ku\u015fa\u011f\u0131n umutsuzlu\u011funu \u015fiirsel bir dille anlatan bol \u00f6d\u00fcll\u00fc G\u00fcrcistan filmi\u00a0<strong>Her \u015eeyi Yok Eden Makine<\/strong> (The Machine Which Makes Everything Dissapear, Tinatin Gurchiani); H\u0131rvatistan&#8217;da \u00fcniversitelerin \u00f6zelle\u015ftirilmesine kar\u015f\u0131 patlak veren \u00f6\u011frenci eylemlerini ve kitlesel boykotu ele alan\u00a0<strong>Ku\u015fatma<\/strong> (Blockade, Igor Bezinovic); ABD&#8217;deki hapishanelerde a\u011f\u0131r mahkumlar\u0131n sanatla ayakta durma \u00e7abas\u0131n\u0131 konu alan ve \u0130sve\u00e7&#8217;te y\u0131l\u0131n en iyi belgeseli se\u00e7ilen\u00a0<strong>Geceleri U\u00e7ar\u0131m<\/strong> (At Night I Fly, Michel Wenzer); Afganistan&#8217;daki kad\u0131n mahkumlar\u0131n durumunu g\u00f6zler \u00f6n\u00fcne seren\u00a0<strong>Parmakl\u0131klar Arkas\u0131nda Burkas\u0131z Ya\u015fam<\/strong> (No Burqas Behind Bars, Nima Sarvestani); Capo Verde&#8217;de end\u00fcstriyel bal\u0131k\u00e7\u0131l\u0131\u011f\u0131n mahvetti\u011fi denizleri konu alan\u00a0\u00a0<strong>Kum Taneleri<\/strong> (Sandgrains, Jordie Montevecchi-Gabriel Manrique) gibi filmler bulunuyor.<\/span><\/p>\n<p class=\"MsoNormal\" style=\"background-position: initial initial; background-repeat: initial initial;\"><strong><span style=\"font-family: &quot;Arial&quot;,&quot;sans-serif&quot;; mso-fareast-font-family: &quot;Times New Roman&quot;; color: #222222; mso-fareast-language: TR;\">\u00d6zel g\u00f6sterimler<\/span><\/strong><\/p>\n<p class=\"MsoNormal\" style=\"background-position: initial initial; background-repeat: initial initial;\"><span style=\"font-family: &quot;Arial&quot;,&quot;sans-serif&quot;; mso-fareast-font-family: &quot;Times New Roman&quot;; color: #222222; mso-fareast-language: TR;\">Festivale T\u00fcrkiye\u2019den kat\u0131lan yap\u0131mlar aras\u0131nda ise hayvan haklar\u0131ndan etnik az\u0131nl\u0131klara kadar uzanan bir konu yelpazesi sunan\u00a0<strong>Ta\u015fkafa: Bir Sokak Hikayesi<\/strong> (Andrea Luka Zimmerman),\u00a0<strong>ODT\u00dc Ayakta<\/strong> (Film Kolektifi),\u00a0<strong>Hay Vay Zaman<\/strong> (Nezahat G\u00fcndo\u011fan),\u00a0<strong>K\u0131y\u0131 K\u0131y\u0131 <\/strong>(\u00d6zlem Sar\u0131y\u0131ld\u0131z),\u00a0<strong>Antigoni K\u00fc\u00e7\u00fck Adam\u0131z Hayat\u0131m\u0131z<\/strong> (Nil\u00fcfer Uzuno\u011flu),<strong>Termik \u0130stemeyruk<\/strong> (Caner \u00d6zdemir),\u00a0<strong>Bir Fincan T\u00fcrk Kahvesi<\/strong> (Nazl\u0131 Eda Noyan-Da\u011fhan Celayir),\u00a0<strong>Mazgal<\/strong> (Cemil O\u011fuz) gibi filmler var.<\/span><\/p>\n<p class=\"MsoNormal\" style=\"background-position: initial initial; background-repeat: initial initial;\"><span style=\"font-family: &quot;Arial&quot;,&quot;sans-serif&quot;; mso-fareast-font-family: &quot;Times New Roman&quot;; color: #222222; mso-fareast-language: TR;\">Festivalde yak\u0131n zamanda hayat\u0131n\u0131 kaybeden Tuncel Kurtiz de sanat\u00e7\u0131n\u0131n 1978&#8217;de \u0130sve\u00e7 Televizyonu i\u00e7in yapt\u0131\u011f\u0131 yapt\u0131\u011f\u0131 ve T\u00fcrkiye&#8217;de hi\u00e7 g\u00f6sterilmemi\u015f olan\u00a0<strong>E5: \u00d6l\u00fcm Yolu<\/strong> adl\u0131 belgeselle an\u0131l\u0131yor.<\/span><\/p>\n<p class=\"MsoNormal\" style=\"background-position: initial initial; background-repeat: initial initial;\"><span style=\"font-family: &quot;Arial&quot;,&quot;sans-serif&quot;; mso-fareast-font-family: &quot;Times New Roman&quot;; color: #222222; mso-fareast-language: TR;\">Bir ba\u015fka \u00f6zel g\u00f6sterim ise belgesel tarihinin klasikleri aras\u0131nda say\u0131lan Marcel Oph\u00fcls&#8217;\u00fcn\u00a0<strong>Ac\u0131 ve Merhamet<\/strong> (Le chagrin et la piti\u00e9) filmi i\u00e7in yap\u0131l\u0131yor. Filmin g\u00f6steriminin ard\u0131ndan Frans\u0131z ele\u015ftirmen Ophr Levy &#8220;Bellek Olu\u015fturma ve D\u00f6n\u00fc\u015ft\u00fcrme S\u00fcrecinde Belgeselin Rol\u00fc&#8221; ba\u015fl\u0131kl\u0131 bir s\u00f6yle\u015fi ger\u00e7ekle\u015ftirecek.<\/span><\/p>\n<p class=\"MsoNormal\" style=\"background-position: initial initial; background-repeat: initial initial;\"><span style=\"font-family: &quot;Arial&quot;,&quot;sans-serif&quot;; mso-fareast-font-family: &quot;Times New Roman&quot;; color: #222222; mso-fareast-language: TR;\">Bu seneki festivalde ayr\u0131ca Gezi Park\u0131 direni\u015fine rastlad\u0131\u011f\u0131 i\u00e7in Documentar\u0131st 2013&#8217;te ka\u00e7\u0131r\u0131lan filmlerden bir se\u00e7ki de programda yer al\u0131yor.<\/span><\/p>\n<p class=\"MsoNormal\" style=\"background-position: initial initial; background-repeat: initial initial;\"><span style=\"font-family: &quot;Arial&quot;,&quot;sans-serif&quot;; mso-fareast-font-family: &quot;Times New Roman&quot;; color: #222222; mso-fareast-language: TR;\">Bir\u00e7ok yan etkinli\u011fin yap\u0131laca\u011f\u0131 festivalde g\u00f6sterim ve etkinlikler SALT Beyo\u011flu, Aynal\u0131 Ge\u00e7it Etkinlik Mekan\u0131, Dutch Chapel, T\u00fct\u00fcn Deposu ve Cezayir Salonu&#8217;nda da yap\u0131lacak. (YY)<\/span><\/p>\n<p class=\"MsoNormal\" style=\"background-position: initial initial; background-repeat: initial initial;\"><em><span style=\"font-family: &quot;Arial&quot;,&quot;sans-serif&quot;; mso-fareast-font-family: &quot;Times New Roman&quot;; color: #222222; mso-fareast-language: TR;\">Man\u015fet resmi: Ac\u0131 ve Merhamet filminden&#8230;<\/span><\/em><span style=\"font-family: &quot;Arial&quot;,&quot;sans-serif&quot;; mso-fareast-font-family: &quot;Times New Roman&quot;; color: #222222; mso-fareast-language: TR;\"><\/span><\/p>\n<p class=\"MsoNormal\" style=\"background-position: initial initial; background-repeat: initial initial;\"><span style=\"font-family: &quot;Arial&quot;,&quot;sans-serif&quot;; mso-fareast-font-family: &quot;Times New Roman&quot;; color: #222222; mso-fareast-language: TR;\">Ayr\u0131nt\u0131l\u0131 bilgiye\u00a0<a href=\"http:\/\/www.hihff.org\/\" target=\"_blank\"><span style=\"color: #1155cc;\">buradan <\/span><\/a>ula\u015fabilirsiniz<\/span><\/p>\n<p class=\"MsoNormal\">\u00a0<\/p>\n<p class=\"MsoNormal\"><span style=\"font-family: &quot;Arial&quot;,&quot;sans-serif&quot;;\"> <\/span><\/p>\n","protected":false},"excerpt":{"rendered":"<p>#Diren\u0130nsanHaklar\u0131! Bu seneki Hangi \u0130nsan Haklar\u0131 Film Festivali&#8217;nin temas\u0131 #direni\u015f olarak belirlendi. Festivalde g\u00f6sterilecek filmler aras\u0131nda Gezi Direni\u015fi\u2019ne \u00f6zel bir&#46;&#46;&#46;<\/p>\n","protected":false},"author":1,"featured_media":0,"comment_status":"closed","ping_status":"closed","sticky":false,"template":"","format":"standard","meta":{"_jetpack_memberships_contains_paid_content":false,"footnotes":""},"categories":[61],"tags":[],"class_list":["post-3137","post","type-post","status-publish","format-standard","hentry","category-kultur-sanat"],"aioseo_notices":[],"jetpack_featured_media_url":"","jetpack_sharing_enabled":true,"jetpack-related-posts":[],"_links":{"self":[{"href":"http:\/\/www.ced.org.tr\/index.php?rest_route=\/wp\/v2\/posts\/3137","targetHints":{"allow":["GET"]}}],"collection":[{"href":"http:\/\/www.ced.org.tr\/index.php?rest_route=\/wp\/v2\/posts"}],"about":[{"href":"http:\/\/www.ced.org.tr\/index.php?rest_route=\/wp\/v2\/types\/post"}],"author":[{"embeddable":true,"href":"http:\/\/www.ced.org.tr\/index.php?rest_route=\/wp\/v2\/users\/1"}],"replies":[{"embeddable":true,"href":"http:\/\/www.ced.org.tr\/index.php?rest_route=%2Fwp%2Fv2%2Fcomments&post=3137"}],"version-history":[{"count":0,"href":"http:\/\/www.ced.org.tr\/index.php?rest_route=\/wp\/v2\/posts\/3137\/revisions"}],"wp:attachment":[{"href":"http:\/\/www.ced.org.tr\/index.php?rest_route=%2Fwp%2Fv2%2Fmedia&parent=3137"}],"wp:term":[{"taxonomy":"category","embeddable":true,"href":"http:\/\/www.ced.org.tr\/index.php?rest_route=%2Fwp%2Fv2%2Fcategories&post=3137"},{"taxonomy":"post_tag","embeddable":true,"href":"http:\/\/www.ced.org.tr\/index.php?rest_route=%2Fwp%2Fv2%2Ftags&post=3137"}],"curies":[{"name":"wp","href":"https:\/\/api.w.org\/{rel}","templated":true}]}}