{"id":3139,"date":"2014-02-03T15:27:32","date_gmt":"2014-02-03T13:27:32","guid":{"rendered":"http:\/\/www.ced.org.tr\/?p=3139"},"modified":"2014-05-20T09:45:07","modified_gmt":"2014-05-20T06:45:07","slug":"f-istanbul-13-uluslararasi-bagimsiz-filmler-festivali","status":"publish","type":"post","link":"http:\/\/www.ced.org.tr\/?p=3139","title":{"rendered":"!F \u0130stanbul 13. Uluslararas\u0131 Ba\u011f\u0131ms\u0131z Filmler Festivali"},"content":{"rendered":"<p><img loading=\"lazy\" decoding=\"async\" style=\"float: left; margin: 10px;\" src=\"http:\/\/buaranemoda.com\/wp-content\/uploads\/if-istanbul-festival-afisi.jpg\" alt=\"\" width=\"136\" height=\"175\" border=\"0\" \/><\/p>\n<p class=\"MsoNormal\" style=\"margin-bottom: 0.0001pt; background-position: initial initial; background-repeat: initial initial;\">\n<p class=\"MsoNormal\" style=\"margin-bottom: 0.0001pt; background-position: initial initial; background-repeat: initial initial;\">\n<p class=\"MsoNormal\" style=\"margin-bottom: 0.0001pt; background-position: initial initial; background-repeat: initial initial;\"><span style=\"font-family: 'Arial','sans-serif'; mso-fareast-font-family: 'Times New Roman'; color: #222222; mso-fareast-language: TR;\">13-23\u00a0\u015eUBAT 2014<\/span><\/p>\n<p class=\"MsoNormal\" style=\"margin-bottom: 0.0001pt; background-position: initial initial; background-repeat: initial initial;\"><span style=\"font-family: Arial, sans-serif; color: #222222;\">Program ve filmler i\u00e7in t\u0131klay\u0131n\u0131z.<br \/>\n<\/span><a style=\"font-family: Arial, sans-serif;\" href=\"http:\/\/www.ifistanbul.com\/tr\/\" target=\"_blank\"><span style=\"color: #1155cc;\">http:\/\/www.ifistanbul.com\/tr\/<\/span><\/a><\/p>\n","protected":false},"excerpt":{"rendered":"<p>13-23\u00a0\u015eUBAT 2014 Program ve filmler i\u00e7in t\u0131klay\u0131n\u0131z. http:\/\/www.ifistanbul.com\/tr\/<\/p>\n","protected":false},"author":1,"featured_media":4190,"comment_status":"closed","ping_status":"closed","sticky":false,"template":"","format":"standard","meta":{"_jetpack_memberships_contains_paid_content":false,"footnotes":""},"categories":[61],"tags":[],"class_list":["post-3139","post","type-post","status-publish","format-standard","has-post-thumbnail","hentry","category-kultur-sanat"],"aioseo_notices":[],"jetpack_featured_media_url":"http:\/\/www.ced.org.tr\/wp-content\/uploads\/2014\/02\/if-istanbul-festival-afisi.jpg","jetpack_sharing_enabled":true,"jetpack-related-posts":[],"_links":{"self":[{"href":"http:\/\/www.ced.org.tr\/index.php?rest_route=\/wp\/v2\/posts\/3139","targetHints":{"allow":["GET"]}}],"collection":[{"href":"http:\/\/www.ced.org.tr\/index.php?rest_route=\/wp\/v2\/posts"}],"about":[{"href":"http:\/\/www.ced.org.tr\/index.php?rest_route=\/wp\/v2\/types\/post"}],"author":[{"embeddable":true,"href":"http:\/\/www.ced.org.tr\/index.php?rest_route=\/wp\/v2\/users\/1"}],"replies":[{"embeddable":true,"href":"http:\/\/www.ced.org.tr\/index.php?rest_route=%2Fwp%2Fv2%2Fcomments&post=3139"}],"version-history":[{"count":1,"href":"http:\/\/www.ced.org.tr\/index.php?rest_route=\/wp\/v2\/posts\/3139\/revisions"}],"predecessor-version":[{"id":4191,"href":"http:\/\/www.ced.org.tr\/index.php?rest_route=\/wp\/v2\/posts\/3139\/revisions\/4191"}],"wp:featuredmedia":[{"embeddable":true,"href":"http:\/\/www.ced.org.tr\/index.php?rest_route=\/wp\/v2\/media\/4190"}],"wp:attachment":[{"href":"http:\/\/www.ced.org.tr\/index.php?rest_route=%2Fwp%2Fv2%2Fmedia&parent=3139"}],"wp:term":[{"taxonomy":"category","embeddable":true,"href":"http:\/\/www.ced.org.tr\/index.php?rest_route=%2Fwp%2Fv2%2Fcategories&post=3139"},{"taxonomy":"post_tag","embeddable":true,"href":"http:\/\/www.ced.org.tr\/index.php?rest_route=%2Fwp%2Fv2%2Ftags&post=3139"}],"curies":[{"name":"wp","href":"https:\/\/api.w.org\/{rel}","templated":true}]}}