{"id":3140,"date":"2014-04-07T19:50:26","date_gmt":"2014-04-07T16:50:26","guid":{"rendered":"http:\/\/www.ced.org.tr\/?p=3140"},"modified":"2014-05-20T09:44:14","modified_gmt":"2014-05-20T06:44:14","slug":"33-istanbul-film-festivali-5-20-nisan-2014","status":"publish","type":"post","link":"http:\/\/www.ced.org.tr\/?p=3140","title":{"rendered":"33. \u0130stanbul Film Festivali 5-20 Nisan 2014"},"content":{"rendered":"<p style=\"margin: 0px 0px 20px; padding: 0px; border: 0px; font-size: 13px; vertical-align: baseline; color: #555555; font-family: Arial, Helvetica, sans-serif; line-height: 20px;\"><a style=\"margin: 0px; padding: 0px; border: 0px; font-size: 13px; vertical-align: baseline;\" href=\"http:\/\/farm3.staticflickr.com\/2805\/12191062675_76663094d3_o.jpg\"><img loading=\"lazy\" decoding=\"async\" class=\"alignleft\" style=\"margin: 0px 10px 10px 0px; padding: 0px; font-size: 13px; vertical-align: baseline; max-width: 100%; height: auto; float: left;\" src=\"http:\/\/farm3.staticflickr.com\/2805\/12191062675_76663094d3_o.jpg\" alt=\"\" width=\"163\" height=\"229\" border=\"0\" \/><\/a><\/p>\n<p style=\"margin: 0px 0px 20px; padding: 0px; border: 0px; font-size: 13px; vertical-align: baseline; color: #555555; font-family: Arial, Helvetica, sans-serif; line-height: 20px;\">\u0130stanbul K\u00fclt\u00fcr Sanat Vakf\u0131 taraf\u0131ndan, onuncu kez Akbank\u2019\u0131n deste\u011fiyle d\u00fczenlenecek \u0130stanbul Film Festivali\u2019nin program\u0131 bu y\u0131l da dopdolu. Her y\u0131l yakla\u015f\u0131k 150 bin izleyiciye ula\u015fan T\u00fcrkiye\u2019nin en b\u00fcy\u00fck sinema etkinli\u011fi \u0130stanbul Film Festivali\u2019nin 33\u2019\u00fcnc\u00fcs\u00fc\u00a05 Nisan\u2019da ba\u015fl\u0131yor.<\/p>\n<p style=\"margin: 0px 0px 20px; padding: 0px; border: 0px; font-size: 13px; vertical-align: baseline; color: #555555; font-family: Arial, Helvetica, sans-serif; line-height: 20px;\">Akbank\u2019\u0131n onuncu kez destekledi\u011fi \u0130stanbul Film Festivali\u2019nin 33\u2019\u00fcnc\u00fcs\u00fc,<strong style=\"margin: 0px; padding: 0px; border: 0px; font-size: 13px; vertical-align: baseline;\"> 5\u201320 Nisan<\/strong> tarihlerinde ger\u00e7ekle\u015ftirilecek. Program\u0131ndaki filmlerin niteli\u011fi ve \u00e7e\u015fitlili\u011finin yan\u0131 s\u0131ra izleyici say\u0131s\u0131yla da \u00f6nder konumunu koruyan \u0130stanbu<\/p>\n<p>l Film Festivali, bu y\u0131l da sinemaseverlere 20\u2019nin \u00fczerinde b\u00f6l\u00fcmde 200\u2019\u00fc a\u015fk\u0131n filmin yan\u0131 s\u0131ra usta sinemac\u0131lar\u0131n kat\u0131laca\u011f\u0131 s\u00f6yle\u015filer, at\u00f6lye \u00e7al\u0131\u015fmalar\u0131 ve sinema dersleriyle dolu iki hafta ya\u015fatacak.<\/p>\n<p style=\"margin: 0px 0px 20px; padding: 0px; border: 0px; font-size: 13px; vertical-align: baseline; color: #555555; font-family: Arial, Helvetica, sans-serif; line-height: 20px;\">\n<p style=\"margin: 0px 0px 20px; padding: 0px; border: 0px; font-size: 13px; vertical-align: baseline; color: #555555; font-family: Arial, Helvetica, sans-serif; line-height: 20px;\">Sinemaseverler, 2013 ve 2014\u2019\u00fcn nitelikli yap\u0131mlar\u0131ndan sineman\u0131n unutulmaz klasiklerine, usta y\u00f6netmenlerin ba\u015fyap\u0131tlar\u0131ndan Sundance ve Berlin film festivallerinde pr\u00f6miyerleri yap\u0131lan eserlere, belgesellerden \u00e7ocuk filmlerine uzanan bir yelpazedeki program\u0131 takip edebilecekler. Festival, klasikle\u015fmi\u015f b\u00f6l\u00fcmlerinin yan\u0131 s\u0131ra 2014 y\u0131l\u0131na \u00f6zel b\u00f6l\u00fcmleriyle de ses getirecek. T\u00fcrkiye sinemas\u0131n\u0131n 100. y\u0131l\u0131 i\u00e7in sinema yazarlar\u0131\u00a0Fatih \u00d6zg\u00fcven ve Engin Ertan, akademisyenler Selim Ey\u00fcbo\u011flu ve Umut T\u00fcmay Arslan ile \u0130stanbul Film Festivali Direkt\u00f6r\u00fc Azize Tan taraf\u0131ndan haz\u0131rlanan<strong style=\"margin: 0px; padding: 0px; border: 0px; font-size: 13px; vertical-align: baseline;\"> \u201cBu \u0130kiliye Dikkat\u201d<\/strong>, 2014 y\u0131l\u0131nda kutlanan Polonya\u2013T\u00fcrkiye aras\u0131 diplomatik ili\u015fkilerinin tesisinin 600. y\u0131ld\u00f6n\u00fcm\u00fc ile ilgili kutlamalar\u0131n k\u00fclt\u00fcr program\u0131 \u00e7er\u00e7evesinde haz\u0131rlanan<strong style=\"margin: 0px; padding: 0px; border: 0px; font-size: 13px; vertical-align: baseline;\"> \u201cPolonya Canland\u0131rma Sinemas\u0131\u201d<\/strong> ve Marin Karmitz\u2019in kurdu\u011fu prod\u00fcksiyon \u015firketi MK2\u2019n\u00fcn\u00a040. y\u0131l\u0131 \u015ferefine haz\u0131rlanan\u00a0<strong style=\"margin: 0px; padding: 0px; border: 0px; font-size: 13px; vertical-align: baseline;\">\u201cMK2\u201340. Y\u0131l\u201d<\/strong> festivalin heyecan verici projelerinden\u2026 Yaln\u0131zca alt\u0131 film yapmas\u0131na ra\u011fmen, Rus sinemas\u0131n\u0131n d\u00fcnyadaki \u00f6nemli temsilcilerinden biri olan, ad\u0131 \u00e7o\u011fu zaman Tarkovski\u2019yle birlikte an\u0131lan Aleksey German\u2019\u0131n t\u00fcm filmleri festival kapsam\u0131nda izleyiciyle bulu\u015facak. Festivalde ayr\u0131ca T\u00fcrkiye sinemas\u0131n\u0131n 100. y\u0131l\u0131 vesilesiyle, Balkanlar\u2019\u0131n ilk sinemac\u0131lar\u0131 Yanaki ve Milton Manaki\u2019nin restore edilen filmlerinin tamam\u0131 g\u00f6sterilecek. T\u00fcrkiye\u2019den sinemac\u0131lar\u0131 uluslararas\u0131 profesyoneller ile bir araya getiren K\u00f6pr\u00fcde Bulu\u015fmalar\u2019\u0131n dokuzuncusu da yine festival kapsam\u0131nda yap\u0131lacak.<\/p>\n<p style=\"margin: 0px 0px 20px; padding: 0px; border: 0px; font-size: 13px; vertical-align: baseline; color: #555555; font-family: Arial, Helvetica, sans-serif; line-height: 20px;\">33. \u0130stanbul Film Festivali program\u0131\u00a0<strong style=\"margin: 0px; padding: 0px; border: 0px; font-size: 13px; vertical-align: baseline;\">5 Mart \u00c7ar\u015famba<\/strong> ak\u015fam\u0131 \u0130KSV Resmi Konaklama Sponsoru Mart\u0131 \u0130stanbul Hotel\u2019de d\u00fczenlenen bir toplant\u0131yla, \u0130KSV Genel M\u00fcd\u00fcr\u00fc G\u00f6rg\u00fcn Taner, Akbank Genel M\u00fcd\u00fcr\u00fc Hakan Binba\u015fgil ve \u0130stanbul Film Festivali Direkt\u00f6r\u00fc Azize Tan taraf\u0131ndan bas\u0131na a\u00e7\u0131kland\u0131.<\/p>\n<p style=\"margin: 0px 0px 20px; padding: 0px; border: 0px; font-size: 13px; vertical-align: baseline; color: #555555; font-family: Arial, Helvetica, sans-serif; line-height: 20px;\">Toplant\u0131n\u0131n a\u00e7\u0131\u015f konu\u015fmas\u0131n\u0131 yapan \u0130KSV Genel M\u00fcd\u00fcr\u00fc G\u00f6rg\u00fcn Taner festivalin destek\u00e7ilerine te\u015fekk\u00fcr ederek 2014\u2019\u00fcn T\u00fcrkiye sinemas\u0131n\u0131n 100. y\u0131l\u0131 oldu\u011funun alt\u0131n\u0131 \u00e7izdi. Bu 100 y\u0131ll\u0131k tarih i\u00e7erisinde \u0130stanbul Film Festivali\u2019nin \u00fclke sinemas\u0131na yapt\u0131\u011f\u0131 katk\u0131lardan mutluluk duyduklar\u0131n\u0131 belirten Taner, son 10 y\u0131ld\u0131r festivale destek veren Akbank\u2019\u0131n Genel M\u00fcd\u00fcr\u00fc Hakan Binba\u015fgil\u2019i konu\u015fmas\u0131n\u0131 yapmak \u00fczere sahneye davet etti.<\/p>\n<p style=\"margin: 0px 0px 20px; padding: 0px; border: 0px; font-size: 13px; vertical-align: baseline; color: #555555; font-family: Arial, Helvetica, sans-serif; line-height: 20px;\">Bundan 33 y\u0131l \u00f6nce 6 filmin g\u00f6sterimiyle bir \u2018film haftas\u0131\u2019 olarak ba\u015flayan \u0130stanbul Film Festivali\u2019nin, bug\u00fcn g\u00f6rkemli bir sinema \u015f\u00f6leni haline geldi\u011finin alt\u0131n\u0131 \u00e7izen Akbank Genel M\u00fcd\u00fcr\u00fc Hakan Binba\u015fgil\u00a0<em style=\"margin: 0px; padding: 0px; border: 0px; font-size: 13px; vertical-align: baseline;\">\u201cBu y\u0131l ayn\u0131 zamanda T\u00fcrk sinemas\u0131 da 100\u2019\u00fcnc\u00fc y\u0131l\u0131n\u0131 geride b\u0131rakt\u0131. Ne mutlu bizlere ki, \u0130stanbul Film Festivali\u2019nin 33\u2019\u00fcnc\u00fc y\u0131l\u0131nda, sinemam\u0131z\u0131n geldi\u011fi nokta hepimize gurur veriyor. \u0130stanbul Film Festivali\u2019nin, y\u00fcrekten destekledi\u011fimiz sinemam\u0131zdaki bu geli\u015fimde ve kaydetti\u011fi ba\u015far\u0131larda \u00f6nemli bir pay\u0131 bulundu\u011funa inan\u0131yorum. Akbank olarak T\u00fcrkiye\u2019nin en uzun soluklu ve \u00f6nemli sanat etkinlikleri aras\u0131nda yer alan festivali 10\u2019uncu kez desteklemekten onur duyuyoruz\u201d<\/em> dedi. Binba\u015fgil konu\u015fmas\u0131n\u0131 \u015fu \u015fekilde s\u00fcrd\u00fcrd\u00fc:<em style=\"margin: 0px; padding: 0px; border: 0px; font-size: 13px; vertical-align: baseline;\"> \u201cB\u00f6yle bir festivale sahip olmam\u0131zda b\u00fcy\u00fck eme\u011fi bulunan, \u00f6nc\u00fc ki\u015fili\u011fi ve rehberli\u011fiyle hat\u0131ralar\u0131m\u0131zda hep ya\u015fayacak olan Say\u0131n \u015eakir Eczac\u0131ba\u015f\u0131\u2019n\u0131 sayg\u0131yla an\u0131yorum. Ayr\u0131ca, k\u00fclt\u00fcr ve sanat hayat\u0131m\u0131za 40 y\u0131l\u0131 a\u015fk\u0131n bir s\u00fcredir ola\u011fan\u00fcst\u00fc katk\u0131larda bulunan \u0130KSV\u2019nin de\u011ferli ekibine ve ba\u015fkan Say\u0131n B\u00fclent Eczac\u0131ba\u015f\u0131\u2019na te\u015fekk\u00fcr ediyorum.\u201d<\/em><\/p>\n<p style=\"margin: 0px 0px 20px; padding: 0px; border: 0px; font-size: 13px; vertical-align: baseline; color: #555555; font-family: Arial, Helvetica, sans-serif; line-height: 20px;\">Bas\u0131n toplant\u0131s\u0131nda daha sonra s\u00f6z alan \u0130stanbul Film Festivali Direkt\u00f6r\u00fc Azize Tan, festival program\u0131nda yer alan filmler, festivale kat\u0131lacak konuklar ve festival s\u0131ras\u0131nda d\u00fczenlenecek etkinliklerle ilgili ayr\u0131nt\u0131l\u0131 bilgi aktard\u0131.<\/p>\n<p style=\"margin: 0px 0px 20px; padding: 0px; border: 0px; font-size: 13px; vertical-align: baseline; color: #555555; font-family: Arial, Helvetica, sans-serif; line-height: 20px;\"><strong style=\"margin: 0px; padding: 0px; border: 0px; font-size: 13px; vertical-align: baseline;\">\u0130STANBUL F\u0130LM FEST\u0130VAL\u0130 DANI\u015eMA KURULU<\/strong><\/p>\n<p style=\"margin: 0px 0px 20px; padding: 0px; border: 0px; font-size: 13px; vertical-align: baseline; color: #555555; font-family: Arial, Helvetica, sans-serif; line-height: 20px;\">\u0130stanbul Film Festivali Dan\u0131\u015fma Kurulu, yap\u0131mc\u0131 Zeynep \u00d6zbatur Atakan, y\u00f6netmen Semih Kaplano\u011flu ve sinema yazar\u0131 Esin K\u00fc\u00e7\u00fcktepep\u0131nar\u2019dan olu\u015fuyor. Atilla Dorsay da Dan\u0131\u015fma Kurulu Onur \u00dcyesi olarak \u0130stanbul Film Festivali\u2019ne destek olmaya devam ediyor.<\/p>\n<p style=\"margin: 0px 0px 20px; padding: 0px; border: 0px; font-size: 13px; vertical-align: baseline; color: #555555; font-family: Arial, Helvetica, sans-serif; line-height: 20px;\">Belgesel Dan\u0131\u015fma Kurulu\u2019nda ise belgesel y\u00f6netmenleri Berke Ba\u015f ve Elif Ergezen, akademisyen ve y\u00f6netmen Alisa Lebow ve akademisyen Ahmet G\u00fcrata yer al\u0131yor.<br \/>\n<strong style=\"margin: 0px; padding: 0px; border: 0px; font-size: 13px; vertical-align: baseline;\">33. \u0130STANBUL F\u0130LM FEST\u0130VAL\u0130\u2019N\u0130N DESTEK\u00c7\u0130LER\u0130<\/strong><\/p>\n<p style=\"margin: 0px 0px 20px; padding: 0px; border: 0px; font-size: 13px; vertical-align: baseline; color: #555555; font-family: Arial, Helvetica, sans-serif; line-height: 20px;\">33. \u0130stanbul Film Festivali bu y\u0131l 20\u2019nin \u00fczerinde kurumun deste\u011fiyle ger\u00e7ekle\u015ftirilecek. TC K\u00fclt\u00fcr ve Turizm Bakanl\u0131\u011f\u0131 bu y\u0131l da festivale b\u00fcy\u00fck destek verecek. \u0130stanbul B\u00fcy\u00fck\u015fehir Belediyesi ve Beyo\u011flu Belediyesi de festivale verdi\u011fi tan\u0131t\u0131m deste\u011fini s\u00fcrd\u00fcrecek.<\/p>\n<p style=\"margin: 0px 0px 20px; padding: 0px; border: 0px; font-size: 13px; vertical-align: baseline; color: #555555; font-family: Arial, Helvetica, sans-serif; line-height: 20px;\"><span style=\"font-size: 13px;\">Festival Sponsoru Akbank\u2019\u0131n yan\u0131 s\u0131ra festivale 6 tema sponsoru destek verecek:<\/span><\/p>\n<p style=\"margin: 0px 0px 20px; padding: 0px; border: 0px; font-size: 13px; vertical-align: baseline; color: #555555; font-family: Arial, Helvetica, sans-serif; line-height: 20px;\">&#8211; Anadolu Efes\u00a0 \u201cUlusal Yar\u0131\u015fma ve T\u00fcrkiye Sinemas\u0131\u201d<br \/>\n&#8211; NTV\u00a0\u00a0 \u201cNTV Belgesel Ku\u015fa\u011f\u0131\u201d<br \/>\n&#8211; Sabah Gazetesi \u201cD\u00fcnya Festivallerinden\u201d<br \/>\n&#8211; SinemaTV \u201cAntidepresan\u201d<br \/>\n&#8211; tv2\u00a0 \u201cGeceyar\u0131s\u0131 \u00c7\u0131lg\u0131nl\u0131\u011f\u0131\u201d<br \/>\n&#8211; Nescaf\u00e9 Gold \u201cYeni Bir Bak\u0131\u015f\u201d<\/p>\n<p style=\"margin: 0px 0px 20px; padding: 0px; border: 0px; font-size: 13px; vertical-align: baseline; color: #555555; font-family: Arial, Helvetica, sans-serif; line-height: 20px;\">Festivalin sevilen b\u00f6l\u00fcm\u00fc \u201cAkbank Galalar\u0131\u201d da yine Akbank\u2019\u0131n deste\u011fiyle d\u00fczenlenecek.<\/p>\n<p style=\"margin: 0px 0px 20px; padding: 0px; border: 0px; font-size: 13px; vertical-align: baseline; color: #555555; font-family: Arial, Helvetica, sans-serif; line-height: 20px;\">\u0130stanbul Film Festivali yedi y\u0131l \u00f6nce Groupama i\u015fbirli\u011fiyle ba\u015flatt\u0131\u011f\u0131 \u201c\u00d6zel G\u00f6sterim: T\u00fcrk Klasikleri Yeniden\u201d b\u00f6l\u00fcm\u00fcyle T\u00fcrkiye sinemas\u0131n\u0131n \u00f6nemli yap\u0131tlar\u0131n\u0131n yenilenip beyazperdeyle yeniden bulu\u015fmalar\u0131n\u0131 sa\u011flamaya bu y\u0131l da devam edecek.<\/p>\n<p style=\"margin: 0px 0px 20px; padding: 0px; border: 0px; font-size: 13px; vertical-align: baseline; color: #555555; font-family: Arial, Helvetica, sans-serif; line-height: 20px;\"><span style=\"font-size: 13px;\">2014 y\u0131l\u0131nda \u0130stanbul Film Festivali konuklar\u0131n\u0131 Renault ta\u015f\u0131yacak.<\/span><\/p>\n<p style=\"margin: 0px 0px 20px; padding: 0px; border: 0px; font-size: 13px; vertical-align: baseline; color: #555555; font-family: Arial, Helvetica, sans-serif; line-height: 20px;\">\u0130stanbul K\u00fclt\u00fcr Sanat Vakf\u0131\u2019n\u0131n t\u00fcm festivallerine \u00d6nc\u00fc Sponsor Eczac\u0131ba\u015f\u0131 Holding, Resmi \u0130leti\u015fim Sponsoru Vodafone, Resmi Ta\u015f\u0131y\u0131c\u0131 DHL ve Resmi Konaklama Sponsoru Mart\u0131 \u0130stanbul Hotel\u2019in yan\u0131 s\u0131ra servis sponsorlar\u0131 Zurich Sigorta, GFK, directComn Marketing Group ve AGC destek veriyor.<\/p>\n<p style=\"margin: 0px 0px 20px; padding: 0px; border: 0px; font-size: 13px; vertical-align: baseline; color: #555555; font-family: Arial, Helvetica, sans-serif; line-height: 20px;\"><strong style=\"margin: 0px; padding: 0px; border: 0px; font-size: 13px; vertical-align: baseline;\">FEST\u0130VAL AF\u0130\u015e\u0130NDE\u00a0\u0130NC\u0130 EV\u0130NER VE B\u00dcLENT ERKMEN \u0130MZASI<\/strong><\/p>\n<p style=\"margin: 0px 0px 20px; padding: 0px; border: 0px; font-size: 13px; vertical-align: baseline; color: #555555; font-family: Arial, Helvetica, sans-serif; line-height: 20px;\">\u0130KSV, farkl\u0131 sanat dallar\u0131n\u0131n \u00f6nemli isimlerinin yap\u0131tlar\u0131, desenleri veya el yaz\u0131lar\u0131ndan \u0130stanbul Festivalleri\u2019nin tan\u0131t\u0131m afi\u015flerini olu\u015fturmaya bu y\u0131l da devam ediyor. Eserleri, B\u00fclent Erkmen\u2019in tasar\u0131m\u0131yla festival afi\u015flerine d\u00f6n\u00fc\u015ft\u00fcr\u00fclen sanat\u00e7\u0131lar\u0131n aras\u0131na Nuri Bilge Ceylan, Sarkis, Orhan Pamuk, G\u00fcher ve\u00a0<span style=\"font-size: 13px;\">S\u00fcher Pekinel ile \u015eahika Tekand\u2019\u0131n ard\u0131ndan 33. \u0130stanbul Film Festivali\u2019nin afi\u015fiyle \u0130nci Eviner de kat\u0131ld\u0131<\/span><\/p>\n<p style=\"margin: 0px 0px 20px; padding: 0px; border: 0px; font-size: 13px; vertical-align: baseline; color: #555555; font-family: Arial, Helvetica, sans-serif; line-height: 20px;\"><strong style=\"margin: 0px; padding: 0px; border: 0px; font-size: 13px; vertical-align: baseline;\">FEST\u0130VAL\u0130N A\u00c7ILI\u015e VE KAPANI\u015e T\u00d6RENLER\u0130<\/strong><\/p>\n<p style=\"margin: 0px 0px 20px; padding: 0px; border: 0px; font-size: 13px; vertical-align: baseline; color: #555555; font-family: Arial, Helvetica, sans-serif; line-height: 20px;\"><span style=\"font-size: 13px;\">33. \u0130stanbul Film Festivali, 4 Nisan Cuma ak\u015fam\u0131 yap\u0131lacak a\u00e7\u0131l\u0131\u015f t\u00f6reniyle ba\u015flayacak. A\u00e7\u0131l\u0131\u015f t\u00f6reni NTV\u2019den canl\u0131 yay\u0131mlanacak. T\u00f6renin hemen ard\u0131ndan Stephen Frears\u2019in, festival kapsam\u0131nda\u00a0\u201cAkbank Galalar\u0131\u201dnda izlenebilecek son filmi Philomena \/ Umudun Pe\u015finde, festivalin a\u00e7\u0131l\u0131\u015f filmi olarak g\u00f6sterilecek.<\/span><\/p>\n<p style=\"margin: 0px 0px 20px; padding: 0px; border: 0px; font-size: 13px; vertical-align: baseline; color: #555555; font-family: Arial, Helvetica, sans-serif; line-height: 20px;\">19 Nisan Cumartesi ak\u015fam\u0131 Cemal Re\u015fit Rey Konser Salonu\u2019nda yap\u0131lacak kapan\u0131\u015f ve \u00f6d\u00fcl t\u00f6reni ise CNN T\u00fcrk\u2019ten canl\u0131 yay\u0131mlanacak gecede Alt\u0131n Laleler ile festivalin di\u011fer \u00f6d\u00fclleri a\u00e7\u0131klanacak. T\u00f6renin ard\u0131ndan Uluslararas\u0131 Yar\u0131\u015fma\u2019da Alt\u0131n Lale \u00d6d\u00fcl\u00fc\u2019n\u00fcn sahibi olan film kapan\u0131\u015f filmi olarak g\u00f6sterilecek.<\/p>\n<p style=\"margin: 0px 0px 20px; padding: 0px; border: 0px; font-size: 13px; vertical-align: baseline; color: #555555; font-family: Arial, Helvetica, sans-serif; line-height: 20px;\">http:\/\/film.iksv.org\/tr<\/p>\n","protected":false},"excerpt":{"rendered":"<p>\u0130stanbul K\u00fclt\u00fcr Sanat Vakf\u0131 taraf\u0131ndan, onuncu kez Akbank\u2019\u0131n deste\u011fiyle d\u00fczenlenecek \u0130stanbul Film Festivali\u2019nin program\u0131 bu y\u0131l da dopdolu. Her y\u0131l&#46;&#46;&#46;<\/p>\n","protected":false},"author":1,"featured_media":4188,"comment_status":"closed","ping_status":"closed","sticky":false,"template":"","format":"standard","meta":{"_jetpack_memberships_contains_paid_content":false,"footnotes":""},"categories":[61],"tags":[],"class_list":["post-3140","post","type-post","status-publish","format-standard","has-post-thumbnail","hentry","category-kultur-sanat"],"aioseo_notices":[],"jetpack_featured_media_url":"http:\/\/www.ced.org.tr\/wp-content\/uploads\/2014\/04\/12191062675_76663094d3_o.jpg","jetpack_sharing_enabled":true,"jetpack-related-posts":[],"_links":{"self":[{"href":"http:\/\/www.ced.org.tr\/index.php?rest_route=\/wp\/v2\/posts\/3140","targetHints":{"allow":["GET"]}}],"collection":[{"href":"http:\/\/www.ced.org.tr\/index.php?rest_route=\/wp\/v2\/posts"}],"about":[{"href":"http:\/\/www.ced.org.tr\/index.php?rest_route=\/wp\/v2\/types\/post"}],"author":[{"embeddable":true,"href":"http:\/\/www.ced.org.tr\/index.php?rest_route=\/wp\/v2\/users\/1"}],"replies":[{"embeddable":true,"href":"http:\/\/www.ced.org.tr\/index.php?rest_route=%2Fwp%2Fv2%2Fcomments&post=3140"}],"version-history":[{"count":1,"href":"http:\/\/www.ced.org.tr\/index.php?rest_route=\/wp\/v2\/posts\/3140\/revisions"}],"predecessor-version":[{"id":4189,"href":"http:\/\/www.ced.org.tr\/index.php?rest_route=\/wp\/v2\/posts\/3140\/revisions\/4189"}],"wp:featuredmedia":[{"embeddable":true,"href":"http:\/\/www.ced.org.tr\/index.php?rest_route=\/wp\/v2\/media\/4188"}],"wp:attachment":[{"href":"http:\/\/www.ced.org.tr\/index.php?rest_route=%2Fwp%2Fv2%2Fmedia&parent=3140"}],"wp:term":[{"taxonomy":"category","embeddable":true,"href":"http:\/\/www.ced.org.tr\/index.php?rest_route=%2Fwp%2Fv2%2Fcategories&post=3140"},{"taxonomy":"post_tag","embeddable":true,"href":"http:\/\/www.ced.org.tr\/index.php?rest_route=%2Fwp%2Fv2%2Ftags&post=3140"}],"curies":[{"name":"wp","href":"https:\/\/api.w.org\/{rel}","templated":true}]}}