{"id":3141,"date":"2014-05-02T10:13:03","date_gmt":"2014-05-02T07:13:03","guid":{"rendered":"http:\/\/www.ced.org.tr\/?p=3141"},"modified":"2014-05-18T12:21:03","modified_gmt":"2014-05-18T09:21:03","slug":"9-uluslararasi-isci-filmleri-festivali","status":"publish","type":"post","link":"http:\/\/www.ced.org.tr\/?p=3141","title":{"rendered":"9. Uluslararas\u0131 \u0130\u015f\u00e7i Filmleri Festivali"},"content":{"rendered":"<p><img loading=\"lazy\" decoding=\"async\" style=\"vertical-align: top; margin-left: 10px; margin-right: 10px;\" src=\"http:\/\/www.iff.org.tr\/icerik\/festistprgic.jpg\" alt=\"\" width=\"486\" height=\"176\" border=\"0\" \/><\/p>\n<p><span style=\"line-height: 18px; color: #222222; font-family: Arial, sans-serif; font-size: medium; text-indent: 47.20000076293945px;\"><strong>1-8 may\u0131s 2014<\/strong><\/span><!--more--><\/p>\n<p><span style=\"text-indent: 47.20000076293945px; line-height: 18px;\"><span style=\"font-family: Arial, sans-serif; color: #222222; font-size: small;\">Ve \u015fimdi bir kez daha evlerimizden \u00e7\u0131k\u0131p, salonlarda, meydanlarda, parklarda bulu\u015fman\u0131n, birlikte i\u015f\u00e7i filmlerini izlemenin ve filmlerin bizi i\u00e7ine soktu\u011fu d\u00fc\u015fsel d\u00fcnyada, ya\u015fad\u0131klar\u0131m\u0131z\u0131 bir d\u00fc\u015f\u00fcn yo\u011funlu\u011fu ile yeniden kavray\u0131p, insanca bir ya\u015fam\u0131 kurmay\u0131 d\u00fc\u015flemenin vaktidir. \u015eimdi &#8216;\u015fenlikli&#8217; bir direni\u015fin vaktidir.<\/span><\/span><\/p>\n<p><span style=\"color: #222222; font-family: Arial, sans-serif; font-size: 16px; line-height: 18px; text-indent: 47.20000076293945px;\">Festival kitab\u0131: <\/span><span style=\"font-family: Arial, sans-serif; color: #222222; font-size: small;\"><span style=\"line-height: 18px;\"><a href=\"http:\/\/www.iff.org.tr\/arsiv\/kitap_2014.pdf\">http:\/\/www.iff.org.tr\/arsiv\/kitap_2014.pdf<\/a><\/span><\/span><\/p>\n<p><span style=\"text-indent: 47.20000076293945px; line-height: 18px;\"><span style=\"font-family: Arial, sans-serif; color: #222222; font-size: small;\">Festival program\u0131: <a href=\"http:\/\/www.iff.org.tr\/arsiv\/iff_2014_brosur.pdf\">http:\/\/www.iff.org.tr\/arsiv\/iff_2014_brosur.pdf<\/a><\/span><\/span><\/p>\n","protected":false},"excerpt":{"rendered":"<p>1-8 may\u0131s 2014<\/p>\n","protected":false},"author":1,"featured_media":4128,"comment_status":"closed","ping_status":"closed","sticky":false,"template":"","format":"standard","meta":{"_jetpack_memberships_contains_paid_content":false,"footnotes":""},"categories":[61],"tags":[],"class_list":["post-3141","post","type-post","status-publish","format-standard","has-post-thumbnail","hentry","category-kultur-sanat"],"aioseo_notices":[],"jetpack_featured_media_url":"http:\/\/www.ced.org.tr\/wp-content\/uploads\/2014\/05\/9_isci_film.jpg","jetpack_sharing_enabled":true,"jetpack-related-posts":[],"_links":{"self":[{"href":"http:\/\/www.ced.org.tr\/index.php?rest_route=\/wp\/v2\/posts\/3141","targetHints":{"allow":["GET"]}}],"collection":[{"href":"http:\/\/www.ced.org.tr\/index.php?rest_route=\/wp\/v2\/posts"}],"about":[{"href":"http:\/\/www.ced.org.tr\/index.php?rest_route=\/wp\/v2\/types\/post"}],"author":[{"embeddable":true,"href":"http:\/\/www.ced.org.tr\/index.php?rest_route=\/wp\/v2\/users\/1"}],"replies":[{"embeddable":true,"href":"http:\/\/www.ced.org.tr\/index.php?rest_route=%2Fwp%2Fv2%2Fcomments&post=3141"}],"version-history":[{"count":1,"href":"http:\/\/www.ced.org.tr\/index.php?rest_route=\/wp\/v2\/posts\/3141\/revisions"}],"predecessor-version":[{"id":3885,"href":"http:\/\/www.ced.org.tr\/index.php?rest_route=\/wp\/v2\/posts\/3141\/revisions\/3885"}],"wp:featuredmedia":[{"embeddable":true,"href":"http:\/\/www.ced.org.tr\/index.php?rest_route=\/wp\/v2\/media\/4128"}],"wp:attachment":[{"href":"http:\/\/www.ced.org.tr\/index.php?rest_route=%2Fwp%2Fv2%2Fmedia&parent=3141"}],"wp:term":[{"taxonomy":"category","embeddable":true,"href":"http:\/\/www.ced.org.tr\/index.php?rest_route=%2Fwp%2Fv2%2Fcategories&post=3141"},{"taxonomy":"post_tag","embeddable":true,"href":"http:\/\/www.ced.org.tr\/index.php?rest_route=%2Fwp%2Fv2%2Ftags&post=3141"}],"curies":[{"name":"wp","href":"https:\/\/api.w.org\/{rel}","templated":true}]}}