{"id":3160,"date":"2013-05-06T11:17:21","date_gmt":"2013-05-06T08:17:21","guid":{"rendered":"http:\/\/www.ced.org.tr\/?p=3160"},"modified":"2013-05-06T11:17:21","modified_gmt":"2013-05-06T08:17:21","slug":"8-uluslararasi-isci-filmleri-festivali-2","status":"publish","type":"post","link":"http:\/\/www.ced.org.tr\/?p=3160","title":{"rendered":"8. Uluslararas\u0131 \u0130\u015f\u00e7i Filmleri Festivali"},"content":{"rendered":"<p><img loading=\"lazy\" decoding=\"async\" src=\"http:\/\/www.iff.org.tr\/images\/Afisler\/2013afisk.jpg\" border=\"0\" width=\"150\" height=\"210\" style=\"float: left; margin: 10px;\" \/> &#8220;8. Uluslararas\u0131 \u0130\u015f\u00e7i Filmleri Festivali&#8221;, 1-9 May\u0131s tarihleri aras\u0131nda ger\u00e7ekle\u015ftirilecek.<\/p>\n<p>Program i\u00e7in <a href=\"http:\/\/www.iff.org.tr\/arsiv\/2013_ist_program.pdf\" target=\"_blank\">t\u0131klay\u0131n\u0131z.<\/a><\/p>\n","protected":false},"excerpt":{"rendered":"<p>&#8220;8. Uluslararas\u0131 \u0130\u015f\u00e7i Filmleri Festivali&#8221;, 1-9 May\u0131s tarihleri aras\u0131nda ger\u00e7ekle\u015ftirilecek. Program i\u00e7in t\u0131klay\u0131n\u0131z.<\/p>\n","protected":false},"author":1,"featured_media":0,"comment_status":"closed","ping_status":"closed","sticky":false,"template":"","format":"standard","meta":{"_jetpack_memberships_contains_paid_content":false,"footnotes":""},"categories":[61],"tags":[],"class_list":["post-3160","post","type-post","status-publish","format-standard","hentry","category-kultur-sanat"],"aioseo_notices":[],"jetpack_featured_media_url":"","jetpack_sharing_enabled":true,"jetpack-related-posts":[],"_links":{"self":[{"href":"http:\/\/www.ced.org.tr\/index.php?rest_route=\/wp\/v2\/posts\/3160","targetHints":{"allow":["GET"]}}],"collection":[{"href":"http:\/\/www.ced.org.tr\/index.php?rest_route=\/wp\/v2\/posts"}],"about":[{"href":"http:\/\/www.ced.org.tr\/index.php?rest_route=\/wp\/v2\/types\/post"}],"author":[{"embeddable":true,"href":"http:\/\/www.ced.org.tr\/index.php?rest_route=\/wp\/v2\/users\/1"}],"replies":[{"embeddable":true,"href":"http:\/\/www.ced.org.tr\/index.php?rest_route=%2Fwp%2Fv2%2Fcomments&post=3160"}],"version-history":[{"count":0,"href":"http:\/\/www.ced.org.tr\/index.php?rest_route=\/wp\/v2\/posts\/3160\/revisions"}],"wp:attachment":[{"href":"http:\/\/www.ced.org.tr\/index.php?rest_route=%2Fwp%2Fv2%2Fmedia&parent=3160"}],"wp:term":[{"taxonomy":"category","embeddable":true,"href":"http:\/\/www.ced.org.tr\/index.php?rest_route=%2Fwp%2Fv2%2Fcategories&post=3160"},{"taxonomy":"post_tag","embeddable":true,"href":"http:\/\/www.ced.org.tr\/index.php?rest_route=%2Fwp%2Fv2%2Ftags&post=3160"}],"curies":[{"name":"wp","href":"https:\/\/api.w.org\/{rel}","templated":true}]}}