{"id":3208,"date":"2012-10-03T10:12:54","date_gmt":"2012-10-03T07:12:54","guid":{"rendered":"http:\/\/www.ced.org.tr\/?p=3208"},"modified":"2012-10-03T10:12:54","modified_gmt":"2012-10-03T07:12:54","slug":"katilim-payi-4e-katlanacak","status":"publish","type":"post","link":"http:\/\/www.ced.org.tr\/?p=3208","title":{"rendered":"Kat\u0131l\u0131m pay\u0131 4&#8217;e katlanacak"},"content":{"rendered":"<p><span style=\"color: #222222; font-family: arial, sans-serif; font-size: 12.800000190734863px;\">02\/10\/2012 Radikal<\/span><\/p>\n<div style=\"color: #222222; font-family: arial, sans-serif; font-size: 12.800000190734863px; \">\n<div>\n<div style=\"padding: 10px; width: 108px; float: right; min-height: 15px; color: #1b3b72; background-repeat: no-repeat no-repeat;\">\n<div style=\"padding-left: 5px; float: left; padding-top: 3px; \"><a title=\"B\u00fcy\u00fck\" style=\"color: #1155cc; \"><\/a><\/div>\n<div style=\"padding-left: 5px; float: left; padding-top: 3px; \"><a title=\"K\u00fc\u00e7\u00fck\" style=\"color: #1155cc; \"><\/a><\/div>\n<\/div>\n<\/div>\n<p><strong>Sosyal g\u00fcvenlik a\u00e7\u0131\u011f\u0131n\u0131 y\u00fczde 1&#8217;e indirme hedefi vatanda\u015f\u0131 yakacak. Sa\u011fl\u0131kta kat\u0131l\u0131m pay\u0131 artacak, teminat paketi daralt\u0131lacak.  <\/p>\n<p><\/strong><\/div>\n<div style=\"color: #222222; font-family: arial, sans-serif; font-size: 12.800000190734863px; \">\n<div>Hacer Boyac\u0131o\u011flu<\/div>\n<\/div>\n<p>\u00a0<\/p>\n<p><span style=\"color: #222222; font-family: arial, sans-serif; font-size: 12.800000190734863px;\">Ba\u015fbakan Recep Tayyip Erdo\u011fan \u2019\u0131n AK Parti Kongresi\u2019nde a\u00e7\u0131\u011f\u0131n milli gelire olan oran\u0131n\u0131 2023\u2019te y\u00fczde 1\u2019e \u00e7ekme hedefini koydu\u011fu sosyal g\u00fcvenlikte s\u0131k\u0131 tedbirler kap\u0131da. Se\u00e7im nedeniyle h\u00fck\u00fcmetin inisiyatifiyle al\u0131nacak \u00f6nlemlerde birinci \u00f6ncelik sa\u011fl\u0131k alan\u0131nda. Sa\u011fl\u0131kta k\u0131sa vadede olmasa dahi orta vadede g\u00fcndeme gelecek \u00f6nlemler 3 ba\u015fl\u0131kta yo\u011funla\u015f\u0131yor. Bunlardan ilkini bireysel kat\u0131l\u0131m pay\u0131 olu\u015fturuyor. Teminat paketinin daralt\u0131lmas\u0131 ve daha \u00e7ok hizmetin sigorta d\u0131\u015f\u0131nda olmas\u0131, \u00f6zel tamamlay\u0131c\u0131 sa\u011fl\u0131k sigortas\u0131 da g\u00fcndeme gelmek i\u00e7in s\u0131rada bekliyor. H\u00fck\u00fcmetin talimat vermesi halinde \u201cemeklilik ya\u015f\u0131n\u0131 yeniden artt\u0131rma\u201d hemen masaya al\u0131nacak. <\/span><br style=\"color: #222222; font-family: arial, sans-serif; font-size: 12.800000190734863px;\" \/><span style=\"color: #222222; font-family: arial, sans-serif; font-size: 12.800000190734863px;\">Sa\u011fl\u0131kta bir s\u00fcredir g\u00f6zler yeni al\u0131nacak \u00f6nlemlerde. Tart\u0131\u015f\u0131lan \u00f6nlemlerin ne zaman y\u00fcr\u00fcrl\u00fc\u011fe girece\u011fi bilinmiyor. Ancak yol haritas\u0131n\u0131n ana hatlar\u0131 belirlendi. Olas\u0131 bir \u00f6nlemler \u00e7al\u0131\u015fmas\u0131nda g\u00fcndeme gelmesine kesin g\u00f6z\u00fcyle bak\u0131lan konular\u0131n ba\u015f\u0131nda hastalardan al\u0131nan bireysel kat\u0131l\u0131m pay\u0131 bulunuyor. Bireysel kat\u0131l\u0131m pay\u0131 halen T\u00fcrkiye \u2019de hasta ba\u015f\u0131na ortalama y\u00fczde 1,5 olarak hesaplan\u0131yor. Bu oran OECD\u2019de ise y\u00fczde 6,5. Bu nedenle de yeni bir d\u00fczenleme yap\u0131lmas\u0131 ka\u00e7\u0131n\u0131lmaz g\u00f6z\u00fck\u00fcyor. <\/span><br style=\"color: #222222; font-family: arial, sans-serif; font-size: 12.800000190734863px;\" \/><br style=\"color: #222222; font-family: arial, sans-serif; font-size: 12.800000190734863px;\" \/><strong style=\"color: #222222; font-family: arial, sans-serif; font-size: 12.800000190734863px;\">Teminat paketi bekliyor <\/strong><span style=\"color: #222222; font-family: arial, sans-serif; font-size: 12.800000190734863px;\">Bir di\u011fer d\u00fczenleme ise teminat paketi. Sa\u011fl\u0131k hizmetlerinin sosyal g\u00fcvence kapsam\u0131nda kar\u015f\u0131lanmas\u0131n\u0131 teminat paketi sa\u011fl\u0131yor. Bu teminat paketi kapsam\u0131ndaki d\u00fczenlemeler i\u00e7in hastadan \u00fccret al\u0131nm\u0131yor. Ancak Avrupa\u2019daki en geni\u015f kapsaml\u0131 teminat paketinin T\u00fcrkiye\u2019de oldu\u011fu dile getiriliyor. Teminat paketinin kapsam\u0131n\u0131n daralt\u0131lmas\u0131 s\u0131ras\u0131nda t\u00fcp bebek, ortodonti, fizik tedavinin baz\u0131 alanlar\u0131n\u0131n sigorta kapsam\u0131 d\u0131\u015f\u0131na \u00e7\u0131kart\u0131lmas\u0131 g\u00fcndeme gelebilir. <\/span><br style=\"color: #222222; font-family: arial, sans-serif; font-size: 12.800000190734863px;\" \/><br style=\"color: #222222; font-family: arial, sans-serif; font-size: 12.800000190734863px;\" \/><span style=\"font-family: arial, sans-serif; color: #c41425; font-size: 15px; font-weight: bold;\">Emeklilik ya\u015f\u0131 da g\u00fcndeme gelecek <\/span><br style=\"color: #222222; font-family: arial, sans-serif; font-size: 12.800000190734863px;\" \/><span style=\"color: #222222; font-family: arial, sans-serif; font-size: 12.800000190734863px;\">G\u00fcndeme gelmesi beklenen bir di\u011fer d\u00fczenleme ise, emeklilik ya\u015f\u0131 ile ilgili. Ge\u00e7en g\u00fcnlerde Sosyal G\u00fcvenlik Kurumu, bununla ilgili bir sunum da yapt\u0131 ve Bakanlar Kurulu\u2019na talimat verilmesi durumunda emeklilik ya\u015flar\u0131n\u0131 y\u00fckseltebileceklerini a\u00e7\u0131klad\u0131. \u015eu anki d\u00fczenlemeye g\u00f6re, T\u00fcrkiye\u2019de 2035 y\u0131l\u0131nda emeklilik ya\u015f\u0131 tam anlam\u0131yla 60\u2019a \u00e7\u0131kacak. Bunun 15 y\u0131l \u00f6ne \u00e7ekilmesi demek t\u00fcm ya\u015f gruplar\u0131n\u0131n emeklilik ya\u015f\u0131n\u0131n da bir anlamda y\u00fckseltilmesi anlam\u0131na geliyor.<\/span><\/p>\n<p><a href=\"http:\/\/www.radikal.com.tr\/Radikal.aspx?aType=RadikalDetayV3&amp;ArticleID=1102423&amp;CategoryID=80\">http:\/\/www.radikal.com.tr\/Radikal.aspx?aType=RadikalDetayV3&amp;ArticleID=1102423&amp;CategoryID=80<\/a><\/p>\n","protected":false},"excerpt":{"rendered":"<p>02\/10\/2012 Radikal Sosyal g\u00fcvenlik a\u00e7\u0131\u011f\u0131n\u0131 y\u00fczde 1&#8217;e indirme hedefi vatanda\u015f\u0131 yakacak. Sa\u011fl\u0131kta kat\u0131l\u0131m pay\u0131 artacak, teminat paketi daralt\u0131lacak. Hacer Boyac\u0131o\u011flu&#46;&#46;&#46;<\/p>\n","protected":false},"author":1,"featured_media":0,"comment_status":"closed","ping_status":"closed","sticky":false,"template":"","format":"standard","meta":{"_jetpack_memberships_contains_paid_content":false,"footnotes":""},"categories":[63],"tags":[],"class_list":["post-3208","post","type-post","status-publish","format-standard","hentry","category-basinda-saglik"],"aioseo_notices":[],"jetpack_featured_media_url":"","jetpack_sharing_enabled":true,"jetpack-related-posts":[],"_links":{"self":[{"href":"http:\/\/www.ced.org.tr\/index.php?rest_route=\/wp\/v2\/posts\/3208","targetHints":{"allow":["GET"]}}],"collection":[{"href":"http:\/\/www.ced.org.tr\/index.php?rest_route=\/wp\/v2\/posts"}],"about":[{"href":"http:\/\/www.ced.org.tr\/index.php?rest_route=\/wp\/v2\/types\/post"}],"author":[{"embeddable":true,"href":"http:\/\/www.ced.org.tr\/index.php?rest_route=\/wp\/v2\/users\/1"}],"replies":[{"embeddable":true,"href":"http:\/\/www.ced.org.tr\/index.php?rest_route=%2Fwp%2Fv2%2Fcomments&post=3208"}],"version-history":[{"count":0,"href":"http:\/\/www.ced.org.tr\/index.php?rest_route=\/wp\/v2\/posts\/3208\/revisions"}],"wp:attachment":[{"href":"http:\/\/www.ced.org.tr\/index.php?rest_route=%2Fwp%2Fv2%2Fmedia&parent=3208"}],"wp:term":[{"taxonomy":"category","embeddable":true,"href":"http:\/\/www.ced.org.tr\/index.php?rest_route=%2Fwp%2Fv2%2Fcategories&post=3208"},{"taxonomy":"post_tag","embeddable":true,"href":"http:\/\/www.ced.org.tr\/index.php?rest_route=%2Fwp%2Fv2%2Ftags&post=3208"}],"curies":[{"name":"wp","href":"https:\/\/api.w.org\/{rel}","templated":true}]}}