{"id":3210,"date":"2012-11-12T15:55:07","date_gmt":"2012-11-12T13:55:07","guid":{"rendered":"http:\/\/www.ced.org.tr\/?p=3210"},"modified":"2012-11-12T15:55:07","modified_gmt":"2012-11-12T13:55:07","slug":"ceolarini-ceolarini-allah-versin-ceolarini","status":"publish","type":"post","link":"http:\/\/www.ced.org.tr\/?p=3210","title":{"rendered":"Ceolar\u0131n\u0131 ceolar\u0131n\u0131 Allah versin ceolar\u0131n\u0131"},"content":{"rendered":"<p><p style=\"color: #222222; font-family: arial, sans-serif; font-size: 12.800000190734863px;\">Osman \u00d6zt\u00fcrk<\/p>\n<p style=\"color: #222222; font-family: arial, sans-serif; font-size: 12.800000190734863px;\">7\u00a0Kas\u0131m\u00a02012 Birg\u00fcn<\/p>\n<div style=\"color: #222222; font-family: arial, sans-serif; font-size: 13px; margin: 5px 3px 5px 10px;\">\n<p>\u00a0<\/p>\n<div>\n<div>Ge\u00e7ti\u011fimiz hafta devlet hastanelerinin yap\u0131s\u0131 ba\u015ftan a\u015fa\u011f\u0131 de\u011fi\u015fti.<\/div>\n<div><\/div>\n<div>Bir ildeki b\u00fct\u00fcn hastaneler, il\u00e7eler de dahil, Kamu Hastane Birli\u011fi (KHB) ad\u0131 alt\u0131nda topland\u0131.<\/div>\n<div><\/div>\n<div>Ankara ve \u0130zmir\u2019de bir de yetmez iki tane\u2026<\/div>\n<div><\/div>\n<div>\u0130stanbul\u2019da d\u00f6rt de yetmez be\u015f tane KHB kuruldu.<\/div>\n<div><\/div>\n<div>Her KHB\u2019nin ba\u015f\u0131na bir Genel Sekreter, B\u00fcy\u00fck CEO yani\u2026<\/div>\n<div><\/div>\n<div>Her hastanenin ba\u015f\u0131na da bir Hastane Y\u00f6neticisi, K\u00fc\u00e7\u00fck Ceo yani, atand\u0131.<\/div>\n<div><\/div>\n<div>***<\/div>\n<div><\/div>\n<div>Hastaneleri ticarethanelere d\u00f6n\u00fc\u015ft\u00fcren 663 say\u0131l\u0131 Kanun H\u00fckm\u00fcnde Kararname\u2019ye (KHK) g\u00f6re\u2026<\/div>\n<div><\/div>\n<div>Ceo olmak i\u00e7in ne doktor, ne eczac\u0131, ne di\u015f hekimi, ne hem\u015fire, ne biyolog, ne radyolog olmak gerekmiyor.<\/div>\n<div><\/div>\n<div>\u0130\u015fletme, iktisat, hukuk, m\u00fchendislik, ilahiyat, akl\u0131n\u0131za ne gelirse\u2026<\/div>\n<div><\/div>\n<div>D\u00f6rt y\u0131ll\u0131k herhangi bir y\u00fcksek okul mezunu olmak, biraz da i\u015f tecr\u00fcbesi yetiyor.<\/div>\n<div><\/div>\n<div>Nerde mi?..<\/div>\n<div><\/div>\n<div>\u0130ster kamu ister \u00f6zel, nerde bulursan\u0131z orda.<\/div>\n<div><\/div>\n<div>Be\u015f y\u0131l Mahmutpa\u015fa\u2019da konfeksiyonculuk yaparsan\u0131z K\u00fc\u00e7\u00fck Ceo olabilirsiniz.<\/div>\n<div><\/div>\n<div>Yok, benim g\u00f6z\u00fcm yukarda, ben illa da B\u00fcy\u00fck Ceo olmak istiyorum derseniz\u2026<\/div>\n<div><\/div>\n<div>\u00dcst\u00fcne \u00fc\u00e7 y\u0131l da Tahtakale\u2019deki bir d\u00f6viz b\u00fcrosunda doktora yapman\u0131z&#8230;<\/div>\n<div><\/div>\n<div>Bi de biraz sab\u0131rl\u0131 olman\u0131z l\u00e2z\u0131m.<\/div>\n<div><\/div>\n<div>\u015eu mal\u00fbm m\u00fcnkir m\u00fcnaf\u0131k tayfas\u0131 bu Mahmutpa\u015fa\u2019dan, Tahtakale\u2019den Ceo\u2019lar meselesini \u00e7ok diline dolad\u0131\u011f\u0131 i\u00e7in\u2026<\/div>\n<div><\/div>\n<div>H\u00fck\u00fcmet\u2019imiz \u00e7o\u011funu \u015fimdilik doktorlardan se\u00e7ti.<\/div>\n<div><\/div>\n<div>Hastaneleri d\u00fcn de doktorlar y\u00f6netiyordu, bug\u00fcn de doktorlar y\u00f6netecek\u2026<\/div>\n<div><\/div>\n<div>\u00d6yleyse biz bu KHB\u2019yi neden yedik derseniz\u2026<\/div>\n<div><\/div>\n<div>\u0130\u015fin s\u0131rr\u0131 tam da orda.<\/div>\n<div><\/div>\n<div>***<\/div>\n<div><\/div>\n<div>Yaz\u0131n\u0131n ba\u015f\u0131nda \u201cCeo\u2019lar atand\u0131\u201d dememe bakmay\u0131n, atama dedi\u011fin kamu \u00e7al\u0131\u015fanlar\u0131na olur\u2026<\/div>\n<div><\/div>\n<div>Do\u011frusu\u2026<\/div>\n<div><\/div>\n<div>Ceo\u2019larla \u201cs\u00f6zle\u015fme imzaland\u0131.\u201d<\/div>\n<div><\/div>\n<div>Hem de kamuda \u015fimdiye kadar hi\u00e7 g\u00f6r\u00fclmeyen bir s\u00f6zle\u015fme.<\/div>\n<div><\/div>\n<div>\u00d6yle, iki y\u0131ll\u0131\u011f\u0131na s\u00f6zle\u015fmeyi imzalad\u0131m cebime koydum, gerisi Allah kerim diye yan gelip yatmak yok.<\/div>\n<div><\/div>\n<div>Sa\u011fl\u0131k Bakanl\u0131\u011f\u0131\u2019n\u0131n \u00f6n\u00fcn\u00fcze koydu\u011fu \u201ct\u0131bbi ve mali kriterler\u201di yerine getiremezseniz yand\u0131n\u0131z.<\/div>\n<div><\/div>\n<div>Sa\u011fl\u0131k \u00e7al\u0131\u015fanlar\u0131n\u0131 pestilleri \u00e7\u0131kana kadar \u00e7al\u0131\u015ft\u0131ramaz\u2026<\/div>\n<div><\/div>\n<div>Poliklinik, ameliyat, laboratuar say\u0131lar\u0131n\u0131 artt\u0131ramaz\u2026<\/div>\n<div><\/div>\n<div>KHB\u2019nize ba\u011fl\u0131 hastanelere s\u0131n\u0131f atlatamaz\u2026<\/div>\n<div><\/div>\n<div>Ne yap\u0131p edip \u00e7evrenizdeki \u00f6zel hastanelerle rekabet edemez\u2026<\/div>\n<div><\/div>\n<div>Size emanet edilen ticarethane, pardon hastaneyi k\u00e2rl\u0131 hale getiremezseniz\u2026<\/div>\n<div><\/div>\n<div>S\u00f6zle\u015fme s\u00fcreniz dolmasa da, g\u00f6revden al\u0131n\u0131rs\u0131n\u0131z.<\/div>\n<div><\/div>\n<div>Gene kamu \u00e7al\u0131\u015fan\u0131 al\u0131\u015fkanl\u0131\u011f\u0131yla \u201cg\u00f6revden al\u0131n\u0131rs\u0131n\u0131z dedim\u2026<\/div>\n<div><\/div>\n<div>Do\u011frusu\u2026<\/div>\n<div><\/div>\n<div>(E\u011fer devlet memuriyetinden izinli olarak gelmemi\u015fseniz\u2026)<\/div>\n<div><\/div>\n<div>Kovulursunuz!..<\/div>\n<div><\/div>\n<div>\u0130\u015fsiz g\u00fc\u00e7s\u00fcz kal\u0131r, eve ekmek g\u00f6t\u00fcremezsiniz.<\/div>\n<div><\/div>\n<div>\u00dcstelik sadece siz de\u011fil\u2026<\/div>\n<div><\/div>\n<div>Size ba\u011fl\u0131 b\u00fct\u00fcn ba\u015fkanlar, y\u00f6neticiler, m\u00fcd\u00fcrler, yard\u0131mc\u0131lar\u0131 filan hep beraber kovulur.<\/div>\n<div><\/div>\n<div>Bir nevi toplu telefat!..<\/div>\n<div><\/div>\n<div>KHB\u2019lerde y\u00f6neticilik yapmak ate\u015ften g\u00f6mlek, yani.<\/div>\n<div><\/div>\n<div>O ate\u015fin sizi yakmas\u0131n\u0131 istemiyorsan\u0131z\u2026<\/div>\n<div><\/div>\n<div>\u00c7al\u0131\u015ft\u0131rd\u0131\u011f\u0131n\u0131z personelin \u00e7\u0131ras\u0131n\u0131 yakman\u0131z l\u00e2z\u0131m.<\/div>\n<div><\/div>\n<div>***<\/div>\n<div><\/div>\n<div>KHB\u2019leri d\u00fczenleyen 663 say\u0131l\u0131 KHK\u2019n\u0131n iptali i\u00e7in CHP\u2019nin a\u00e7t\u0131\u011f\u0131 dava aylard\u0131r Anayasa Mahkemesi\u2019nde bekliyor.<\/div>\n<div><\/div>\n<div>Anayasa Mahkemesi bekliyor ama sa\u011fl\u0131k \u00e7al\u0131\u015fanlar\u0131 beklemiyor.<\/div>\n<div><\/div>\n<div>Hekiminden hem\u015firesine, di\u015f hekiminden sa\u011fl\u0131k memuruna, diyetisyeninden radyoloji teknisyenine\u2026<\/div>\n<div><\/div>\n<div>Sa\u011fl\u0131k alan\u0131nda \u00f6rg\u00fctl\u00fc on be\u015f sendika, meslek \u00f6rg\u00fct\u00fc, dernek bir araya geldi\u2026<\/div>\n<div><\/div>\n<div>D\u00fcn itibariyle KHB\u2019lere kar\u015f\u0131 m\u00fccadeleyi ba\u015flatt\u0131.<\/div>\n<div><\/div>\n<div>Ne mi diyorlar?&#8230;<\/div>\n<div><\/div>\n<div>\u0130\u015fimize, \u0130\u015f G\u00fcvencemize, Hastanelerimize Sahip \u00c7\u0131k\u0131yoruz\u2026<\/div>\n<div><\/div>\n<div>Ceo\u2019lar\u0131n\u0131za \u201cHo\u015fgeldiniz\u201d Demiyoruz<\/div>\n<\/div>\n<\/div>\n","protected":false},"excerpt":{"rendered":"<p>Osman \u00d6zt\u00fcrk 7\u00a0Kas\u0131m\u00a02012 Birg\u00fcn \u00a0 Ge\u00e7ti\u011fimiz hafta devlet hastanelerinin yap\u0131s\u0131 ba\u015ftan a\u015fa\u011f\u0131 de\u011fi\u015fti. Bir ildeki b\u00fct\u00fcn hastaneler, il\u00e7eler de dahil,&#46;&#46;&#46;<\/p>\n","protected":false},"author":1,"featured_media":0,"comment_status":"closed","ping_status":"closed","sticky":false,"template":"","format":"standard","meta":{"_jetpack_memberships_contains_paid_content":false,"footnotes":""},"categories":[63],"tags":[],"class_list":["post-3210","post","type-post","status-publish","format-standard","hentry","category-basinda-saglik"],"aioseo_notices":[],"jetpack_featured_media_url":"","jetpack_sharing_enabled":true,"jetpack-related-posts":[],"_links":{"self":[{"href":"http:\/\/www.ced.org.tr\/index.php?rest_route=\/wp\/v2\/posts\/3210","targetHints":{"allow":["GET"]}}],"collection":[{"href":"http:\/\/www.ced.org.tr\/index.php?rest_route=\/wp\/v2\/posts"}],"about":[{"href":"http:\/\/www.ced.org.tr\/index.php?rest_route=\/wp\/v2\/types\/post"}],"author":[{"embeddable":true,"href":"http:\/\/www.ced.org.tr\/index.php?rest_route=\/wp\/v2\/users\/1"}],"replies":[{"embeddable":true,"href":"http:\/\/www.ced.org.tr\/index.php?rest_route=%2Fwp%2Fv2%2Fcomments&post=3210"}],"version-history":[{"count":0,"href":"http:\/\/www.ced.org.tr\/index.php?rest_route=\/wp\/v2\/posts\/3210\/revisions"}],"wp:attachment":[{"href":"http:\/\/www.ced.org.tr\/index.php?rest_route=%2Fwp%2Fv2%2Fmedia&parent=3210"}],"wp:term":[{"taxonomy":"category","embeddable":true,"href":"http:\/\/www.ced.org.tr\/index.php?rest_route=%2Fwp%2Fv2%2Fcategories&post=3210"},{"taxonomy":"post_tag","embeddable":true,"href":"http:\/\/www.ced.org.tr\/index.php?rest_route=%2Fwp%2Fv2%2Ftags&post=3210"}],"curies":[{"name":"wp","href":"https:\/\/api.w.org\/{rel}","templated":true}]}}