{"id":3215,"date":"2013-03-27T15:09:30","date_gmt":"2013-03-27T13:09:30","guid":{"rendered":"http:\/\/www.ced.org.tr\/?p=3215"},"modified":"2013-03-27T15:09:30","modified_gmt":"2013-03-27T13:09:30","slug":"saglik-bakani-mujdeyi-verdi","status":"publish","type":"post","link":"http:\/\/www.ced.org.tr\/?p=3215","title":{"rendered":"Sa\u011fl\u0131k Bakan\u0131 \u201cm\u00fcjde\u201dyi verdi"},"content":{"rendered":"<p><span style=\"font-size: 12.800000190734863px; color: #222222; font-family: arial, sans-serif;\">M\u00fcnkir m\u00fcnaf\u0131k, m\u00fczmin muhalif sa\u011fl\u0131k\u00e7\u0131 tayfas\u0131 bu i\u015ften de memnun olmam\u0131\u015f\u2026<\/span><\/p>\n<p><span style=\"font-family: arial, sans-serif; color: #222222;\"><span style=\"font-size: 12.800000190734863px;\">Osman \u00d6zt\u00fcrk, 27 Mart 2013, Birg\u00fcn<\/p>\n<p><\/span><\/span><\/p>\n<p><span style=\"font-size: 12.800000190734863px; color: #222222; font-family: arial, sans-serif;\">http:\/\/www.birgun.net\/writer_index.php?category_code=1262698051&amp;news_code=1364376837&amp;year=2013&amp;month=03&amp;day=27<\/span><\/p>\n<p><span style=\"font-family: arial, sans-serif; color: #222222;\"><span style=\"font-size: 12.800000190734863px;\"><br \/><\/span><\/span><\/p>\n<p><span style=\"font-family: arial, sans-serif; color: #222222;\"><span style=\"font-size: 12.800000190734863px;\"><strong>Sa\u011fl\u0131k Bakan\u0131 \u201cm\u00fcjde\u201dyi verdi<\/strong><\/span><\/span><\/p>\n<p><span style=\"font-family: arial, sans-serif; color: #222222;\"><span style=\"font-size: 12.800000190734863px;\"><strong><br \/><\/strong><\/span><\/span><\/p>\n<p><span style=\"font-family: arial, sans-serif; color: #222222;\"><span style=\"font-size: 12.800000190734863px;\">Sa\u011fl\u0131k Bakan\u0131 iki ay \u00f6nce de\u011fi\u015fmi\u015fti.<\/span><\/span><\/p>\n<p><span style=\"font-family: arial, sans-serif; color: #222222;\"><span style=\"font-size: 12.800000190734863px;\">Recep Akda\u011f gitmi\u015f, Mehmet M\u00fcezzino\u011flu gelmi\u015f&#8230;<\/span><\/span><\/p>\n<p><span style=\"font-family: arial, sans-serif; color: #222222;\"><span style=\"font-size: 12.800000190734863px;\">Gelir gelmez de sa\u011fl\u0131k \u00e7al\u0131\u015fanlar\u0131na s\u0131cak mesajlar vermi\u015fti.<\/span><\/span><\/p>\n<p><span style=\"font-family: arial, sans-serif; color: #222222;\"><span style=\"font-size: 12.800000190734863px;\">14 Mart T\u0131p Bayram\u0131\u2019nda da \u201cm\u00fcjde\u201dyi verecekti.<\/span><\/span><\/p>\n<p><span style=\"font-family: arial, sans-serif; color: #222222;\"><span style=\"font-size: 12.800000190734863px;\">Kendisi de de\u011fil, bizzat Ba\u015fbakan Erdo\u011fan a\u00e7\u0131klayacakt\u0131.<\/span><\/span><\/p>\n<p><span style=\"font-family: arial, sans-serif; color: #222222;\"><span style=\"font-size: 12.800000190734863px;\">Ne var ki, Ba\u015fbakan 14 Mart\u2019tan \u00f6nce hastalanm\u0131\u015f\u2026<\/span><\/span><\/p>\n<p><span style=\"font-family: arial, sans-serif; color: #222222;\"><span style=\"font-size: 12.800000190734863px;\">Neyse ki h\u0131zla iyile\u015fince ge\u00e7en hafta AKP Grup Toplant\u0131s\u0131\u2019nda a\u00e7\u0131klam\u0131\u015ft\u0131.<\/span><\/span><\/p>\n<p><span style=\"font-family: arial, sans-serif; color: #222222;\"><span style=\"font-size: 12.800000190734863px;\">Eski Sa\u011fl\u0131k Bakan\u0131\u2019n\u0131n ala-y\u0131 v\u00e2l\u00e2 ile kald\u0131rd\u0131\u011f\u0131 \u00fcniversitelerdeki \u201choca paras\u0131\u201d geri geliyordu!..<\/span><\/span><\/p>\n<p><span style=\"font-family: arial, sans-serif; color: #222222;\"><span style=\"font-size: 12.800000190734863px;\">Hocalar mesai sonras\u0131nda da hasta bakacak\u2026<\/span><\/span><\/p>\n<p><span style=\"font-family: arial, sans-serif; color: #222222;\"><span style=\"font-size: 12.800000190734863px;\">Hastan\u0131n \u00f6deyece\u011fi elli be\u015f liradan, hastanenin alaca\u011f\u0131 kaparo d\u00fc\u015f\u00fcld\u00fckten sonraki pay\u0131n\u0131 alacakt\u0131.<\/span><\/span><\/p>\n<p><span style=\"font-family: arial, sans-serif; color: #222222;\"><span style=\"font-size: 12.800000190734863px;\">***<\/span><\/span><\/p>\n<p><span style=\"font-family: arial, sans-serif; color: #222222;\"><span style=\"font-size: 12.800000190734863px;\">Sa\u011fl\u0131k Bakan\u0131 iki ay boyunca \u00e7al\u0131\u015fm\u0131\u015f\u2026<\/span><\/span><\/p>\n<p><span style=\"font-family: arial, sans-serif; color: #222222;\"><span style=\"font-size: 12.800000190734863px;\">Sorunlar\u0131 \u201cpayda\u015f\u201dlarla g\u00f6r\u00fc\u015f\u00fcp \u00e7\u00f6z\u00fcm \u00fcretmi\u015f\u2026<\/span><\/span><\/p>\n<p><span style=\"font-family: arial, sans-serif; color: #222222;\"><span style=\"font-size: 12.800000190734863px;\">Ba\u015fbakan da \u201cm\u00fcjde\u201dyi vermi\u015fti ama\u2026<\/span><\/span><\/p>\n<p><span style=\"font-family: arial, sans-serif; color: #222222;\"><span style=\"font-size: 12.800000190734863px;\">M\u00fcnkir m\u00fcnaf\u0131k, m\u00fczmin muhalif sa\u011fl\u0131k\u00e7\u0131 tayfas\u0131 bu i\u015ften de memnun olmam\u0131\u015f\u2026<\/span><\/span><\/p>\n<p><span style=\"font-family: arial, sans-serif; color: #222222;\"><span style=\"font-size: 12.800000190734863px;\">\u201cBizim b\u00fct\u00fcn derdimiz \u2018hoca paras\u0131\u2019 m\u0131yd\u0131?.. Da\u011f fare do\u011furdu.\u201d diyerekten m\u0131zm\u0131zlanmaya devam etmi\u015fti.<\/span><\/span><\/p>\n<p><span style=\"font-family: arial, sans-serif; color: #222222;\"><span style=\"font-size: 12.800000190734863px;\">Ger\u00e7ek \u201cm\u00fcjde\u201dyi\u2026<\/span><\/span><\/p>\n<p><span style=\"font-family: arial, sans-serif; color: #222222;\"><span style=\"font-size: 12.800000190734863px;\">Sa\u011fl\u0131k Bakan\u0131 \u00f6nceki g\u00fcn verdi!..<\/span><\/span><\/p>\n<p><span style=\"font-family: arial, sans-serif; color: #222222;\"><span style=\"font-size: 12.800000190734863px;\"> ***<\/span><\/span><\/p>\n<p><span style=\"font-family: arial, sans-serif; color: #222222;\"><span style=\"font-size: 12.800000190734863px;\">Bakan Bey Pazartesi ak\u015fam\u0131 TRT Haber\u2019de \u201cNeler Oluyor?\u201d program\u0131n\u0131n konu\u011fuydu.<\/span><\/span><\/p>\n<p><span style=\"font-family: arial, sans-serif; color: #222222;\"><span style=\"font-size: 12.800000190734863px;\">Tam G\u00fcn\u2026<\/span><\/span><\/p>\n<p><span style=\"font-family: arial, sans-serif; color: #222222;\"><span style=\"font-size: 12.800000190734863px;\">Performansa dayal\u0131 \u00fccretlendirme\u2026<\/span><\/span><\/p>\n<p><span style=\"font-family: arial, sans-serif; color: #222222;\"><span style=\"font-size: 12.800000190734863px;\">T\u0131p fak\u00fcltesi kontenjanlar\u0131\u2026<\/span><\/span><\/p>\n<p><span style=\"font-family: arial, sans-serif; color: #222222;\"><span style=\"font-size: 12.800000190734863px;\">Vekil ebelerin, kadro bulamayan laborantlar\u0131n sorunlar\u0131\u2026<\/span><\/span><\/p>\n<p><span style=\"font-family: arial, sans-serif; color: #222222;\"><span style=\"font-size: 12.800000190734863px;\">Sa\u011fl\u0131kta memnuniyet\u2026<\/span><\/span><\/p>\n<p><span style=\"font-family: arial, sans-serif; color: #222222;\"><span style=\"font-size: 12.800000190734863px;\">Sa\u011fl\u0131kta \u015fiddet\u2026<\/span><\/span><\/p>\n<p><span style=\"font-family: arial, sans-serif; color: #222222;\"><span style=\"font-size: 12.800000190734863px;\">Her \u015fey konu\u015fuldu programda.<\/span><\/span><\/p>\n<p><span style=\"font-family: arial, sans-serif; color: #222222;\"><span style=\"font-size: 12.800000190734863px;\">Genel Yay\u0131n Y\u00f6netmeni Amet B\u00f6ken tatl\u0131 tatl\u0131 sordu\u2026<\/span><\/span><\/p>\n<p><span style=\"font-family: arial, sans-serif; color: #222222;\"><span style=\"font-size: 12.800000190734863px;\">Sa\u011fl\u0131k Bakan\u0131 Mehmet M\u00fcezzino\u011flu g\u00fczel g\u00fczel cevap verdi.<\/span><\/span><\/p>\n<p><span style=\"font-family: arial, sans-serif; color: #222222;\"><span style=\"font-size: 12.800000190734863px;\">Ve fakat \u201cm\u00fcjde\u201d oralardan gelmedi.<\/span><\/span><\/p>\n<p><span style=\"font-family: arial, sans-serif; color: #222222;\"><span style=\"font-size: 12.800000190734863px;\">(Az sonra.)<\/span><\/span><\/p>\n<p><span style=\"font-family: arial, sans-serif; color: #222222;\"><span style=\"font-size: 12.800000190734863px;\">***<\/span><\/span><\/p>\n<p><span style=\"font-family: arial, sans-serif; color: #222222;\"><span style=\"font-size: 12.800000190734863px;\">Hani \u015fu \u00f6zel hastanelerin sigortal\u0131 vatanda\u015flardan \u201cilave \u00fccret\u201d ad\u0131 alt\u0131nda ald\u0131klar\u0131 para vard\u0131 ya\u2026<\/span><\/span><\/p>\n<p><span style=\"font-family: arial, sans-serif; color: #222222;\"><span style=\"font-size: 12.800000190734863px;\">Daha do\u011frusu eskiden yoktu da, AKP zaman\u0131nda konulmu\u015ftu\u2026<\/span><\/span><\/p>\n<p><span style=\"font-family: arial, sans-serif; color: #222222;\"><span style=\"font-size: 12.800000190734863px;\">\u0130ki bin dokuzda \u201chepi topu y\u00fczde otuz\u201d diye ba\u015flatm\u0131\u015flar\u2026<\/span><\/span><\/p>\n<p><span style=\"font-family: arial, sans-serif; color: #222222;\"><span style=\"font-size: 12.800000190734863px;\">\u0130ki bin onda y\u00fczde yetmi\u015fe\u2026<\/span><\/span><\/p>\n<p><span style=\"font-family: arial, sans-serif; color: #222222;\"><span style=\"font-size: 12.800000190734863px;\">\u0130ki bin on ikide y\u00fczde doksana \u00e7\u0131karm\u0131\u015flard\u0131.<\/span><\/span><\/p>\n<p><span style=\"font-family: arial, sans-serif; color: #222222;\"><span style=\"font-size: 12.800000190734863px;\">Eskinin \u201cb\u0131\u00e7ak paras\u0131\u201dn\u0131 mumla arat\u0131rcas\u0131na \u201ckasatura paras\u0131\u201dna, \u201csat\u0131r paras\u0131\u201dna d\u00f6n\u00fc\u015fm\u00fc\u015ft\u00fc.<\/span><\/span><\/p>\n<p><span style=\"font-family: arial, sans-serif; color: #222222;\"><span style=\"font-size: 12.800000190734863px;\">Pazartesi g\u00fcn\u00fc Bakanlar Kurulu\u2019nda g\u00f6r\u00fc\u015fm\u00fc\u015fler\u2026<\/span><\/span><\/p>\n<p><span style=\"font-family: arial, sans-serif; color: #222222;\"><span style=\"font-size: 12.800000190734863px;\">\u00d6zel hastanelerde al\u0131nan \u201cilave \u00fccret\u201dlerin reel olmad\u0131\u011f\u0131na karar vermi\u015fler.<\/span><\/span><\/p>\n<p><span style=\"font-family: arial, sans-serif; color: #222222;\"><span style=\"font-size: 12.800000190734863px;\">Y\u00fczde doksan da yetmezmi\u015f, yani\u2026<\/span><\/span><\/p>\n<p><span style=\"font-family: arial, sans-serif; color: #222222;\"><span style=\"font-size: 12.800000190734863px;\">Oranlar\u0131 daha da y\u00fckselteceklermi\u015f.<\/span><\/span><\/p>\n<p><span style=\"font-family: arial, sans-serif; color: #222222;\"><span style=\"font-size: 12.800000190734863px;\">S\u0131n\u0131f\u0131na g\u00f6re ilave \u00fccret uygulamas\u0131ndan da vazge\u00e7eceklermi\u015f.<\/span><\/span><\/p>\n<p><span style=\"font-family: arial, sans-serif; color: #222222;\"><span style=\"font-size: 12.800000190734863px;\">Her hastane kendi belirleyecek\u2026<\/span><\/span><\/p>\n<p><span style=\"font-family: arial, sans-serif; color: #222222;\"><span style=\"font-size: 12.800000190734863px;\">\u0130steyen istedi\u011fi kadar yolacakm\u0131\u015f, sigortal\u0131lar\u0131.<\/span><\/span><\/p>\n<p><span style=\"font-family: arial, sans-serif; color: #222222;\"><span style=\"font-size: 12.800000190734863px;\">(Yanl\u0131\u015f anla\u015f\u0131lmas\u0131n\u2026<\/span><\/span><\/p>\n<p><span style=\"font-family: arial, sans-serif; color: #222222;\"><span style=\"font-size: 12.800000190734863px;\">Buradaki \u201cyolmak\u201d tabiri bana de\u011fil\u2026<\/span><\/span><\/p>\n<p><span style=\"font-family: arial, sans-serif; color: #222222;\"><span style=\"font-size: 12.800000190734863px;\">Bizzat Ba\u015fbakan Recep Tayyip Erdo\u011fan\u2019a ait.<\/span><\/span><\/p>\n<p><span style=\"font-family: arial, sans-serif; color: #222222;\"><span style=\"font-size: 12.800000190734863px;\">Daha, SSK\u2019l\u0131lar yeni yeni \u00f6zel hastanelere gitmeye ba\u015flad\u0131\u011f\u0131 g\u00fcnlerde\u2026<\/span><\/span><\/p>\n<p><span style=\"font-family: arial, sans-serif; color: #222222;\"><span style=\"font-size: 12.800000190734863px;\">\u201cAnadolu\u2019da \u2018s\u00fcr\u00fcmden kazanmak\u2019 diye bir deyim vard\u0131r. &#8230; Ama maalesef \u00f6zel sekt\u00f6rde \u00f6yle bir mant\u0131k var ki baz\u0131 tedavilerde ak\u0131l almaz rakamlarla vatanda\u015fa y\u00fckleniyorlar. \u00d6zel sekt\u00f6r\u00fcn \u2018kazlar\u0131 bulduk t\u00fcyleri yolal\u0131m\u2019 havas\u0131na girmemesi gerekir.\u201d demi\u015fti kendileri.)<\/span><\/span><\/p>\n<p><span style=\"font-family: arial, sans-serif; color: #222222;\"><span style=\"font-size: 12.800000190734863px;\">***<\/span><\/span><\/p>\n<p><span style=\"font-family: arial, sans-serif; color: #222222;\"><span style=\"font-size: 12.800000190734863px;\">Cumhuriyet tarihinin ilk \u00f6zel hastane patronu Sa\u011fl\u0131k Bakan\u0131\u2019n\u0131n\u2026<\/span><\/span><\/p>\n<p><span style=\"font-family: arial, sans-serif; color: #222222;\"><span style=\"font-size: 12.800000190734863px;\">\u0130lk ciddi icraat\u0131&#8230;<\/span><\/span><\/p>\n<p><span style=\"font-family: arial, sans-serif; color: #222222;\"><span style=\"font-size: 12.800000190734863px;\">\u00d6zel hastane patronlar\u0131na \u201cm\u00fcjde\u201d vermek oldu.<\/span><\/span><\/p>\n<p><span style=\"font-family: arial, sans-serif; color: #222222;\"><span style=\"font-size: 12.800000190734863px;\">Hay\u0131rl\u0131 olsun!..<\/span><\/span><\/p>\n<p>\u00a0<\/p>\n","protected":false},"excerpt":{"rendered":"<p>M\u00fcnkir m\u00fcnaf\u0131k, m\u00fczmin muhalif sa\u011fl\u0131k\u00e7\u0131 tayfas\u0131 bu i\u015ften de memnun olmam\u0131\u015f\u2026 Osman \u00d6zt\u00fcrk, 27 Mart 2013, Birg\u00fcn http:\/\/www.birgun.net\/writer_index.php?category_code=1262698051&amp;news_code=1364376837&amp;year=2013&amp;month=03&amp;day=27 Sa\u011fl\u0131k Bakan\u0131&#46;&#46;&#46;<\/p>\n","protected":false},"author":1,"featured_media":0,"comment_status":"closed","ping_status":"closed","sticky":false,"template":"","format":"standard","meta":{"_jetpack_memberships_contains_paid_content":false,"footnotes":""},"categories":[63],"tags":[],"class_list":["post-3215","post","type-post","status-publish","format-standard","hentry","category-basinda-saglik"],"aioseo_notices":[],"jetpack_featured_media_url":"","jetpack_sharing_enabled":true,"jetpack-related-posts":[],"_links":{"self":[{"href":"http:\/\/www.ced.org.tr\/index.php?rest_route=\/wp\/v2\/posts\/3215","targetHints":{"allow":["GET"]}}],"collection":[{"href":"http:\/\/www.ced.org.tr\/index.php?rest_route=\/wp\/v2\/posts"}],"about":[{"href":"http:\/\/www.ced.org.tr\/index.php?rest_route=\/wp\/v2\/types\/post"}],"author":[{"embeddable":true,"href":"http:\/\/www.ced.org.tr\/index.php?rest_route=\/wp\/v2\/users\/1"}],"replies":[{"embeddable":true,"href":"http:\/\/www.ced.org.tr\/index.php?rest_route=%2Fwp%2Fv2%2Fcomments&post=3215"}],"version-history":[{"count":0,"href":"http:\/\/www.ced.org.tr\/index.php?rest_route=\/wp\/v2\/posts\/3215\/revisions"}],"wp:attachment":[{"href":"http:\/\/www.ced.org.tr\/index.php?rest_route=%2Fwp%2Fv2%2Fmedia&parent=3215"}],"wp:term":[{"taxonomy":"category","embeddable":true,"href":"http:\/\/www.ced.org.tr\/index.php?rest_route=%2Fwp%2Fv2%2Fcategories&post=3215"},{"taxonomy":"post_tag","embeddable":true,"href":"http:\/\/www.ced.org.tr\/index.php?rest_route=%2Fwp%2Fv2%2Ftags&post=3215"}],"curies":[{"name":"wp","href":"https:\/\/api.w.org\/{rel}","templated":true}]}}