{"id":3218,"date":"2013-05-08T07:32:36","date_gmt":"2013-05-08T04:32:36","guid":{"rendered":"http:\/\/www.ced.org.tr\/?p=3218"},"modified":"2013-05-08T07:32:36","modified_gmt":"2013-05-08T04:32:36","slug":"medikal-park-hastane-degil-miydi","status":"publish","type":"post","link":"http:\/\/www.ced.org.tr\/?p=3218","title":{"rendered":"Medikal Park hastane de\u011fil miydi?"},"content":{"rendered":"<p><p>Dilan\u2019\u0131 taburcu edeceklerini bildiren hastanenin g\u00fcvenlik amiriydi ve son c\u00fcmlesi \u015fuydu: \u201c\u0130ster eve g\u00f6t\u00fcr, ister hastaneye\u201d. Peki Medikal Park hastane de\u011fil miydi?<\/p>\n<p><span style=\"font-size: 10px;\">. \u201cTaburcu olmak\u201d laf\u0131 Dilan\u2019a bakan hekimler taraf\u0131ndan o ana dek hi\u00e7 an\u0131lmam\u0131\u015ft\u0131. Ayr\u0131ca, yo\u011fun bak\u0131mdan \u00e7\u0131k\u0131nca hastan\u0131n servise ge\u00e7ece\u011fi ve tedavisinin serviste s\u00fcrece\u011fi de s\u00f6ylenmi\u015fti.<\/p>\n<p><\/span><\/p>\n<p><a href=\"http:\/\/www.bianet.org\/bianet\/yasam\/146420-dilan-alp-nasil-taburcu-edildi\" style=\"font-size: 10px;\">http:\/\/www.bianet.org\/bianet\/yasam\/146420-dilan-alp-nasil-taburcu-edildi<\/a><\/p>\n<p>HALUK A\u011eABEYO\u011eLU YAZDI Dilan Alp Nas\u0131l Taburcu Edildi?<\/p><\/p>\n","protected":false},"excerpt":{"rendered":"<p>Dilan\u2019\u0131 taburcu edeceklerini bildiren hastanenin g\u00fcvenlik amiriydi ve son c\u00fcmlesi \u015fuydu: \u201c\u0130ster eve g\u00f6t\u00fcr, ister hastaneye\u201d. Peki Medikal Park hastane&#46;&#46;&#46;<\/p>\n","protected":false},"author":1,"featured_media":0,"comment_status":"closed","ping_status":"closed","sticky":false,"template":"","format":"standard","meta":{"_jetpack_memberships_contains_paid_content":false,"footnotes":""},"categories":[63],"tags":[],"class_list":["post-3218","post","type-post","status-publish","format-standard","hentry","category-basinda-saglik"],"aioseo_notices":[],"jetpack_featured_media_url":"","jetpack_sharing_enabled":true,"jetpack-related-posts":[],"_links":{"self":[{"href":"http:\/\/www.ced.org.tr\/index.php?rest_route=\/wp\/v2\/posts\/3218","targetHints":{"allow":["GET"]}}],"collection":[{"href":"http:\/\/www.ced.org.tr\/index.php?rest_route=\/wp\/v2\/posts"}],"about":[{"href":"http:\/\/www.ced.org.tr\/index.php?rest_route=\/wp\/v2\/types\/post"}],"author":[{"embeddable":true,"href":"http:\/\/www.ced.org.tr\/index.php?rest_route=\/wp\/v2\/users\/1"}],"replies":[{"embeddable":true,"href":"http:\/\/www.ced.org.tr\/index.php?rest_route=%2Fwp%2Fv2%2Fcomments&post=3218"}],"version-history":[{"count":0,"href":"http:\/\/www.ced.org.tr\/index.php?rest_route=\/wp\/v2\/posts\/3218\/revisions"}],"wp:attachment":[{"href":"http:\/\/www.ced.org.tr\/index.php?rest_route=%2Fwp%2Fv2%2Fmedia&parent=3218"}],"wp:term":[{"taxonomy":"category","embeddable":true,"href":"http:\/\/www.ced.org.tr\/index.php?rest_route=%2Fwp%2Fv2%2Fcategories&post=3218"},{"taxonomy":"post_tag","embeddable":true,"href":"http:\/\/www.ced.org.tr\/index.php?rest_route=%2Fwp%2Fv2%2Ftags&post=3218"}],"curies":[{"name":"wp","href":"https:\/\/api.w.org\/{rel}","templated":true}]}}