{"id":3229,"date":"2006-09-01T17:00:05","date_gmt":"2006-09-01T14:00:05","guid":{"rendered":"http:\/\/www.ced.org.tr\/?p=3229"},"modified":"2006-09-01T17:00:05","modified_gmt":"2006-09-01T14:00:05","slug":"avrupa-sosyal-forumu-asf","status":"publish","type":"post","link":"http:\/\/www.ced.org.tr\/?p=3229","title":{"rendered":"Avrupa Sosyal Forumu (ASF)"},"content":{"rendered":"<p><font size=\"2\"><\/p>\n<div style=\"text-align: center\"><img loading=\"lazy\" decoding=\"async\" style=\"width: 284px; height: 213px\" src=\"http:\/\/www.ced.org.tr\/images\/stories\/dernek\/p1010125.jpg\" border=\"0\" alt=\"atina\" title=\"atina\" width=\"284\" height=\"213\" \/><\/div>\n<p><\/font><\/p>\n<p><font size=\"2\">&Ccedil;a\u011fda\u015f Eczac\u0131lar Derne\u011fi, ba\u015fka bir Avrupa i&ccedil;in, bar\u0131\u015f\u0131n, toplumsal adaletin ve dayan\u0131\u015fman\u0131n Avrupa&rsquo;s\u0131, halklar\u0131n kendi kaderlerini tayin etti\u011fi bir Avrupa i&ccedil;in Atina&#39;dayd\u0131.<\/font><\/p>\n<p><font size=\"2\">D&ouml;rd&uuml;nc&uuml; Avrupa Sosyal Forumu 4-7 May\u0131s 2006 tarihlerinde Yunanistan&rsquo;\u0131n ba\u015fkenti Atina&rsquo;da yap\u0131ld\u0131. Sava\u015fa, neoliberalizme, emperyalizmin her bi&ccedil;imine, s&ouml;m&uuml;rgecili\u011fe, \u0131rk&ccedil;\u0131l\u0131\u011fa, ayr\u0131mc\u0131l\u0131k ve s&ouml;m&uuml;r&uuml;ye, ekolojik bir felaketin t&uuml;m risklerine kar\u015f\u0131 m&uuml;cadele i&ccedil;in 35 bin ki\u015fi Atina&rsquo;da bulu\u015ftuk.<br \/>Avrupa Sosyal Forumu&rsquo;nda; n&uuml;kleer enerji, sava\u015f, kamu hizmetlerinin &ouml;zelle\u015ftirilmesi ve neoliberalizm, anti-ter&ouml;r yasalar\u0131, k&uuml;resel \u0131s\u0131nma, su, tar\u0131m hareketleri, sa\u011fl\u0131k sistemleri, e\u011fitim, emperyalizm, demokrasi m&uuml;cadelesi gibi ba\u015fl\u0131klar alt\u0131nda toplant\u0131lar d&uuml;zenledi.<br \/>Forum s&uuml;resince 278 seminer ve at&ouml;lyenin yan\u0131 s\u0131ra 104 k&uuml;lt&uuml;rel etkinlik ger&ccedil;ekle\u015ftirildi. Toplant\u0131larda ortaya &ccedil;\u0131kan ba\u015fl\u0131ca sonu&ccedil;lar \u015funlard\u0131 ;<br \/>Sava\u015fa ve Irak i\u015fgaline kar\u015f\u0131 muhalefet ve direni\u015f, \u0130ngiltere ve ABD stratejisinin iflas etti\u011fini ortaya &ccedil;\u0131kard\u0131.<br \/>Neoliberalizme muhalif hareketler b&uuml;y&uuml;yor ve yaln\u0131zca ulus &ouml;tesi \u015firketlerin, G8&rsquo;lerin, DT&Ouml;, IMF ve D&uuml;nya Bankas\u0131&rsquo;n\u0131n g&uuml;c&uuml;yle de\u011fil, ayn\u0131 zamanda devletlerin ve Avrupa Birli\u011fi&rsquo;nin neoliberal politikalar\u0131yla &ccedil;arp\u0131\u015f\u0131yor.<br \/>AB&rsquo;nin d&uuml;nyan\u0131n en zengin b&ouml;lgelerinden biri olmas\u0131na kar\u015f\u0131n, onlarca milyon insan ya kitlesel i\u015fsizlik ya da i\u015f g&uuml;c&uuml;n&uuml;n ge&ccedil;icile\u015ftirilmesi sebebiyle yoksulluk i&ccedil;inde ya\u015f\u0131yor. AB&rsquo;nin Avrupa i&ccedil;inde ve d\u0131\u015f\u0131nda rekabeti durmadan geni\u015fletme zeminindeki politikalar\u0131; istihdam, emek&ccedil;iler ve refah devleti, kamu hizmetleri, e\u011fitim, sa\u011fl\u0131k sistemi, vs. kar\u015f\u0131s\u0131nda bir darbe olu\u015fturuyor. AB yaln\u0131zca ge&ccedil;icile\u015ftirmeyi genel hale getirmeyi de\u011fil, i\u015f&ccedil;i &uuml;cretlerini ve istihdam kazan\u0131mlar\u0131n\u0131 da azaltmay\u0131 planl\u0131yor.<br \/>Forumun sonunda yap\u0131lan eyleme kat\u0131lanlar\u0131n say\u0131s\u0131 ise 100 bini buldu.<br \/>Bar\u0131\u015f, daha &ccedil;ok i\u015f ve sosyal g&uuml;venlik i&ccedil;in m&uuml;cadele kararl\u0131l\u0131\u011f\u0131yla Atina&rsquo;daki Avrupa Sosyal Forumu&rsquo;ndan ayr\u0131ld\u0131k.<br \/>ASF, Ocak 2007&rsquo;deNayrobi&rsquo;de bulu\u015facak.<\/font><\/p>\n","protected":false},"excerpt":{"rendered":"<p>&Ccedil;a\u011fda\u015f Eczac\u0131lar Derne\u011fi, ba\u015fka bir Avrupa i&ccedil;in, bar\u0131\u015f\u0131n, toplumsal adaletin ve dayan\u0131\u015fman\u0131n Avrupa&rsquo;s\u0131, halklar\u0131n kendi kaderlerini tayin etti\u011fi bir Avrupa&#46;&#46;&#46;<\/p>\n","protected":false},"author":1,"featured_media":0,"comment_status":"closed","ping_status":"closed","sticky":false,"template":"","format":"standard","meta":{"_jetpack_memberships_contains_paid_content":false,"footnotes":""},"categories":[1],"tags":[],"class_list":["post-3229","post","type-post","status-publish","format-standard","hentry","category-ced"],"aioseo_notices":[],"jetpack_featured_media_url":"","jetpack_sharing_enabled":true,"jetpack-related-posts":[],"_links":{"self":[{"href":"http:\/\/www.ced.org.tr\/index.php?rest_route=\/wp\/v2\/posts\/3229","targetHints":{"allow":["GET"]}}],"collection":[{"href":"http:\/\/www.ced.org.tr\/index.php?rest_route=\/wp\/v2\/posts"}],"about":[{"href":"http:\/\/www.ced.org.tr\/index.php?rest_route=\/wp\/v2\/types\/post"}],"author":[{"embeddable":true,"href":"http:\/\/www.ced.org.tr\/index.php?rest_route=\/wp\/v2\/users\/1"}],"replies":[{"embeddable":true,"href":"http:\/\/www.ced.org.tr\/index.php?rest_route=%2Fwp%2Fv2%2Fcomments&post=3229"}],"version-history":[{"count":0,"href":"http:\/\/www.ced.org.tr\/index.php?rest_route=\/wp\/v2\/posts\/3229\/revisions"}],"wp:attachment":[{"href":"http:\/\/www.ced.org.tr\/index.php?rest_route=%2Fwp%2Fv2%2Fmedia&parent=3229"}],"wp:term":[{"taxonomy":"category","embeddable":true,"href":"http:\/\/www.ced.org.tr\/index.php?rest_route=%2Fwp%2Fv2%2Fcategories&post=3229"},{"taxonomy":"post_tag","embeddable":true,"href":"http:\/\/www.ced.org.tr\/index.php?rest_route=%2Fwp%2Fv2%2Ftags&post=3229"}],"curies":[{"name":"wp","href":"https:\/\/api.w.org\/{rel}","templated":true}]}}