{"id":3230,"date":"2006-09-01T17:05:02","date_gmt":"2006-09-01T14:05:02","guid":{"rendered":"http:\/\/www.ced.org.tr\/?p=3230"},"modified":"2006-09-01T17:05:02","modified_gmt":"2006-09-01T14:05:02","slug":"akdag-azarladi","status":"publish","type":"post","link":"http:\/\/www.ced.org.tr\/?p=3230","title":{"rendered":"AKDA\u011e AZARLADI"},"content":{"rendered":"<p><font size=\"2\"><strong><font size=\"4\" color=\"#0000ff\">Bakan Genelgeden habersiz<\/font><\/strong>&nbsp;<\/font><\/p>\n<p><font size=\"2\">Mu\u011fla (Cumhuriyet) &ndash; Sa\u011fl\u0131k Bakan\u0131 Recep Akda\u011f d&uuml;n Mu\u011fla Devlet Hastanesi&rsquo;nde incelemelerde bulundu. Hastalar, Akda\u011f &rsquo;a &ldquo;G&uuml;nde sadece bir poliklinikte tedavi olabiliyoruz. Di\u011ferine gidermiyoruz. Bize, bunun olmayaca\u011f\u0131 s&ouml;yleniyor&rdquo; diye yak\u0131nd\u0131lar. Bu durum kar\u015f\u0131s\u0131nda \u015fa\u015f\u0131ran Bakan Akda\u011f, hastane y&ouml;neticilerinden konuya a&ccedil;\u0131kl\u0131k getirmelerini istedi. Yetkililerin bu konuda Maliye Bakanl\u0131\u011f\u0131&rsquo;n\u0131n genelgesi bulundu\u011funu belirtmelerinin ard\u0131ndan Akda\u011f b&uuml;rokratlar\u0131na, &ldquo;Siz Unak\u0131tan &rsquo;\u0131n adam\u0131 m\u0131s\u0131n\u0131z?&rdquo; diye &ccedil;\u0131k\u0131\u015ft\u0131.<\/font><\/p>\n<p><font size=\"2\"><strong><font size=\"4\" color=\"#0000ff\">Bakan Genelgeden habersiz<\/font><\/strong>&nbsp;<\/font><\/p>\n<p><font size=\"2\">Mu\u011fla (Cumhuriyet) &ndash; Sa\u011fl\u0131k Bakan\u0131 Recep Akda\u011f d&uuml;n Mu\u011fla Devlet Hastanesi&rsquo;nde incelemelerde bulundu. Hastalar, Akda\u011f &rsquo;a &ldquo;G&uuml;nde sadece bir poliklinikte tedavi olabiliyoruz. Di\u011ferine gidermiyoruz. Bize, bunun olmayaca\u011f\u0131 s&ouml;yleniyor&rdquo; diye yak\u0131nd\u0131lar. Bu durum kar\u015f\u0131s\u0131nda \u015fa\u015f\u0131ran Bakan Akda\u011f, hastane y&ouml;neticilerinden konuya a&ccedil;\u0131kl\u0131k getirmelerini istedi. Yetkililerin bu konuda Maliye Bakanl\u0131\u011f\u0131&rsquo;n\u0131n genelgesi bulundu\u011funu belirtmelerinin ard\u0131ndan Akda\u011f b&uuml;rokratlar\u0131na, &ldquo;Siz Unak\u0131tan &rsquo;\u0131n adam\u0131 m\u0131s\u0131n\u0131z?&rdquo; diye &ccedil;\u0131k\u0131\u015ft\u0131.<br \/>\u0130ncelemeleri s\u0131ras\u0131nda bir hastan\u0131n, &ldquo;Bir g&uuml;nde bir tek poliklinik muayenesi olabiliyoruz. Ayn\u0131 g&uuml;n iki doktora muayene olam\u0131yoruz&rdquo; diye yak\u0131nmas\u0131, Bakan Akda\u011f &rsquo;\u0131 \u015fa\u015fk\u0131na &ccedil;evirdi. Akda\u011f, \u015fa\u015fk\u0131nl\u0131\u011f\u0131n\u0131 &ldquo;Nas\u0131l yani, ayn\u0131 g&uuml;n i&ccedil;inde iki doktora muayene olam\u0131yor musunuz?&rdquo; diye belirtince hastalardan &ldquo;evet&rdquo; yan\u0131t\u0131n\u0131 ald\u0131. Genelgenin getirmesini isteyen Bakan Akda\u011f, beraberindeki b&uuml;rokratlar\u0131 ve hastane yetkilileri ile bir odaya kapand\u0131. Bas\u0131na kapal\u0131 g&ouml;r&uuml;\u015fmede Akda\u011f &rsquo;n hastane y&ouml;netimine &ldquo;B&ouml;yle \u015fey olmaz. Hastalara bak\u0131lacak&rdquo; derken, beraberindeki b&uuml;rokratlar\u0131na da genelgeden haberdar edilmedi\u011fi i&ccedil;in &ldquo;Siz Unak\u0131tan &rsquo;\u0131n adam\u0131 m\u0131s\u0131n\u0131z?&rdquo; diye &ccedil;\u0131k\u0131\u015ft\u0131\u011f\u0131 &ouml;\u011frenildi.<\/font><\/p>\n","protected":false},"excerpt":{"rendered":"<p>Bakan Genelgeden habersiz&nbsp; Mu\u011fla (Cumhuriyet) &ndash; Sa\u011fl\u0131k Bakan\u0131 Recep Akda\u011f d&uuml;n Mu\u011fla Devlet Hastanesi&rsquo;nde incelemelerde bulundu. Hastalar, Akda\u011f &rsquo;a &ldquo;G&uuml;nde&#46;&#46;&#46;<\/p>\n","protected":false},"author":1,"featured_media":0,"comment_status":"closed","ping_status":"closed","sticky":false,"template":"","format":"standard","meta":{"_jetpack_memberships_contains_paid_content":false,"footnotes":""},"categories":[1],"tags":[],"class_list":["post-3230","post","type-post","status-publish","format-standard","hentry","category-ced"],"aioseo_notices":[],"jetpack_featured_media_url":"","jetpack_sharing_enabled":true,"jetpack-related-posts":[],"_links":{"self":[{"href":"http:\/\/www.ced.org.tr\/index.php?rest_route=\/wp\/v2\/posts\/3230","targetHints":{"allow":["GET"]}}],"collection":[{"href":"http:\/\/www.ced.org.tr\/index.php?rest_route=\/wp\/v2\/posts"}],"about":[{"href":"http:\/\/www.ced.org.tr\/index.php?rest_route=\/wp\/v2\/types\/post"}],"author":[{"embeddable":true,"href":"http:\/\/www.ced.org.tr\/index.php?rest_route=\/wp\/v2\/users\/1"}],"replies":[{"embeddable":true,"href":"http:\/\/www.ced.org.tr\/index.php?rest_route=%2Fwp%2Fv2%2Fcomments&post=3230"}],"version-history":[{"count":0,"href":"http:\/\/www.ced.org.tr\/index.php?rest_route=\/wp\/v2\/posts\/3230\/revisions"}],"wp:attachment":[{"href":"http:\/\/www.ced.org.tr\/index.php?rest_route=%2Fwp%2Fv2%2Fmedia&parent=3230"}],"wp:term":[{"taxonomy":"category","embeddable":true,"href":"http:\/\/www.ced.org.tr\/index.php?rest_route=%2Fwp%2Fv2%2Fcategories&post=3230"},{"taxonomy":"post_tag","embeddable":true,"href":"http:\/\/www.ced.org.tr\/index.php?rest_route=%2Fwp%2Fv2%2Ftags&post=3230"}],"curies":[{"name":"wp","href":"https:\/\/api.w.org\/{rel}","templated":true}]}}