{"id":3232,"date":"2006-09-07T18:45:06","date_gmt":"2006-09-07T15:45:06","guid":{"rendered":"http:\/\/www.ced.org.tr\/?p=3232"},"modified":"2006-09-07T18:45:06","modified_gmt":"2006-09-07T15:45:06","slug":"istanbulda-buyuk-biulusma","status":"publish","type":"post","link":"http:\/\/www.ced.org.tr\/?p=3232","title":{"rendered":"\u0130stanbul&#8217;da b\u00fcy\u00fck b\u0131ulu\u015fma"},"content":{"rendered":"<p><span style=\"font-family: Verdana\"><font size=\"3\"><font color=\"#000000\"><strong><span style=\"font-family: Verdana\">50&rsquo;nci y\u0131lda<\/span><\/strong><\/font><\/font><\/span><\/p>\n<p><span style=\"font-family: Verdana\"><font size=\"3\"><font color=\"#000000\"><strong><span style=\"font-family: Verdana\">\u0130STANBUL&rsquo;DA B&Uuml;Y&Uuml;K BULU\u015eMA<\/span><\/strong><\/font><\/font><\/span><\/p>\n<p><span style=\"font-family: Verdana\"><font size=\"3\"><font color=\"#000000\">\u0130stanbul Eczac\u0131 Odas\u0131 kurulu\u015funun 50.y\u0131l\u0131n\u0131 b&uuml;y&uuml;k bir kongre ile kutlamaya haz\u0131rlan\u0131yor. \u0130stanbul Ecza Koop ile birlikte d&uuml;zenlenecek olan \u0130stanbul Eczac\u0131l\u0131k Kongresi <\/font><\/font><\/span><span style=\"font-family: Verdana\"><font size=\"3\"><font color=\"#000000\">8-0 aral\u0131k 2006 tarihleri aras\u0131nda \u0130stanbul The Marmara Otel&rsquo;de yap\u0131lacak.<\/font><\/font><\/span><\/p>\n<p style=\"margin: 0cm 0cm 0pt\" class=\"MsoNormal\">&nbsp;<\/p>\n<p><span style=\"font-family: Verdana\"><font size=\"3\"><font color=\"#000000\">Kongre g&uuml;ndeminde eczac\u0131n\u0131n mesleki ve g&uuml;ncel sorunlar\u0131 yan\u0131nda ila&ccedil; ve sa\u011fl\u0131kla ilgili genel toplumsal sorunlar g&uuml;ndem edilecek, bilimsel ve sosyal i&ccedil;erikli toplant\u0131lar yer alacak.<\/font><\/font><\/span><span style=\"font-family: Verdana\"><font size=\"3\" color=\"#000000\">&nbsp;<\/font><\/span><span style=\"font-family: Verdana\"><font size=\"3\"><font color=\"#000000\">Kongre Y&uuml;r&uuml;tme Kurulu yay\u0131nlad\u0131\u011f\u0131 mesaj\u0131nda<span>&nbsp; <\/span>kongrenin ama&ccedil; ve i&ccedil;eri\u011fini kamuoyuna a&ccedil;\u0131klad\u0131: Y&uuml;r&uuml;tme Kurulu mesaj\u0131nda:<\/font><\/font><\/span><span style=\"font-family: Verdana\"><font size=\"3\"><font color=\"#000000\">&ldquo;\u0130&ccedil;inde bulundu\u011fumuz 2006 y\u0131l\u0131, T&uuml;rkiye&rsquo;de eczac\u0131lar\u0131n bir meslek &ouml;rg&uuml;t&uuml; yasas\u0131na sahip olu\u015flar\u0131n\u0131n. 50&rsquo;nci y\u0131l\u0131. Ayn\u0131 zamanda, \u0130stanbul Eczac\u0131 Odas\u0131&rsquo;n\u0131n T&uuml;rkiye&rsquo;de ilk eczac\u0131 meslek odas\u0131 olarak 1956 y\u0131l\u0131nda kurulu\u015funun da 50. y\u0131l\u0131. \u0130stanbul Eczac\u0131 Odas\u0131&rsquo;n\u0131n 50&rsquo;nci kurulu\u015f y\u0131l\u0131n\u0131, ekonomik &ouml;rg&uuml;tlenmemizi temel ta\u015flar\u0131ndan \u0130stanbul Ecza Koop ile birlikte t&uuml;m meslekta\u015flar\u0131m\u0131z\u0131n da kat\u0131l\u0131m\u0131yla \u0130stanbul&rsquo;da kutlayaca\u011f\u0131z&rdquo;denilerek \u015fu bilgiler verildi:<\/font><\/font><\/span><span style=\"font-family: Verdana\"><font size=\"3\" color=\"#000000\">&nbsp;<\/font><\/span><span style=\"font-family: Verdana\"><font size=\"3\"><font color=\"#000000\">D&uuml;nyada oldu\u011fu gibi &uuml;lkemizde de sa\u011fl\u0131kta, ila&ccedil; ve eczac\u0131l\u0131kta h\u0131zl\u0131 bir d&ouml;n&uuml;\u015f&uuml;m ya\u015fanmakta. Bu d&ouml;n&uuml;\u015f&uuml;m, T&uuml;rkiye&rsquo;de toplum sa\u011fl\u0131\u011f\u0131 ile eczac\u0131l\u0131k mesle\u011fini derinden etkiliyor ve yeniden \u015fekillendiriyor. Eczac\u0131lar\u0131n olan b iteni alg\u0131lay\u0131\u015f\u0131 ve gelece\u011fe y&ouml;nelik beklentileri ile s&uuml;recin edilgen bir par&ccedil;as\u0131 olmak yerine, s&uuml;rece nas\u0131l kat\u0131lacaklar\u0131n\u0131n tart\u0131\u015f\u0131lmas\u0131 hayati bir &ouml;nem ta\u015f\u0131yor. Bu konular\u0131, eczac\u0131 &ouml;rg&uuml;tleri, siyasiler, akademisyenler, ve ila&ccedil; sanayisi temsilcileri ile birlikte, 8-10 Aral\u0131k 2006 tarihleri aras\u0131nda \u0130stanbul&rsquo;da 50. Y\u0131l Eczac\u0131l\u0131k Kongresi&rsquo;nde tart\u0131\u015faca\u011f\u0131z.<\/font><\/font><\/span><span style=\"font-family: Verdana\"><font size=\"3\" color=\"#000000\">&nbsp;<\/font><\/span><span style=\"font-family: Verdana\"><font size=\"3\"><font color=\"#000000\">&Ccedil;a\u011f\u0131m\u0131zda bilim alan\u0131nda ya\u015fanan s&uuml;rekli geli\u015fmeler, ya\u015fam kalitesini s&uuml;rekli art\u0131rmaktad\u0131r. Meslek alan\u0131m\u0131zda &ccedil;al\u0131\u015fan bilim insanlar\u0131n\u0131n bu konre esnas\u0131nda aktaracaklar\u0131 &ccedil;al\u0131\u015fmalar, bilgi zenginli\u011fimizi art\u0131racakt\u0131r. Eczac\u0131l\u0131k mesle\u011finin sa\u011fl\u0131k hizmetinin her a\u015famas\u0131nda vazge&ccedil;ilmez oldu\u011fu ger&ccedil;e\u011fi, \u0130stanbul Eczac\u0131l\u0131k Kongresi&rsquo;nde bilimsel ve toplumsal boyutlar\u0131 ile bir kez daha ortaya konacakt\u0131r.<\/font><\/font><\/span><span style=\"font-family: Verdana\"><font size=\"3\" color=\"#000000\">&nbsp;<\/font><\/span><span style=\"font-family: Verdana\"><font size=\"3\"><font color=\"#000000\">T&uuml;rkiye&rsquo;de insanlar\u0131n kaliteli bir ila&ccedil; hizmeti alabilmelerinin ko\u015fullar\u0131n\u0131 yaratmak, eczac\u0131lar\u0131m\u0131z i&ccedil;in &ccedil;ok &ouml;nemlidir. Eczac\u0131lar, kendilerini geli\u015ftirmek, bilim ve teknolojiyi kullanmak, bu ama&ccedil;la eczanelerine yat\u0131r\u0131m yapmak ve b&uuml;t&uuml;n bunlar\u0131 meslek &ouml;rg&uuml;tlerinin &ouml;nc&uuml;l&uuml;\u011f&uuml;nde, birlikte planlamak istemektedirler. 50&rsquo;nci Y\u0131l Kongresi bu istem ve projelerin&rsquo;de g&uuml;ndeme gelece\u011fi bir platform olacakt\u0131r.<\/font><\/font><\/span><span style=\"font-family: Verdana\"><font size=\"3\" color=\"#000000\">Kongre ile ilgili ayr\u0131nt\u0131l\u0131 bilgiye <\/font><a href=\"http:\/\/www.istabuleczaciodasi.org.tr\/\" target=\"_blank\"><u><font size=\"3\" color=\"#0000ff\">www.istabuleczaciodasi.org.tr<\/font><\/u><\/a><font size=\"3\"><font color=\"#000000\"> ve <a href=\"http:\/\/www.ist.eczakoop.org.tr\" target=\"_blank\">www.ist.eczakoop.org.tr<\/a> web adreslerinden ula\u015f\u0131labilinir.<span>&nbsp;&nbsp;&nbsp;&nbsp;&nbsp;&nbsp; <\/span><\/font><\/font><\/span><\/p>\n","protected":false},"excerpt":{"rendered":"<p>50&rsquo;nci y\u0131lda \u0130STANBUL&rsquo;DA B&Uuml;Y&Uuml;K BULU\u015eMA \u0130stanbul Eczac\u0131 Odas\u0131 kurulu\u015funun 50.y\u0131l\u0131n\u0131 b&uuml;y&uuml;k bir kongre ile kutlamaya haz\u0131rlan\u0131yor. \u0130stanbul Ecza Koop ile&#46;&#46;&#46;<\/p>\n","protected":false},"author":1,"featured_media":0,"comment_status":"closed","ping_status":"closed","sticky":false,"template":"","format":"standard","meta":{"_jetpack_memberships_contains_paid_content":false,"footnotes":""},"categories":[1],"tags":[],"class_list":["post-3232","post","type-post","status-publish","format-standard","hentry","category-ced"],"aioseo_notices":[],"jetpack_featured_media_url":"","jetpack_sharing_enabled":true,"jetpack-related-posts":[],"_links":{"self":[{"href":"http:\/\/www.ced.org.tr\/index.php?rest_route=\/wp\/v2\/posts\/3232","targetHints":{"allow":["GET"]}}],"collection":[{"href":"http:\/\/www.ced.org.tr\/index.php?rest_route=\/wp\/v2\/posts"}],"about":[{"href":"http:\/\/www.ced.org.tr\/index.php?rest_route=\/wp\/v2\/types\/post"}],"author":[{"embeddable":true,"href":"http:\/\/www.ced.org.tr\/index.php?rest_route=\/wp\/v2\/users\/1"}],"replies":[{"embeddable":true,"href":"http:\/\/www.ced.org.tr\/index.php?rest_route=%2Fwp%2Fv2%2Fcomments&post=3232"}],"version-history":[{"count":0,"href":"http:\/\/www.ced.org.tr\/index.php?rest_route=\/wp\/v2\/posts\/3232\/revisions"}],"wp:attachment":[{"href":"http:\/\/www.ced.org.tr\/index.php?rest_route=%2Fwp%2Fv2%2Fmedia&parent=3232"}],"wp:term":[{"taxonomy":"category","embeddable":true,"href":"http:\/\/www.ced.org.tr\/index.php?rest_route=%2Fwp%2Fv2%2Fcategories&post=3232"},{"taxonomy":"post_tag","embeddable":true,"href":"http:\/\/www.ced.org.tr\/index.php?rest_route=%2Fwp%2Fv2%2Ftags&post=3232"}],"curies":[{"name":"wp","href":"https:\/\/api.w.org\/{rel}","templated":true}]}}