{"id":3233,"date":"2006-09-07T18:53:50","date_gmt":"2006-09-07T15:53:50","guid":{"rendered":"http:\/\/www.ced.org.tr\/?p=3233"},"modified":"2006-09-07T18:53:50","modified_gmt":"2006-09-07T15:53:50","slug":"patentfaydali-model-kanun-tasarisi","status":"publish","type":"post","link":"http:\/\/www.ced.org.tr\/?p=3233","title":{"rendered":"Patent,Faydal\u0131 Model Kanun Tasar\u0131s\u0131"},"content":{"rendered":"<p style=\"margin: 0cm 0cm 0pt; text-align: justify\" class=\"MsoNormal\"><font face=\"Times New Roman\"><strong><span style=\"color: black\"><font size=\"3\">PATENT VE FAYDALI MODEL KANUN TASARISI<\/font><\/span><\/strong><span style=\"font-size: 10pt; color: black\"> <\/span><\/font><\/p>\n<p>&nbsp; <\/p>\n<p style=\"margin: 0cm 0cm 0pt; line-height: 13.65pt; tab-stops: 144.0pt\" class=\"MsoNormal\"><span style=\"color: black\"><font face=\"Times New Roman\" size=\"3\">T&uuml;rkiye&#39;nin istihdam ve rekabet g&uuml;c&uuml;n&uuml;n art\u0131r\u0131labilmesi i&ccedil;in b&ouml;lgesel asgari &uuml;cret, k\u0131dem tazminat\u0131n\u0131n d&uuml;\u015f&uuml;r&uuml;lmesi gibi tedbirler &ouml;neren IMF i\u015ften at\u0131lmalar\u0131n kolayla\u015ft\u0131r\u0131lmas\u0131 iste\u011fine bulundu.<\/font><\/span><\/p>\n<p style=\"margin: 0cm 0cm 0pt; text-align: justify\" class=\"MsoNormal\"><span style=\"color: black\"><font size=\"3\"><font face=\"Times New Roman\">Sermayenin uluslararas\u0131 g&uuml;&ccedil; kazanmas\u0131 ile, sermaye bir zaman sonra devletlerin iktidarlar\u0131n\u0131n elini kolunu ba\u011flayan, birbirleriyle ili\u015fkilerini d&uuml;zenleyen bir derin iktidar halini ald\u0131.<\/font><\/font><\/span><\/p>\n<p>&nbsp; <\/p>\n<p style=\"margin: 0cm 0cm 0pt\" class=\"MsoNormal\"><span style=\"color: black\"><font size=\"3\"><font face=\"Times New Roman\">T&uuml;rkiye&#39;nin ekonomik politikalar\u0131 art\u0131k<span>&nbsp; <\/span>uluslararas\u0131 finans &ccedil;evrelerince belirleniyor. Art\u0131k sa\u011fl\u0131\u011fa, e\u011fitime ne kadar kaynak ayr\u0131laca\u011f\u0131 h&uuml;k&uuml;metin karar\u0131 olmaktan tamamen &ccedil;\u0131km\u0131\u015f durumdad\u0131r.<\/font><\/font><\/span><\/p>\n<p><span style=\"color: black\"><font size=\"3\"><font face=\"Times New Roman\">&nbsp;<\/font><\/font><\/span> <\/p>\n<p style=\"margin: 0cm 0cm 0pt\" class=\"MsoNormal\"><span style=\"color: black\"><font size=\"3\"><font face=\"Times New Roman\">Art\u0131k iktidar sahipleri<span>&nbsp; <\/span>&uuml;r&uuml;nlerini t&uuml;ketti\u011fimiz, fabrikalar\u0131nda &ccedil;al\u0131\u015ft\u0131\u011f\u0131m\u0131z, b&uuml;y&uuml;k &ccedil;okuluslu. \u015firketler, G8&rsquo;ler,<span>&nbsp; <\/span>D&uuml;nya Ticaret &Ouml;rg&uuml;t&uuml; (DT&Ouml;), ve &ccedil;e\u015fitli yapt\u0131r\u0131mlar dayatarak faizle bor&ccedil; veren IMF.<\/font><\/font><\/span><\/p>\n<p>&nbsp; <\/p>\n<p style=\"margin: 0cm 0cm 0pt\" class=\"MsoNormal\"><span style=\"color: black\"><font size=\"3\"><font face=\"Times New Roman\">IMF&rsquo;in talimat\u0131 ile sa\u011fl\u0131kta tasarruf yapma ad\u0131na vatanda\u015f\u0131n tedavi masraflar\u0131n\u0131 k\u0131san devet, uluslararas\u0131 finans &ccedil;evrelerinin marifeti ile &ccedil;okuluslu \u015firketlerin &ccedil;\u0131karlar\u0131n\u0131 korumak i&ccedil;in yasalar haz\u0131rl\u0131yor.<\/font><\/font><\/span><\/p>\n<p>&nbsp;<strong><font color=\"#000000\"><font face=\"Times New Roman\"><font size=\"3\">Patent ve Faydal\u0131 Model Kanun Tasar\u0131s\u0131 haz\u0131rland\u0131.<\/font><\/font><\/font><\/strong> <\/p>\n<p style=\"margin: 0cm 0cm 0pt\" class=\"MsoNormal\"><span style=\"color: black\"><font face=\"Times New Roman\"><font size=\"3\">&ldquo;&Uuml;lkemizin taraf oldu\u011fu uluslararas\u0131 antla\u015fmalardan ve Avrupa Birli\u011fi tam &uuml;yelik s&uuml;recinde m&uuml;zakerelerde ortaya &ccedil;\u0131kan mevzuat\u0131n uyumla\u015ft\u0131r\u0131lmas\u0131&rdquo; gerek&ccedil;esi ile, T&uuml;rk Patent Enstit&uuml;s&uuml; Ba\u015fkanl\u0131\u011f\u0131 taraf\u0131ndan &quot;Patent ve Faydal\u0131 Model Kanun Tasar\u0131s\u0131 haz\u0131rland\u0131.<\/font><\/font><\/span><\/p>\n<p>&nbsp;<strong><em><span style=\"color: black; font-family: &#39;Times New Roman&#39;\"><font size=\"3\">Uluslararas\u0131 Anla\u015fmalar\u0131n &Ouml;ncelikle Uygulanmas\u0131<\/font><\/span><\/em><\/strong> <\/p>\n<p style=\"margin: 0cm 0cm 0pt\" class=\"MsoNormal\"><font size=\"3\"><font face=\"Times New Roman\"><span style=\"color: black\">Tasr\u0131n\u0131n 4. maddesinde-<span> &ldquo;<em>T&uuml;rkiye Cumhuriyeti kanunlar\u0131na g&ouml;re y&uuml;r&uuml;rl&uuml;\u011fe konulmu\u015f <strong>uluslararas\u0131 anla\u015fmalar\u0131n h&uuml;k&uuml;mlerinin bu Kanun h&uuml;k&uuml;mlerinden daha elveri\u015fli olmas\u0131 halinde <\/strong>3 &uuml;nc&uuml; maddede belirtilen ki\u015filer, <strong>elveri\u015fli h&uuml;k&uuml;mlerin uygulanmas\u0131n\u0131 talep etme hakk\u0131na sahiptir.<\/strong>&rdquo;<\/em><\/span><em> <\/em><span>ifadesi yer al\u0131yor..3. maddede belirtilen ki\u015filer ise<\/span><\/span><font color=\"#000000\"><span> :&ldquo;Paris <em>S&ouml;zle\u015fmesi veya <strong>D&uuml;nya Ticaret &Ouml;rg&uuml;t&uuml;<\/strong> Kurulu\u015f Anla\u015fmas\u0131 h&uuml;k&uuml;mleri dahilinde ba\u015fvuru hakk\u0131na sahip olan ki\u015filer<\/em>&rdquo;<\/span><\/font><\/font><\/font><\/p>\n<p>&nbsp;<font size=\"3\"><font face=\"Times New Roman\"><strong><em><span style=\"color: black\">Yasa tasar\u0131n\u0131n amac\u0131: &ldquo;<\/span><\/em><\/strong><em><span style=\"color: black\">Patent sahibinin bulu\u015fu ger&ccedil;ekle\u015ftirmek i&ccedil;in yapm\u0131\u015f oldu\u011fu &ccedil;al\u0131\u015fmalar\u0131 ve harcamalar\u0131 telafi etmesini ve ticari kazan&ccedil; elde etmesini sa\u011flamak i&ccedil;in, koruma s&uuml;resi boyunca <strong>t&uuml;m ticari &ccedil;\u0131karlar\u0131n\u0131n korunmas\u0131<\/strong> ama&ccedil;lanm\u0131\u015ft\u0131r&rdquo;. <span>&nbsp;<\/span><\/span><\/em><span style=\"color: black\">\u015feklinde a&ccedil;\u0131klan\u0131yor.<\/span><\/font><\/font><span style=\"color: black\"><font size=\"3\"><font face=\"Times New Roman\">Farmas&ouml;tik &uuml;r&uuml;nlerin patentleri<span>&nbsp; <\/span>uluslar aras\u0131 ila&ccedil; tekellerinin elindedir. <\/font><\/font><\/span><\/p>\n<p style=\"margin: 0cm 0cm 0pt\" class=\"MsoNormal\"><font size=\"3\"><font face=\"Times New Roman\"><span style=\"color: black\">UNDP (United Nations Development Program)&rsquo;un 2006 raporuna g&ouml;re <\/span><font color=\"#000000\">HIV&rsquo;li insan say\u0131s\u0131 40.3 milyona ula\u015ft\u0131.2005&rsquo;de 3.1 milyon ki\u015fi AIDS&rsquo;den &ouml;ld&uuml;, bunlar\u0131n 500 000&rsquo;i ise &ccedil;ocuktu.<sup>(1)<\/sup><\/font><\/font><\/font><\/p>\n<p>&nbsp; <\/p>\n<p style=\"margin: 0cm 0cm 6pt\" class=\"MsoBodyText\"><font color=\"#000000\"><font size=\"3\"><font face=\"Times New Roman\">G&uuml;ney Afrika&rsquo;da 4.7 milyon ki\u015fi HIV\/AIDS ile enfekte olmu\u015fken, ila&ccedil; \u015firketleri TRIPS anla\u015fmalar\u0131na uymad\u0131\u011f\u0131 i&ccedil;in G&uuml;ney Afrika<span>&nbsp; <\/span>h&uuml;k&uuml;metine Patentli ila&ccedil;lar\u0131n ithalini durdurmas\u0131<span>&nbsp; <\/span>i&ccedil;in bask\u0131 yapm\u0131\u015f ve mahkemeye vermi\u015ftir.<strong><sup>(2)<\/sup><\/strong><span style=\"color: black\"> <\/span><\/font><\/font><\/font><\/p>\n<p><font color=\"#000000\"><font size=\"3\"><font face=\"Times New Roman\">&#8211;<span>&nbsp;&nbsp; <\/span>Kenya&rsquo;da yeti\u015fkin n&uuml;fusun d&ouml;rtte biri HIV-pozitiftir. Fakat %2&rsquo;den az\u0131 antiretroviral tedavi alabilmektedir. E\u011fer Kenya crptococcal meningitis&rsquo;in (HIV\/AIDS ile birlikte seyreden f\u0131rsat&ccedil;\u0131 bir enfeksiyon)<span>&nbsp; <\/span>tedavisinde kullan\u0131lan fluconazol adl\u0131 ilac\u0131 Tayland&rsquo;dan ithal edebilseydi. y\u0131ll\u0131k tedavi maliyetini 3000 US dolardan 104 US dolara indirebilecekti. Fakat patent sahibi olan Pfizer bu ithalat\u0131n durdurulmas\u0131 i&ccedil;in bask\u0131 uygulam\u0131\u015ft\u0131r.<strong><sup>.(3)<\/sup><\/strong><span style=\"color: black\"> <\/span><\/font><\/font><\/font><strong><font size=\"3\"><font color=\"#000000\"><font face=\"Times New Roman\">Kamu sa\u011fl\u0131\u011f\u0131n\u0131n korunmas\u0131 ve klinik &ccedil;al\u0131\u015fmalar\u0131n desteklenmesi?<\/font><\/font><\/font><\/strong><font face=\"Times New Roman\"><span style=\"font-size: 12pt; color: black\">Tasla\u011f\u0131n 6. maddesinde <span>&nbsp;<\/span>kamu sa\u011fl\u0131\u011f\u0131n\u0131n korunmas\u0131 amac\u0131 ile insan veya hayvan v&uuml;cuduna uygulanacak cerrahi dahil t&uuml;m tedavi y&ouml;ntemleri ile insan ve hayvan v&uuml;cuduna uygulanacak te\u015fhis y&ouml;ntemlerinin patent verilerek korunamayaca\u011f\u0131 h&uuml;km&uuml; getirilmi\u015ftir.. <\/span><\/font><font size=\"3\"><font face=\"Times New Roman\"><span style=\"color: black\">Ancak 7. maddenin d<\/span><span style=\"color: black\">&ouml;rd&uuml;nc&uuml; f\u0131kras\u0131 bu konuda ila&ccedil;lara bir ayr\u0131cal\u0131k tan\u0131maka ve &ldquo;bilinen herhangi bir madde veya terkip, tekni\u011fin bilinen durumuna dahil olmayan bir t\u0131bbi y&ouml;ntemde kullan\u0131ld\u0131\u011f\u0131nda, bu madde ve terkibin patentlenebilece\u011fi&rdquo; h&uuml;km&uuml; getirilmi\u015ftir. <\/span><\/font><\/font><strong><span style=\"color: black\"><font size=\"3\"><font face=\"Times New Roman\">Yani ayn\u0131 ila&ccedil; farkl\u0131 bir farmas&ouml;tik formda &uuml;retildi\u011finde yeniden patent alacakt\u0131r.<\/font><\/font><\/span><\/strong><span style=\"color: black\"><font size=\"3\"><font face=\"Times New Roman\">Be\u015finci f\u0131krada, &ldquo;t\u0131bbi kullan\u0131m\u0131 bilinen herhangi bir madde veya terkip, tekni\u011fin bilinen durumuna dahil olmayan &ouml;zel bir t\u0131bbi y&ouml;ntemde kullan\u0131ld\u0131\u011f\u0131nda, bu madde ve terkibin patentlenebilece\u011fi&rdquo; h&uuml;km&uuml;n&uuml; getirmektedir.<\/font><\/font><\/span><strong><span style=\"color: black\"><font size=\"3\"><font face=\"Times New Roman\">Yani farkl\u0131 bir endikasyonda kullan\u0131ld\u0131\u011f\u0131nda ayn\u0131 ila&ccedil; yeni bir patent hakk\u0131 kazanacakt\u0131r.<\/font><\/font><\/span><\/strong><font size=\"3\"><font color=\"#000000\"><font face=\"Times New Roman\"><strong>Bu d&uuml;zenlemenin amac\u0131,<\/strong> &ldquo;insan ve hayvan sa\u011fl\u0131\u011f\u0131 konusunda yeni ila&ccedil; aktif maddelerini patentlemenin yan\u0131 s\u0131ra, yap\u0131lan di\u011fer ara\u015ft\u0131rma ve geli\u015ftirme faaliyetlerini de te\u015fvik ederek, <strong>mevcut kimyasallar\u0131n ve ila&ccedil;lar\u0131n yeni t\u0131bbi alanlarda kullan\u0131labilmesi i&ccedil;in yap\u0131lan &ccedil;al\u0131\u015fmalar\u0131 desteklemek&rdquo; <\/strong>olarak a&ccedil;\u0131klanmaktad\u0131r.<\/font><\/font><\/font><font size=\"3\"><font color=\"#000000\"><font face=\"Times New Roman\">Burada ama&ccedil;lanan klinik &ccedil;al\u0131\u015fmalar\u0131n desteklenmesidir. <\/font><\/font><\/font><font color=\"#000000\"><font size=\"3\"><font face=\"Times New Roman\">Ayn\u0131 kimyasal maddenin klinik &ccedil;al\u0131\u015fmalar sonucunda<span>&nbsp; <\/span>yeni kullan\u0131m, yeni dozaj formu, yeni form&uuml;lasyon gibi her bulu\u015f ayr\u0131 bir patent olarak 20 y\u0131l daha korunacakt\u0131r.<span style=\"color: black\"> <\/span><\/font><\/font><\/font><span style=\"font-size: 12pt\"><font color=\"#000000\"><font face=\"Times New Roman\">Patent korumas\u0131 ile ila&ccedil;lar\u0131n fiyatlar\u0131 insanlar\u0131n kullanma imkan\u0131n\u0131 ortadan kald\u0131ran seviyelere &ccedil;\u0131kmaktad\u0131r.<\/font><\/font><\/span><span style=\"color: black\"><font size=\"3\"><font face=\"Times New Roman\">Getirilmek istenen yeni de\u011fi\u015fiklik ile <span>&nbsp;<\/span>yap\u0131lacak kinik &ccedil;al\u0131\u015fmalar sonucu yeni endikasyon, dozaj formu gibi yeni farmas&ouml;tik<span>&nbsp; <\/span>\u015feklin de 20 y\u0131l daha patent ile korunmas\u0131 sonucunda jenerik ila&ccedil;lar\u0131n pazara &ccedil;\u0131kmas\u0131 engellenerek ilaca eri\u015fim daha zorla\u015facakt\u0131r.<\/font><\/font><\/span><span style=\"color: black\"><font size=\"3\"><font face=\"Times New Roman\">Genel B&uuml;t&ccedil;e i&ccedil;inde sa\u011fl\u0131\u011fa ayr\u0131lan % 3 pay\u0131n b&uuml;y&uuml;k bir k\u0131sm\u0131, bu patentli pahal\u0131 ila&ccedil;lar\u0131n geri &ouml;demesine harcanakt\u0131r. IMF direktifleri ile, yap\u0131lmak zorunda olan tasarruf <span>&nbsp;<\/span>ise di\u011fer sa\u011fl\u0131k harcamalar\u0131n\u0131 k\u0131sarak yap\u0131lacakt\u0131r..<\/font><\/font><\/span><span style=\"color: black\"><font size=\"3\"><font face=\"Times New Roman\">Zaten yetesiz olan sa\u011fl\u0131k hizmetleri durma noktas\u0131na gelecektir.. <\/font><\/font><\/span><span style=\"color: black\"><font size=\"3\"><font face=\"Times New Roman\">Giderek artan oranda yoksulluk s\u0131n\u0131r\u0131n alt\u0131nda ya\u015famaya mahkum edilen<span>&nbsp; <\/span>halk\u0131n, fiyatlar\u0131 <strong>EURO<\/strong>&rsquo;ya g&ouml;re belirlenen ila&ccedil;lara ula\u015fmas\u0131 imkans\u0131z hale gelecektir.<\/font><\/font><\/span><strong><span style=\"color: black\"><font size=\"3\"><font face=\"Times New Roman\">Sa\u011fl\u0131k sadece paras\u0131 olanlar\u0131n eri\u015febilece\u011fi bir <span>&nbsp;<\/span>imtiyaz haline gelecektir.<\/font><\/font><\/span><\/strong> <\/p>\n<p style=\"margin: 0cm 0cm 0pt\" class=\"MsoNormal\"><font face=\"Times New Roman\" size=\"3\" color=\"#000000\">Biz &ccedil;a\u011fda\u015f eczac\u0131lar olarak, sa\u011fl\u0131kl\u0131 ya\u015fam\u0131n ve sa\u011fl\u0131k hizmetlerinden yararlanma hakk\u0131n\u0131n, t&uuml;m bireyler i&ccedil;in do\u011fu\u015ftan kazan\u0131lm\u0131\u015f bir hak oldu\u011funu hat\u0131rlatarak, t&uuml;m insanlara sa\u011fl\u0131kl\u0131 ya\u015fama hakk\u0131 verilmesi i&ccedil;in devletin,<span>&nbsp; <\/span>\u015firketlerin &ccedil;\u0131karlar\u0131 ve karlar\u0131 yerine halklar\u0131n &ccedil;\u0131karlar\u0131n\u0131 korumas\u0131n\u0131 istiyoruz.<\/font><\/p>\n<p style=\"margin: 0cm 0cm 0pt\" class=\"MsoNormal\">&nbsp;<\/p>\n<p><span style=\"font-size: 10pt; color: black\"><font face=\"Times New Roman\">Kaynaklar:<\/font><\/span><\/p>\n<p><span style=\"font-size: 10pt; color: black\"><font face=\"Times New Roman\">1-<span>&nbsp;&nbsp;&nbsp;<\/span>UNDP (United Nations Development Program) 2006 raporu<\/font><\/span><\/p>\n<p><span style=\"font-size: 10pt\"><font color=\"#000000\"><font face=\"Times New Roman\">2-<strong><sup><span>&nbsp;&nbsp;&nbsp;<\/span><\/sup><\/strong>Oxfam Breif Paper; US Bullying on Drug Patents:One Year After DOHA<\/font><\/font><\/span><\/p>\n<p><span style=\"font-size: 10pt\"><font color=\"#000000\"><font face=\"Times New Roman\">3-<span>&nbsp;&nbsp;&nbsp;<\/span>Patent Injustice:How World Trade Rules Threaten the Health of Poor People;Oxfam, February 2001<\/font><\/font><\/span><\/p>\n","protected":false},"excerpt":{"rendered":"<p>PATENT VE FAYDALI MODEL KANUN TASARISI &nbsp; T&uuml;rkiye&#39;nin istihdam ve rekabet g&uuml;c&uuml;n&uuml;n art\u0131r\u0131labilmesi i&ccedil;in b&ouml;lgesel asgari &uuml;cret, k\u0131dem tazminat\u0131n\u0131n d&uuml;\u015f&uuml;r&uuml;lmesi&#46;&#46;&#46;<\/p>\n","protected":false},"author":1,"featured_media":0,"comment_status":"closed","ping_status":"closed","sticky":false,"template":"","format":"standard","meta":{"_jetpack_memberships_contains_paid_content":false,"footnotes":""},"categories":[1],"tags":[],"class_list":["post-3233","post","type-post","status-publish","format-standard","hentry","category-ced"],"aioseo_notices":[],"jetpack_featured_media_url":"","jetpack_sharing_enabled":true,"jetpack-related-posts":[],"_links":{"self":[{"href":"http:\/\/www.ced.org.tr\/index.php?rest_route=\/wp\/v2\/posts\/3233","targetHints":{"allow":["GET"]}}],"collection":[{"href":"http:\/\/www.ced.org.tr\/index.php?rest_route=\/wp\/v2\/posts"}],"about":[{"href":"http:\/\/www.ced.org.tr\/index.php?rest_route=\/wp\/v2\/types\/post"}],"author":[{"embeddable":true,"href":"http:\/\/www.ced.org.tr\/index.php?rest_route=\/wp\/v2\/users\/1"}],"replies":[{"embeddable":true,"href":"http:\/\/www.ced.org.tr\/index.php?rest_route=%2Fwp%2Fv2%2Fcomments&post=3233"}],"version-history":[{"count":0,"href":"http:\/\/www.ced.org.tr\/index.php?rest_route=\/wp\/v2\/posts\/3233\/revisions"}],"wp:attachment":[{"href":"http:\/\/www.ced.org.tr\/index.php?rest_route=%2Fwp%2Fv2%2Fmedia&parent=3233"}],"wp:term":[{"taxonomy":"category","embeddable":true,"href":"http:\/\/www.ced.org.tr\/index.php?rest_route=%2Fwp%2Fv2%2Fcategories&post=3233"},{"taxonomy":"post_tag","embeddable":true,"href":"http:\/\/www.ced.org.tr\/index.php?rest_route=%2Fwp%2Fv2%2Ftags&post=3233"}],"curies":[{"name":"wp","href":"https:\/\/api.w.org\/{rel}","templated":true}]}}