{"id":3234,"date":"2006-09-12T16:33:50","date_gmt":"2006-09-12T13:33:50","guid":{"rendered":"http:\/\/www.ced.org.tr\/?p=3234"},"modified":"2006-09-12T16:33:50","modified_gmt":"2006-09-12T13:33:50","slug":"12-eylul-sorumlulari-hesap-vermeli","status":"publish","type":"post","link":"http:\/\/www.ced.org.tr\/?p=3234","title":{"rendered":"12 Eyl\u00fcl Sorumlular\u0131 Hesap Vermeli"},"content":{"rendered":"<h4 align=\"left\">12 EYL&Uuml;L SORUMLULARI HESAP VERMEL\u0130<\/h4>\n<h5>Karanl\u0131\u011f\u0131n, i\u015fkencenin, zulm&uuml;n, g&ouml;zalt\u0131nda kay\u0131plar\u0131n, &#39;faili me&ccedil;hul cinayetlerin, idamlar\u0131n, ka&ccedil;arken vurulanlar\u0131n, kendini emniyetin &uuml;st kadar\u0131ndan atanlar\u0131n, par&ccedil;alanm\u0131\u015f ailelerin,a&ccedil;l\u0131\u011f\u0131n,sefaletin,g&ouml;zalt\u0131lar\u0131n, tutuklanmalar\u0131n, s&uuml;rg&uuml;nlerin hapis cezalar\u0131n\u0131n 26&#39;\u0131nc\u0131 y\u0131ld&ouml;n&uuml;m&uuml;.<\/h5>\n<div><font size=\"3\"><font face=\"Times New Roman\">12 Eyl&uuml;l darbesinin &uuml;zerinden yirmi alt\u0131 y\u0131l ge&ccedil;ti. Bu darbenin, bug&uuml;n &ccedil;irkin y&uuml;z&uuml; Ortado\u011fu&#39;da iyice a&ccedil;\u0131\u011fa &ccedil;\u0131kan ABD taraf\u0131ndan &ouml;rg&uuml;tlenip y&ouml;netilmi\u015f bir operasyon oldu\u011funu \u015fimdi art\u0131k bilmeyen yok: ABD&#39;nin &ouml;nce Latin Amerika &uuml;lkelerinde denedi\u011fi y&ouml;ntemler T&uuml;rkiye&#39;de devreye sokuldu. \u0130lerici, devrimci halk kesimlerine kar\u015f\u0131 uygulanan ter&ouml;rle, bir askeri darbeye giden yolun ta\u015flar\u0131 &ouml;r&uuml;ld&uuml;. Darbeden &ouml;nceki y\u0131llarda, devletin gizli g&uuml;&ccedil;leriyle birlikte hareket eden sivil fa\u015fistler her yerde ter&ouml;r estiriyor, Abdi \u0130pek-&ccedil;i&#39;den Server Tanilli&#39;ye ayd\u0131nlar\u0131m\u0131z\u0131 kur\u015funlu-yor, kahvehanelere, &uuml;niversite &ccedil;\u0131k\u0131\u015flar\u0131na, miting alanlar\u0131na silah ve bombalarla sald\u0131r\u0131yordu. &Ouml;rne\u011fin, o d&ouml;nemin fa\u015fist silah\u015f&ouml;rlerin-den olan Abdullah &Ccedil;atl\u0131 yurtd\u0131\u015f\u0131ndayken yabanc\u0131 servisler i&ccedil;in &ccedil;al\u0131\u015f\u0131p Papa suikast\u0131 gibi olaylar\u0131 &ouml;rg&uuml;tlemi\u015f, uyu\u015fturucu i\u015finden hapse at\u0131lm\u0131\u015f, sonra gizlice ka&ccedil;\u0131r\u0131lm\u0131\u015f ve &uuml;lkeye getirilerek, gizli devlet g&ouml;revlisi olarak i\u015flerine devam ettirilmi\u015fti.<\/font><\/font><\/div>\n<div><font size=\"3\"><font face=\"Times New Roman\">\u0130\u015fte bu t&uuml;r adamlar\u0131 eliyle yaratt\u0131klar\u0131 cinayet ve katliamlar\u0131 bahane ederek ger&ccedil;ekle\u015ftirdikleri 12 Eyl&uuml;l fa\u015fizminin marifetleri ve &uuml;lkemize ve halk\u0131m\u0131za kar\u015f\u0131 nas\u0131l bir al&ccedil;ak&ccedil;a sald\u0131r\u0131 oldu\u011fu her ge&ccedil;en g&uuml;n daha iyi g&ouml;r&uuml;l&uuml;yor. Bu g&uuml;n &uuml;lkemizde ya\u015fanan b&uuml;t&uuml;n pisliklerin ve karanl\u0131k gidi\u015flerin temelleri o d&ouml;nemde at\u0131ld\u0131.<\/font><\/font><\/div>\n<div><font size=\"3\"><font face=\"Times New Roman\">Fethullah G&uuml;len, Kenan Evren&#39;in, se&ccedil;meli din derslerini 12 Eyl&uuml;l sonras\u0131nda zorunlu hale getirmekle &ccedil;ok yararl\u0131 bir i\u015f yapt\u0131\u011f\u0131n\u0131 s&ouml;yleyerek aynen \u015f&ouml;yle demi\u015fti: <strong>&quot;Bu i\u015f &ouml;yle b&uuml;y&uuml;kt&uuml;r ki, hi&ccedil; sevab\u0131 olmasa da bu icraat\u0131 yeter, Evren cennete gidebilir.&quot; <\/strong>Bug&uuml;n <strong>&quot;laik cumhuriyet elden gidiyor&quot; <\/strong>diye &ccedil;\u0131rp\u0131nanlara &quot; <strong>O zaman akl\u0131n\u0131z neredeydi?&quot; <\/strong>diye sormak gerekmiyor mu?<\/font><\/font><\/div>\n<div><font size=\"3\"><font face=\"Times New Roman\">Ge&ccedil;enlerde ger&ccedil;ek bir hukuk adam\u0131n\u0131n an\u0131lar\u0131 sayesinde, &uuml;lkesinin ve halk\u0131n\u0131n mutlulu\u011fundan ve ayd\u0131nl\u0131k gelece\u011finden ba\u015fka hi&ccedil;bir \u015fey istemeyen bir devrimcinin, Veysel G&uuml;-ney&#39;in &uuml;zerine at\u0131lan su&ccedil;u i\u015fledi\u011fine dair hi&ccedil;bir delil olmadan, b&uuml;t&uuml;n &ouml;teki 12 Eyl&uuml;l hukukunda oldu\u011fu gibi, nas\u0131l uyduruk bir yarg\u0131lamayla mahk&ucirc;m edildi\u011fini, nas\u0131l hi&ccedil;bir yasal gereklilik yerine getirilmeden idam edilip, ailesine bile haber verilmeden kimsesizler mezarl\u0131\u011f\u0131na gizlice g&ouml;m&uuml;ld&uuml;\u011f&uuml;n&uuml; herkes &ouml;\u011frendi.<\/font><\/font><\/div>\n<div><font size=\"3\"><font face=\"Times New Roman\">Bu adamlardan hi&ccedil;biri vicdanlar\u0131nda, G&uuml;nter Grass&#39;\u0131n &ccedil;eyre\u011fi kadar bir pi\u015fmanl\u0131k bile hissedemiyor, tersine, ortal\u0131kta utanmadan dola\u015fabiliyorlar. H&acirc;l&acirc;, &uuml;lkemizde darbe yapan generallerden hesap sormak Anayasa&#39;ya g&ouml;re yasakt\u0131r. \u015eili&#39;de darbe yapan General Pino-\u015fet&#39;ye herkes <strong>&quot;fa\u015fist diktat&ouml;r&quot; <\/strong>diyebiliyor, ama T&uuml;rkiye&#39;de ABD&#39;nin yapt\u0131rd\u0131\u011f\u0131 darbeye ve onun generallerine h&acirc;l&acirc; sahip &ccedil;\u0131k\u0131labiliyor.<\/font><\/font><\/div>\n<div><font size=\"3\"><font face=\"Times New Roman\">\u015eimdi, e\u011fer \u0130stanbul&#39;da 12 Eyl&uuml;l&#39;&uuml; k\u0131namak i&ccedil;in d&uuml;zenlenen bir y&uuml;r&uuml;y&uuml;\u015f h&acirc;l&acirc; polis marifetiyle engellenebiliyorsa, e\u011fer Ankara&#39;da ayn\u0131 ama&ccedil;la d&uuml;zenlenen mitinge ancak birka&ccedil; bin ki\u015fi kat\u0131labiliyorsa, belki burada durup bir kere daha d&uuml;\u015f&uuml;nmek gerekiyor.<\/font><\/font><\/div>\n<div><font size=\"3\"><font face=\"Times New Roman\">12 Eyl&uuml;l solun ezilmesi ve sa\u011f\u0131n geli\u015fmesi i&ccedil;in emperyalizmin &ouml;zel bir operasyonuydu. 12 Eyl&uuml;l T&uuml;rkiye tarihinde ilk kez a\u015fa\u011f\u0131dan yukar\u0131ya kitleler i&ccedil;inde k&ouml;k salarak geli\u015fmekte olan devrimci hareketi par&ccedil;alad\u0131 ve kendi b&uuml;t&uuml;nl&uuml;\u011f&uuml;n&uuml; ve g&uuml;c&uuml;n&uuml; yeniden toparlamas\u0131n\u0131 &ouml;nlemek i&ccedil;in ciddi g&uuml;venlik &ouml;nlemleri alarak insanlar\u0131 politikan\u0131n d\u0131\u015f\u0131na s&uuml;r&uuml;kledi. Bu \u015fekilde emperyalizmin hizmetindeki bir gericilik dalgas\u0131n\u0131n y&uuml;kseli\u015finin &ouml;n&uuml;n&uuml; a&ccedil;arak T&uuml;rkiye&#39;ye en b&uuml;y&uuml;k k&ouml;t&uuml;l&uuml;\u011f&uuml; yapt\u0131lar. Bu sayede bug&uuml;n siyaset sahnesi b&uuml;t&uuml;n&uuml;yle gericili\u011fin ve egemen s\u0131n\u0131flar\u0131n elindedir.<\/font><\/font><\/div>\n<div><font size=\"3\"><font face=\"Times New Roman\">Bu y&uuml;zden 12 Eyl&uuml;l&#39;le hesapla\u015fmak bug&uuml;n, emperyalizme ve gericili\u011fe kar\u015f\u0131 devrimci hareketin kitleler i&ccedil;inde yeniden k&ouml;k salmas\u0131 i&ccedil;in m&uuml;cadeleyi i&ccedil;eren bug&uuml;ne ait bir devrimci politik g&ouml;revdir.<\/font><\/font><\/div>\n<div><font size=\"3\"><font face=\"Times New Roman\">Kendilerine cennet vaat edilenlere cehennemin yolunu g&ouml;stermenin yolu da budur;<\/font><\/font><\/div>\n<div><font face=\"Times New Roman\" size=\"3\">Veysel&#39;in ve 12 Eyl&uuml;l &ouml;ncesinde\/sonras\u0131nda kaybetti\u011fimiz insanlar\u0131m\u0131z\u0131n &ccedil;a\u011fr\u0131s\u0131 da budur<\/font><span style=\"font-size: 10pt; font-family: Verdana\">!<\/span><strong><span style=\"font-size: 13.5pt; font-family: Arial\"> <\/span><\/strong><\/div>\n<p><span style=\"font-size: 12pt; font-family: Arial\"><strong>O\u011fuzhan M&uuml;ft&uuml;o\u011flu<\/strong><\/span><span style=\"font-size: 12pt; font-family: Times\"><strong> <\/strong><\/span><span style=\"font-size: 12pt; font-family: Times\"><\/p>\n<div><span>11\/09\/06 <strong>Birg&uuml;n <span>&nbsp;<\/span>Veysel&#39;in &ccedil;a\u011fr\u0131s\u0131<\/strong><\/span><\/div>\n<p><\/span><\/p>\n","protected":false},"excerpt":{"rendered":"<p>12 EYL&Uuml;L SORUMLULARI HESAP VERMEL\u0130 Karanl\u0131\u011f\u0131n, i\u015fkencenin, zulm&uuml;n, g&ouml;zalt\u0131nda kay\u0131plar\u0131n, &#39;faili me&ccedil;hul cinayetlerin, idamlar\u0131n, ka&ccedil;arken vurulanlar\u0131n, kendini emniyetin &uuml;st kadar\u0131ndan&#46;&#46;&#46;<\/p>\n","protected":false},"author":1,"featured_media":0,"comment_status":"closed","ping_status":"closed","sticky":false,"template":"","format":"standard","meta":{"_jetpack_memberships_contains_paid_content":false,"footnotes":""},"categories":[1],"tags":[],"class_list":["post-3234","post","type-post","status-publish","format-standard","hentry","category-ced"],"aioseo_notices":[],"jetpack_featured_media_url":"","jetpack_sharing_enabled":true,"jetpack-related-posts":[],"_links":{"self":[{"href":"http:\/\/www.ced.org.tr\/index.php?rest_route=\/wp\/v2\/posts\/3234","targetHints":{"allow":["GET"]}}],"collection":[{"href":"http:\/\/www.ced.org.tr\/index.php?rest_route=\/wp\/v2\/posts"}],"about":[{"href":"http:\/\/www.ced.org.tr\/index.php?rest_route=\/wp\/v2\/types\/post"}],"author":[{"embeddable":true,"href":"http:\/\/www.ced.org.tr\/index.php?rest_route=\/wp\/v2\/users\/1"}],"replies":[{"embeddable":true,"href":"http:\/\/www.ced.org.tr\/index.php?rest_route=%2Fwp%2Fv2%2Fcomments&post=3234"}],"version-history":[{"count":0,"href":"http:\/\/www.ced.org.tr\/index.php?rest_route=\/wp\/v2\/posts\/3234\/revisions"}],"wp:attachment":[{"href":"http:\/\/www.ced.org.tr\/index.php?rest_route=%2Fwp%2Fv2%2Fmedia&parent=3234"}],"wp:term":[{"taxonomy":"category","embeddable":true,"href":"http:\/\/www.ced.org.tr\/index.php?rest_route=%2Fwp%2Fv2%2Fcategories&post=3234"},{"taxonomy":"post_tag","embeddable":true,"href":"http:\/\/www.ced.org.tr\/index.php?rest_route=%2Fwp%2Fv2%2Ftags&post=3234"}],"curies":[{"name":"wp","href":"https:\/\/api.w.org\/{rel}","templated":true}]}}