{"id":3236,"date":"2006-10-04T14:54:29","date_gmt":"2006-10-04T11:54:29","guid":{"rendered":"http:\/\/www.ced.org.tr\/?p=3236"},"modified":"2006-10-04T14:54:29","modified_gmt":"2006-10-04T11:54:29","slug":"universite-konseyleri-dernegi","status":"publish","type":"post","link":"http:\/\/www.ced.org.tr\/?p=3236","title":{"rendered":"\u00dcN\u0130VERS\u0130TE KONSEYLER\u0130 DERNE\u011e\u0130"},"content":{"rendered":"<p align=\"center\"><strong>&Uuml;N\u0130VERS\u0130TE KONSEYLER\u0130 DERNE\u011e\u0130&#39;N\u0130N KAMUOYUNA &Ccedil;A\u011eRISI<\/strong><\/p>\n<p>&Uuml;niversite Konseyleri Derne\u011fi&#39;nin kamuoyuna &ccedil;a\u011fr\u0131s\u0131 a\u015fa\u011f\u0131dad\u0131r&#8230;.<\/p>\n<p><span style=\"font-style: italic; text-align: justify\" class=\"NormalYazi\"><strong>&nbsp;&nbsp;&nbsp;&nbsp;&nbsp;&nbsp;&nbsp;&nbsp;&nbsp;&nbsp;&nbsp;&nbsp;&nbsp;&nbsp;&nbsp;&quot;Prof.Dr. \u0130zde G&uuml;nal hakk\u0131nda verilen karar geri al\u0131nmal\u0131d\u0131r&quot;<\/strong><\/p>\n<p>&nbsp;&nbsp;&nbsp;&nbsp;&nbsp;T&uuml;rkiye&#39;nin &ouml;nde gelen bilim insanlar\u0131ndan Dokuz Eyl&uuml;l &Uuml;niversitesi &ouml;\u011fretim &uuml;yesi Prof.Dr. \u0130zge G&uuml;nal&#39;\u0131n Dokuz Eyl&uuml;l &Uuml;niversitesi Disiplin Kurulu taraf\u0131ndan 29 Eyl&uuml;l 2006 tarihinde g&ouml;revine son verildi. Prof.Dr. \u0130zge G&uuml;nal hakk\u0131nda al\u0131nan bu karar\u0131n gerek&ccedil;esi, ge&ccedil;ti\u011fimiz aylarda Dokuz Eyl&uuml;l &Uuml;niversitesi&#39;nden at\u0131lan 213 i\u015f&ccedil;inin i\u015fe geri d&ouml;nmesi i&ccedil;in yap\u0131lan eylemlerde yer alarak rekt&ouml;r&uuml; k&uuml;&ccedil;&uuml;k d&uuml;\u015f&uuml;rmek olarak ifade edildi.<\/span><\/p>\n<p><span style=\"font-style: italic; text-align: justify\" class=\"NormalYazi\">&nbsp;&nbsp;&nbsp;&nbsp;&nbsp;\u0130zge G&uuml;nal, T&uuml;rkiye&#39;de ortopedi ve travmatoloji alan\u0131nda uluslararas\u0131 akademik dergilerde en fazla makalesi yay\u0131nlanan bilim insan\u0131 olma &uuml;nvan\u0131 ta\u015f\u0131maktad\u0131r. Uluslararas\u0131 alanda &quot;G&uuml;nal Seber Ba\u015faran Sendromu&quot; olarak bilinen sendroma ad\u0131n\u0131 veren &uuml;&ccedil; hekimden biri olarak tan\u0131nmaktad\u0131r. Ortopedi alan\u0131nda yurtd\u0131\u015f\u0131nda kitab\u0131 yay\u0131nlanan tek bilim insan\u0131d\u0131r ve bu kitap \u0130ngiltere&#39;de asistan e\u011fitiminde kaynak kitap olarak okutulmaktad\u0131r.<\/p>\n<p>&nbsp;&nbsp;&nbsp;&nbsp;&nbsp;T&uuml;m akademik &ccedil;al\u0131\u015fmalar\u0131n\u0131n yan\u0131 s\u0131ra \u0130zge G&uuml;nal, &uuml;niversitedeki akademik yolsuzluklara sessiz kalmayan bir bilim insan\u0131d\u0131r. &Uuml;niversitede, &ouml;\u011frencilerin ve emek&ccedil;ilerin haklar\u0131n\u0131 savunan, haks\u0131zl\u0131klara boyun e\u011fmeyen bir bilim insan\u0131d\u0131r.<\/p>\n<p>&nbsp;&nbsp;&nbsp;&nbsp;&nbsp;\u0130zge G&uuml;nal&#39;\u0131n &uuml;niversiteden ili\u015fi\u011finin kesilme karar\u0131, \u0130zge G&uuml;nal&#39;\u0131n biliminden, emekten ve ayd\u0131nlanmadan yana verdi\u011fi m&uuml;cadeleye kesilmi\u015f bir faturad\u0131r.<\/p>\n<p>&nbsp;&nbsp;&nbsp;&nbsp;&nbsp;Ya\u015fam\u0131n\u0131 bilime ve topluma adam\u0131\u015f, T&uuml;rkiye&#39;nin de\u011ferli bir bilim insan\u0131na kar\u015f\u0131 al\u0131nm\u0131\u015f bu karar, T&uuml;rkiye&#39;nin gelece\u011fini daha da fazla karartacakt\u0131r.<\/p>\n<p>&nbsp;&nbsp;&nbsp;&nbsp;&nbsp;Bizler, meslekta\u015f\u0131m\u0131z \u0130zge G&uuml;nal hakk\u0131nda al\u0131nan bu karar\u0131n geri al\u0131nmas\u0131 ve &uuml;niversitedeki g&ouml;revine geri d&ouml;nmesi i&ccedil;in &ccedil;a\u011fr\u0131m\u0131z\u0131 kamuoyu ile payla\u015f\u0131yoruz.<\/p>\n<p><\/span><span style=\"font-style: italic; text-align: right\" class=\"NormalYazi\">&Uuml;nivsersite Konseyleri Derne\u011fi<\/p>\n<p><\/span><span style=\"text-align: justify\" class=\"NormalYazi\">&nbsp;&nbsp;&nbsp;&nbsp;&nbsp;<strong>Metne imza koymak isteyen meslekta\u015flar\u0131m\u0131z, <a href=\"mailto:iletisim@universitekonseyleri.org\"><u><font color=\"#0000ff\">iletisim@universitekonseyleri.org<\/font><\/u><\/a> adresine isim, soyisim, kurum ve g&ouml;rev belirterek e-posta g&ouml;nderebilirler.<\/p>\n<p>&Ccedil;a\u011fda\u015f Eczac\u0131lar Derne\u011fi<br \/>Y&ouml;netim Kurulu<\/strong><br \/><\/span><\/p>\n","protected":false},"excerpt":{"rendered":"<p>&Uuml;N\u0130VERS\u0130TE KONSEYLER\u0130 DERNE\u011e\u0130&#39;N\u0130N KAMUOYUNA &Ccedil;A\u011eRISI &Uuml;niversite Konseyleri Derne\u011fi&#39;nin kamuoyuna &ccedil;a\u011fr\u0131s\u0131 a\u015fa\u011f\u0131dad\u0131r&#8230;. &nbsp;&nbsp;&nbsp;&nbsp;&nbsp;&nbsp;&nbsp;&nbsp;&nbsp;&nbsp;&nbsp;&nbsp;&nbsp;&nbsp;&nbsp;&quot;Prof.Dr. \u0130zde G&uuml;nal hakk\u0131nda verilen karar geri al\u0131nmal\u0131d\u0131r&quot; &nbsp;&nbsp;&nbsp;&nbsp;&nbsp;T&uuml;rkiye&#39;nin&#46;&#46;&#46;<\/p>\n","protected":false},"author":1,"featured_media":0,"comment_status":"closed","ping_status":"closed","sticky":false,"template":"","format":"standard","meta":{"_jetpack_memberships_contains_paid_content":false,"footnotes":""},"categories":[1],"tags":[],"class_list":["post-3236","post","type-post","status-publish","format-standard","hentry","category-ced"],"aioseo_notices":[],"jetpack_featured_media_url":"","jetpack_sharing_enabled":true,"jetpack-related-posts":[],"_links":{"self":[{"href":"http:\/\/www.ced.org.tr\/index.php?rest_route=\/wp\/v2\/posts\/3236","targetHints":{"allow":["GET"]}}],"collection":[{"href":"http:\/\/www.ced.org.tr\/index.php?rest_route=\/wp\/v2\/posts"}],"about":[{"href":"http:\/\/www.ced.org.tr\/index.php?rest_route=\/wp\/v2\/types\/post"}],"author":[{"embeddable":true,"href":"http:\/\/www.ced.org.tr\/index.php?rest_route=\/wp\/v2\/users\/1"}],"replies":[{"embeddable":true,"href":"http:\/\/www.ced.org.tr\/index.php?rest_route=%2Fwp%2Fv2%2Fcomments&post=3236"}],"version-history":[{"count":0,"href":"http:\/\/www.ced.org.tr\/index.php?rest_route=\/wp\/v2\/posts\/3236\/revisions"}],"wp:attachment":[{"href":"http:\/\/www.ced.org.tr\/index.php?rest_route=%2Fwp%2Fv2%2Fmedia&parent=3236"}],"wp:term":[{"taxonomy":"category","embeddable":true,"href":"http:\/\/www.ced.org.tr\/index.php?rest_route=%2Fwp%2Fv2%2Fcategories&post=3236"},{"taxonomy":"post_tag","embeddable":true,"href":"http:\/\/www.ced.org.tr\/index.php?rest_route=%2Fwp%2Fv2%2Ftags&post=3236"}],"curies":[{"name":"wp","href":"https:\/\/api.w.org\/{rel}","templated":true}]}}