{"id":3237,"date":"2006-10-04T15:48:50","date_gmt":"2006-10-04T12:48:50","guid":{"rendered":"http:\/\/www.ced.org.tr\/?p=3237"},"modified":"2006-10-04T15:48:50","modified_gmt":"2006-10-04T12:48:50","slug":"yazar-elif-safak-beraat-etti","status":"publish","type":"post","link":"http:\/\/www.ced.org.tr\/?p=3237","title":{"rendered":"YAZAR EL\u0130F \u015eAFAK BERAAT ETT\u0130"},"content":{"rendered":"<p style=\"margin: 0cm 0cm 0pt\" class=\"MsoNormal\" align=\"center\"><font face=\"Times New Roman\" size=\"3\" color=\"#000000\"><strong>YAZAR EL\u0130F \u015eAFAK BERAAT ETT\u0130<\/strong><\/font><\/p>\n<p><font face=\"Times New Roman\" size=\"3\" color=\"#000000\">&nbsp;<\/font> <\/p>\n<p style=\"margin: 0cm 0cm 0pt\" class=\"MsoNormal\"><font face=\"Times New Roman\" size=\"3\" color=\"#000000\">Metis yay\u0131nlar\u0131 taraf\u0131ndan yay\u0131nlanan &ldquo;Baba ve pi&ccedil;&rdquo; isimli roman\u0131n baz\u0131 b&ouml;l&uuml;mlerinde T&uuml;rkl&uuml;\u011fe hakaret etti\u011fi gerek&ccedil;esi ile TCK n\u0131n 301\/1. maddesi gere\u011fi cezaland\u0131r\u0131lmas\u0131 istenen yazar Elif \u015eAFAK yap\u0131lan ilk duru\u015fmas\u0131nda beraat etti. <\/font><\/p>\n<p style=\"margin: 0cm 0cm 0pt\" class=\"MsoNormal\">&nbsp;<\/p>\n","protected":false},"excerpt":{"rendered":"<p>YAZAR EL\u0130F \u015eAFAK BERAAT ETT\u0130 &nbsp; Metis yay\u0131nlar\u0131 taraf\u0131ndan yay\u0131nlanan &ldquo;Baba ve pi&ccedil;&rdquo; isimli roman\u0131n baz\u0131 b&ouml;l&uuml;mlerinde T&uuml;rkl&uuml;\u011fe hakaret etti\u011fi&#46;&#46;&#46;<\/p>\n","protected":false},"author":1,"featured_media":0,"comment_status":"closed","ping_status":"closed","sticky":false,"template":"","format":"standard","meta":{"_jetpack_memberships_contains_paid_content":false,"footnotes":""},"categories":[1],"tags":[],"class_list":["post-3237","post","type-post","status-publish","format-standard","hentry","category-ced"],"aioseo_notices":[],"jetpack_featured_media_url":"","jetpack_sharing_enabled":true,"jetpack-related-posts":[],"_links":{"self":[{"href":"http:\/\/www.ced.org.tr\/index.php?rest_route=\/wp\/v2\/posts\/3237","targetHints":{"allow":["GET"]}}],"collection":[{"href":"http:\/\/www.ced.org.tr\/index.php?rest_route=\/wp\/v2\/posts"}],"about":[{"href":"http:\/\/www.ced.org.tr\/index.php?rest_route=\/wp\/v2\/types\/post"}],"author":[{"embeddable":true,"href":"http:\/\/www.ced.org.tr\/index.php?rest_route=\/wp\/v2\/users\/1"}],"replies":[{"embeddable":true,"href":"http:\/\/www.ced.org.tr\/index.php?rest_route=%2Fwp%2Fv2%2Fcomments&post=3237"}],"version-history":[{"count":0,"href":"http:\/\/www.ced.org.tr\/index.php?rest_route=\/wp\/v2\/posts\/3237\/revisions"}],"wp:attachment":[{"href":"http:\/\/www.ced.org.tr\/index.php?rest_route=%2Fwp%2Fv2%2Fmedia&parent=3237"}],"wp:term":[{"taxonomy":"category","embeddable":true,"href":"http:\/\/www.ced.org.tr\/index.php?rest_route=%2Fwp%2Fv2%2Fcategories&post=3237"},{"taxonomy":"post_tag","embeddable":true,"href":"http:\/\/www.ced.org.tr\/index.php?rest_route=%2Fwp%2Fv2%2Ftags&post=3237"}],"curies":[{"name":"wp","href":"https:\/\/api.w.org\/{rel}","templated":true}]}}