{"id":3238,"date":"2006-10-04T17:16:23","date_gmt":"2006-10-04T14:16:23","guid":{"rendered":"http:\/\/www.ced.org.tr\/?p=3238"},"modified":"2006-10-04T17:16:23","modified_gmt":"2006-10-04T14:16:23","slug":"2006-yili-olagan-secimsiz-kongresi","status":"publish","type":"post","link":"http:\/\/www.ced.org.tr\/?p=3238","title":{"rendered":"2006 YILI OLA\u011eAN SE\u00c7\u0130MS\u0130Z KONGRES\u0130"},"content":{"rendered":"<div align=\"center\"><span class=\"NormalBaslik\"><strong>2006 YILI OLA\u011eAN SE&Ccedil;\u0130MS\u0130Z KONGRES\u0130 YAPILDI<\/strong><\/span><\/div>\n<p><span style=\"text-align: justify\" class=\"NormalYazi\">&nbsp;&nbsp;&nbsp;&nbsp;&nbsp;&nbsp;&nbsp;&nbsp;\u0130stanbul Eczac\u0131 Odas\u0131 2006 y\u0131l\u0131 Ola\u011fan Se&ccedil;imsiz Kongresi 30 Eyl&uuml;l Cumartesi g&uuml;n&uuml; topland\u0131. Levent M&ouml;venpick Otel&rsquo;de yap\u0131lan Kongrede Divan Heyeti se&ccedil;imi yap\u0131ld\u0131. Ecz. Sedat G&uuml;&ccedil;l&uuml; ba\u015fkanl\u0131\u011f\u0131ndaki Divan&rsquo;da, ikinci ba\u015fkan olarak Ecz. Oktay Y&uuml;ksel yazman olarak Ecz. Sebahat Abdullaho\u011flu ve Ecz. Sevim Bilgin Maymen yer ald\u0131.<br \/><\/span><span style=\"text-align: justify\" class=\"NormalYazi\">&nbsp;&nbsp;&nbsp;&nbsp;&nbsp;&nbsp;&nbsp;&nbsp;Divan Ba\u015fkan\u0131 Ecz. Sedat G&uuml;&ccedil;l&uuml; yapt\u0131\u011f\u0131 a&ccedil;\u0131l\u0131\u015f konu\u015fmas\u0131nda kongreye kat\u0131l\u0131m\u0131n az olmas\u0131ndan duydu\u011fu &uuml;z&uuml;nt&uuml;y&uuml; dile getirerek &ldquo;Bizim en b&uuml;y&uuml;k g&uuml;c&uuml;m&uuml;z &ouml;rg&uuml;tl&uuml; g&uuml;c&uuml;m&uuml;zd&uuml;r. Eczac\u0131lar\u0131n en y&uuml;ksek karar organ\u0131 olan, ba\u011flay\u0131c\u0131 kararlar\u0131n al\u0131nd\u0131\u011f\u0131 Kongrelere ilgisizlik mesle\u011fimiz ad\u0131na d&uuml;\u015f&uuml;nd&uuml;r&uuml;c&uuml;d&uuml;r&rdquo; diyerek, eczac\u0131lar\u0131n sorunlar\u0131n\u0131n &uuml;lke ve d&uuml;nya sorunlar\u0131ndan ba\u011f\u0131ms\u0131z d&uuml;\u015f&uuml;n&uuml;lemeyece\u011fini, mesle\u011fimizin &ouml;n&uuml;ndeki tehditleri ana ba\u015fl\u0131klar halinde dile getirdi.<br \/>&nbsp;&nbsp;&nbsp;&nbsp;&nbsp;&nbsp;&nbsp;&nbsp;&Ccedil;al\u0131\u015fma Raporu, \u0130stanbul Eczac\u0131 Odas\u0131 Genel Sekreteri Ecz. Semih G&uuml;ng&ouml;r taraf\u0131ndan ba\u015fl\u0131klar halinde sunuldu. Sayman Ecz. Hakan Ertem Hesap Raporunu ve Ecz. O\u011fuz Marangozo\u011flu&rsquo;da Denetleme Kurulu Raporunu sundular.<br \/>&nbsp;&nbsp;&nbsp;&nbsp;&nbsp;&nbsp;&nbsp;&nbsp;Daha sonra s&ouml;z alan meslekta\u015flar\u0131m\u0131z &Ccedil;al\u0131\u015fma Raporuna ili\u015fkin g&ouml;r&uuml;\u015f ve &ouml;nerilerini dile getirdiler. Ecz. Zeliha Y\u0131lmaz, Ecz. Avni Kurtuldu, Ecz. Sacit &Ccedil;ini, Ecz. Rafet \u015eahin, Ecz. Sait Y&uuml;cel k&uuml;rs&uuml; alarak Kongreye katk\u0131 verdiler. Meslekta\u015flar\u0131m\u0131z\u0131n ard\u0131ndan s&ouml;z alan Eczac\u0131 Odas\u0131 Ba\u015fkan\u0131 Ecz. Zafer Kaplan ele\u015ftirilere cevap verdi. Ba\u015fkan\u0131n a&ccedil;\u0131klamalar\u0131n\u0131n ard\u0131ndan Y&ouml;netim Kurulu ve Denetleme Kurulu ayr\u0131 ayr\u0131 oy birli\u011fi ile ibra edildi.<br \/>&nbsp;&nbsp;&nbsp;&nbsp;&nbsp;&nbsp;&nbsp;&nbsp;\u0130stanbul Eczac\u0131 Odas\u0131 Ba\u015fkan\u0131 Ecz. Zafer Kaplan ele\u015ftirilere cevap verdi\u011fi konu\u015fmas\u0131nda, T&uuml;rkiye&rsquo;de eczaneler aras\u0131nda b&uuml;y&uuml;k bir e\u015fitsizli\u011fin s&ouml;zkonusu oldu\u011funu vurgulayarak, &uuml;lkedeki 1900 eczanenin 11 milyar dolarl\u0131k pazar\u0131n y&uuml;zde 45&rsquo;ini olu\u015fturdu\u011funu, geri kalan 20 bin eczanenin ise y&uuml;zde 55&rsquo;ini payla\u015ft\u0131\u011f\u0131n\u0131 dile getirdi. Ecz. Zafer Kaplan, meslek ad\u0131na sorulmas\u0131 gereken en &ouml;nemli sorunun bu 20 bin eczanenin sistem i&ccedil;inde nas\u0131l tutulaca\u011f\u0131 sorusu oldu\u011funu vurgulad\u0131.<br \/>&nbsp;&nbsp;&nbsp;&nbsp;&nbsp;&nbsp;&nbsp;&nbsp;Bakanlar Kurulu&rsquo;ndaki 6197 say\u0131l\u0131 yasan\u0131n &ccedil;ok &ouml;nemli oldu\u011funu dile getiren Kaplan, &ldquo;Ama&ccedil; eczanelerimizi elimizden almak. 6197 m&uuml;cadelesinin anlam\u0131 bu ama&ccedil; pe\u015finde ko\u015fanlarla mesle\u011fini savunan eczac\u0131lar aras\u0131ndaki kavgad\u0131r&rdquo; diyerek, 2007 Kamu \u0130la&ccedil; Al\u0131m Protokol&uuml; i&ccedil;in TEB taraf\u0131ndan kurulan komisyona \u0130stanbul Eczac\u0131 Odas\u0131&rsquo;n\u0131n &ccedil;a\u011fr\u0131lmad\u0131\u011f\u0131n\u0131, bu konuda TEB&rsquo;den talepte bulunduklar\u0131n\u0131 ancak kendilerine &ldquo;ba\u015fka bir komisyona girmelerinin sal\u0131k verildi\u011fi&rdquo;nin s&ouml;ylendi\u011fini kongreye aktard\u0131. \u0130stanbul Eczac\u0131 Odas\u0131 Ba\u015fkan\u0131, eczac\u0131lar\u0131n k&uuml;&ccedil;&uuml;k, g&uuml;nl&uuml;k meseleler y&uuml;z&uuml;nden kavga etmemesi gerekti\u011fini ve bir b&uuml;t&uuml;n olarak mesle\u011fin &ouml;n&uuml;ndeki tehlikelere kar\u015f\u0131 durmas\u0131 gerekti\u011fini s&ouml;yledi.<br \/>&nbsp;&nbsp;&nbsp;&nbsp;&nbsp;&nbsp;&nbsp;&nbsp;Ecz. Hakan Ertem hesap raporlar\u0131na yap\u0131lan ele\u015ftirilerine cevap verdi. Yap\u0131lan a&ccedil;\u0131k oylama sonucu Y&ouml;netim Kurulu ve Denetleme Kurulu &ccedil;al\u0131\u015fmalar\u0131 Genel Kurulca ayr\u0131 ayr\u0131 oy birli\u011fi ile ibra edildi. <br \/>&nbsp;&nbsp;&nbsp;&nbsp;&nbsp;&nbsp;&nbsp;&nbsp;2007 y\u0131l\u0131 Taslak B&uuml;t&ccedil;esi de oy birli\u011fi ile kabul edildi.<br \/>&nbsp;&nbsp;&nbsp;&nbsp;&nbsp;&nbsp;&nbsp;&nbsp;Genel Kurul&rsquo;a sunulan &ouml;nergelerin g&ouml;r&uuml;\u015f&uuml;lmesi sonucu a\u015fa\u011f\u0131daki Kongre kararlar\u0131 al\u0131nd\u0131.<\/p>\n<ul>\n<li>TEB taraf\u0131ndan belirlenen 1000 YTL&rsquo;lik mesul m&uuml;d&uuml;rl&uuml;k bedellerinin uygulanmas\u0131n\u0131n sa\u011flanmas\u0131, <\/li>\n<li>6197 say\u0131l\u0131 yasa tasar\u0131s\u0131nda eczanenin sahip ve mesul m&uuml;d&uuml;r&uuml;n&uuml;n eczac\u0131 olmas\u0131 ve eczane a&ccedil;\u0131l\u0131\u015flar\u0131nda Eczac\u0131 Odas\u0131 onay\u0131n\u0131n aranmas\u0131n\u0131 zorunlu k\u0131lan ilgili iki maddenin 6197 say\u0131l\u0131 yasam\u0131zda kesinlikle yer almas\u0131na, <\/li>\n<li>Kamuda &ccedil;al\u0131\u015fan eczac\u0131lar\u0131n haklar\u0131n\u0131 korumak ve sorunlar\u0131n\u0131n daha yak\u0131ndan takibi i&ccedil;in Y&ouml;netim Kurulu&rsquo;nun &ccedil;al\u0131\u015fma yapmas\u0131na, <\/li>\n<li>Sosyal G&uuml;venlik Kurumu Ba\u015fkanl\u0131\u011f\u0131 ile imzalanacak 2007 y\u0131l\u0131 protokol&uuml; ile ilgili olarak t&uuml;m odalar\u0131n temsilcilerinin kat\u0131l\u0131m\u0131 ile bir platform kurulmas\u0131na ve protokol&uuml;n t&uuml;m y&ouml;nleri ile tart\u0131\u015f\u0131lmas\u0131 konusunda T&uuml;rk Eczac\u0131lar\u0131 Birli\u011fi&rsquo;ne &ccedil;a\u011fr\u0131 yap\u0131lmas\u0131na, <\/li>\n<li>Kamu Kurum ve Kurulu\u015flar\u0131 ile yap\u0131lacak 2007 y\u0131l\u0131 protokol&uuml;nde eczanelerin kurumlara uygulad\u0131\u011f\u0131 kademeli iskonto oranlar\u0131n\u0131n kald\u0131r\u0131larak iskonto oranlar\u0131n\u0131n sabitle\u015ftirilmesine, <\/li>\n<li>Eczac\u0131lardan haks\u0131z yap\u0131lan kesintiler ile ilgili yapt\u0131r\u0131mlar uygulanmas\u0131na, <\/li>\n<li>Provizyon sisteminden kaynaklanan durumlar\u0131n sorumlulu\u011funun kuruma ait olmas\u0131, <\/li>\n<li>Re&ccedil;etede yer alan te\u015fhisle ilgili sorumlulu\u011fun re&ccedil;eteyi yazan hekime ait olmas\u0131, <\/li>\n<li>Her re&ccedil;ete ve hasta i&ccedil;in ayr\u0131 ayr\u0131 endikasyon onay\u0131 \u015fart\u0131n\u0131n kald\u0131r\u0131lmas\u0131, <\/li>\n<li>Hi&ccedil;bir yasal dayana\u011f\u0131 olmayan nihai kurum iskontosu uygulamas\u0131n\u0131n kald\u0131r\u0131larak kurum iskontosunun ila&ccedil; fiyat\u0131na yans\u0131t\u0131lmas\u0131n\u0131n sa\u011flanmas\u0131, <\/li>\n<li>&Ouml;deme gecikmelerinde eczac\u0131n\u0131n alaca\u011f\u0131n\u0131n vergiden mahsubunun ve yasal faiz uygulanmas\u0131n\u0131n sa\u011flanmas\u0131 <\/li>\n<li>Muayene &uuml;creti tahsilat\u0131 uygulamas\u0131na son verilmesinin sa\u011flanmas\u0131, <\/li>\n<li>&Uuml;retimden kald\u0131r\u0131lan ya da &uuml;retim\/ithalat\u0131 durdurulan &uuml;r&uuml;nlerin bilgilerinin sistemde g&uuml;ncel olarak bulunmas\u0131n\u0131n sa\u011flanmas\u0131, g&uuml;ncellemede olu\u015fan gecikmenin sorumlulu\u011funun kuruma ait olmas\u0131n\u0131n sa\u011flanmas\u0131 <\/li>\n<li>Kurumlara verilen eczane faturalar\u0131n\u0131n elektronik ortamda durumlar\u0131n\u0131n g&ouml;r&uuml;lmesinin, istendi\u011finde hesap mutabakat\u0131 yap\u0131labilecek bilgilere ula\u015f\u0131m\u0131n\u0131n sa\u011flanmas\u0131, <\/li>\n<li>Eczac\u0131 taraf\u0131ndan b&uuml;t&ccedil;e uygulama talimat\u0131 h&uuml;k&uuml;mlerine uygun olarak giri\u015fi yap\u0131lm\u0131\u015f eksikli\u011fi olmayan ve sistemce onaylanm\u0131\u015f re&ccedil;etelerin bu onay\u0131n\u0131n kurumlarca geri &ouml;demede yeterli olarak kabul&uuml;n&uuml;n sa\u011flanmas\u0131, <\/li>\n<li>Kurum kontrollerinin &ouml;deme tarihine kadar tamamlanmas\u0131, kontrol&uuml; tamamlanmam\u0131\u015f re&ccedil;etelere dair eczac\u0131lardan gecikme faizi tahsilat\u0131n\u0131n yap\u0131lmamas\u0131na. <\/li>\n<\/ul>\n<p>&nbsp;&nbsp;&nbsp;&nbsp;&nbsp;&nbsp;&nbsp;&nbsp;Daha sonra ba\u015fka s&ouml;z alan olmad\u0131\u011f\u0131ndan Divan Ba\u015fkan\u0131 eczac\u0131lar\u0131n daha &ccedil;ok duyarl\u0131 olup daha fazla kat\u0131l\u0131m sa\u011flad\u0131\u011f\u0131 bir Genel Kurul dile\u011fi ile kat\u0131lan &uuml;yelere te\u015fekk&uuml;r ederek kongreyi kapatt\u0131.<br \/><\/span><\/p>\n","protected":false},"excerpt":{"rendered":"<p>2006 YILI OLA\u011eAN SE&Ccedil;\u0130MS\u0130Z KONGRES\u0130 YAPILDI &nbsp;&nbsp;&nbsp;&nbsp;&nbsp;&nbsp;&nbsp;&nbsp;\u0130stanbul Eczac\u0131 Odas\u0131 2006 y\u0131l\u0131 Ola\u011fan Se&ccedil;imsiz Kongresi 30 Eyl&uuml;l Cumartesi g&uuml;n&uuml; topland\u0131. Levent&#46;&#46;&#46;<\/p>\n","protected":false},"author":1,"featured_media":0,"comment_status":"closed","ping_status":"closed","sticky":false,"template":"","format":"standard","meta":{"_jetpack_memberships_contains_paid_content":false,"footnotes":""},"categories":[1],"tags":[],"class_list":["post-3238","post","type-post","status-publish","format-standard","hentry","category-ced"],"aioseo_notices":[],"jetpack_featured_media_url":"","jetpack_sharing_enabled":true,"jetpack-related-posts":[],"_links":{"self":[{"href":"http:\/\/www.ced.org.tr\/index.php?rest_route=\/wp\/v2\/posts\/3238","targetHints":{"allow":["GET"]}}],"collection":[{"href":"http:\/\/www.ced.org.tr\/index.php?rest_route=\/wp\/v2\/posts"}],"about":[{"href":"http:\/\/www.ced.org.tr\/index.php?rest_route=\/wp\/v2\/types\/post"}],"author":[{"embeddable":true,"href":"http:\/\/www.ced.org.tr\/index.php?rest_route=\/wp\/v2\/users\/1"}],"replies":[{"embeddable":true,"href":"http:\/\/www.ced.org.tr\/index.php?rest_route=%2Fwp%2Fv2%2Fcomments&post=3238"}],"version-history":[{"count":0,"href":"http:\/\/www.ced.org.tr\/index.php?rest_route=\/wp\/v2\/posts\/3238\/revisions"}],"wp:attachment":[{"href":"http:\/\/www.ced.org.tr\/index.php?rest_route=%2Fwp%2Fv2%2Fmedia&parent=3238"}],"wp:term":[{"taxonomy":"category","embeddable":true,"href":"http:\/\/www.ced.org.tr\/index.php?rest_route=%2Fwp%2Fv2%2Fcategories&post=3238"},{"taxonomy":"post_tag","embeddable":true,"href":"http:\/\/www.ced.org.tr\/index.php?rest_route=%2Fwp%2Fv2%2Ftags&post=3238"}],"curies":[{"name":"wp","href":"https:\/\/api.w.org\/{rel}","templated":true}]}}