{"id":3239,"date":"2006-10-06T10:12:09","date_gmt":"2006-10-06T07:12:09","guid":{"rendered":"http:\/\/www.ced.org.tr\/?p=3239"},"modified":"2006-10-06T10:12:09","modified_gmt":"2006-10-06T07:12:09","slug":"mama-al-konsere-gel","status":"publish","type":"post","link":"http:\/\/www.ced.org.tr\/?p=3239","title":{"rendered":"MAMA AL KONSERE GEL"},"content":{"rendered":"<h4 align=\"center\"><img loading=\"lazy\" decoding=\"async\" style=\"width: 200px; height: 281px\" src=\"http:\/\/www.ced.org.tr\/images\/stories\/dernek\/mamaal_konseregel.jpg\" border=\"0\" alt=\"mama al konsere gel\" title=\"mama al konsere gel\" width=\"200\" height=\"281\" align=\"left\" \/>L&uuml;bnan ve Filistin Halklar\u0131yla Dayan\u0131\u015fma Konserleri&nbsp;<\/h4>\n<p>Halkevlerinin y&uuml;r&uuml;tt&uuml;\u011f&uuml; L&uuml;bnan ve Filistin Halklar\u0131yla Dayan\u0131\u015fma Konseri 8 Ekim Pazar g&uuml;n&uuml; saat 15:00&#39;da harbiye a&ccedil;\u0131k hava tiyatrosunda d&uuml;zenleniyor.<\/p>\n<p>&Ccedil;a\u011fda\u015f Eczac\u0131lar Derne\u011fi ve \u0130stanbul Eczac\u0131 Odas\u0131n\u0131nda organizasyona destek verdi\u011fi bu kampanyaya t&uuml;m meslekta\u015flar\u0131m\u0131z\u0131da bekliyoruz.<\/p>\n<p><strong>Bir Mama al sende kat\u0131l &ccedil;ocuklar &ouml;lmesin<\/strong><\/p>\n<h5 style=\"margin: 0cm 0cm 0pt\" class=\"MsoNormal\">&Ccedil;a\u011fda\u015f Eczac\u0131lar Derne\u011fi<\/h5>\n<h5 style=\"margin: 0cm 0cm 0pt\" class=\"MsoNormal\">Y&ouml;netim Kurulu<\/h5>\n<p>&nbsp;<\/p>\n<p>&nbsp;<\/p>\n","protected":false},"excerpt":{"rendered":"<p>L&uuml;bnan ve Filistin Halklar\u0131yla Dayan\u0131\u015fma Konserleri&nbsp; Halkevlerinin y&uuml;r&uuml;tt&uuml;\u011f&uuml; L&uuml;bnan ve Filistin Halklar\u0131yla Dayan\u0131\u015fma Konseri 8 Ekim Pazar g&uuml;n&uuml; saat 15:00&#39;da&#46;&#46;&#46;<\/p>\n","protected":false},"author":1,"featured_media":0,"comment_status":"closed","ping_status":"closed","sticky":false,"template":"","format":"standard","meta":{"_jetpack_memberships_contains_paid_content":false,"footnotes":""},"categories":[1],"tags":[],"class_list":["post-3239","post","type-post","status-publish","format-standard","hentry","category-ced"],"aioseo_notices":[],"jetpack_featured_media_url":"","jetpack_sharing_enabled":true,"jetpack-related-posts":[],"_links":{"self":[{"href":"http:\/\/www.ced.org.tr\/index.php?rest_route=\/wp\/v2\/posts\/3239","targetHints":{"allow":["GET"]}}],"collection":[{"href":"http:\/\/www.ced.org.tr\/index.php?rest_route=\/wp\/v2\/posts"}],"about":[{"href":"http:\/\/www.ced.org.tr\/index.php?rest_route=\/wp\/v2\/types\/post"}],"author":[{"embeddable":true,"href":"http:\/\/www.ced.org.tr\/index.php?rest_route=\/wp\/v2\/users\/1"}],"replies":[{"embeddable":true,"href":"http:\/\/www.ced.org.tr\/index.php?rest_route=%2Fwp%2Fv2%2Fcomments&post=3239"}],"version-history":[{"count":0,"href":"http:\/\/www.ced.org.tr\/index.php?rest_route=\/wp\/v2\/posts\/3239\/revisions"}],"wp:attachment":[{"href":"http:\/\/www.ced.org.tr\/index.php?rest_route=%2Fwp%2Fv2%2Fmedia&parent=3239"}],"wp:term":[{"taxonomy":"category","embeddable":true,"href":"http:\/\/www.ced.org.tr\/index.php?rest_route=%2Fwp%2Fv2%2Fcategories&post=3239"},{"taxonomy":"post_tag","embeddable":true,"href":"http:\/\/www.ced.org.tr\/index.php?rest_route=%2Fwp%2Fv2%2Ftags&post=3239"}],"curies":[{"name":"wp","href":"https:\/\/api.w.org\/{rel}","templated":true}]}}