{"id":3240,"date":"2006-10-16T16:45:00","date_gmt":"2006-10-16T13:45:00","guid":{"rendered":"http:\/\/www.ced.org.tr\/?p=3240"},"modified":"2006-10-16T16:45:00","modified_gmt":"2006-10-16T13:45:00","slug":"fusun-sayeki-kaybettik","status":"publish","type":"post","link":"http:\/\/www.ced.org.tr\/?p=3240","title":{"rendered":"F\u00dcSUN SAYEK&#8217;\u0130 KAYBETT\u0130K"},"content":{"rendered":"<p align=\"center\"><strong><img loading=\"lazy\" decoding=\"async\" style=\"width: 134px; height: 200px\" src=\"http:\/\/www.ced.org.tr\/images\/stories\/dernek\/fusun_sayek.jpg\" border=\"0\" alt=\"f&uuml;sun sayek\" title=\"f&uuml;sun sayek\" width=\"134\" height=\"200\" align=\"left\" \/>TTB BA\u015eKANI F&Uuml;SUN SAYEK&rsquo;\u0130 KAYBETT\u0130K<\/strong><\/p>\n<p>1996-2006 y\u0131llar\u0131 aras\u0131nda TTB Merkez Konseyi Ba\u015fkanl\u0131\u011f\u0131 yapan&rsquo; herkese e\u015fit ve paras\u0131z sa\u011fl\u0131k hakk\u0131&rsquo;n\u0131n y\u0131lmaz savunucusu, sa\u011fl\u0131k s&ouml;m&uuml;r&uuml;s&uuml;ne kar\u015f\u0131 toplumun vicdan\u0131, demokratik hekim hareketinin &ouml;nc&uuml;llerinden de\u011ferli F&uuml;sun Sayek&rsquo;i kaybetmenin derin ac\u0131s\u0131n\u0131 ya\u015f\u0131yoruz.<\/p>\n<p>TTB&rsquo;nin 24 Hazirandaki son genel kuruluna g&ouml;nderdi\u011fi \u015fu anlaml\u0131 mesaj\u0131 an\u0131lar\u0131m\u0131zda hep ya\u015fayacak;<\/p>\n<p>&lsquo;D&uuml;\u015flerimiz y&uuml;ce bu &uuml;lkede, herkesin, toplumun iyi sa\u011fl\u0131k hizmeti almas\u0131n\u0131 istiyoruz. G&ouml;z&uuml;m&uuml;z kendimizden ba\u015fkas\u0131n\u0131 g&ouml;rmeyecek kadar kararm\u0131\u015f, ruhumuz ba\u015fkalar\u0131n\u0131 d&uuml;\u015f&uuml;nmeyecek kadar y\u0131pranm\u0131\u015f,vicdan\u0131m\u0131z incinmeyecek kadar k&ouml;relmi\u015f de\u011fil. Biz hekimiz,vicdanl\u0131y\u0131z ve heyecanl\u0131y\u0131z, \u015fimdi her \u015fey dolu dizgin ve &ccedil;o\u011ful, her \u015fey kesintisiz.Ve \u015fimdi her \u015fey yeniden&rsquo; <\/p>\n","protected":false},"excerpt":{"rendered":"<p>TTB BA\u015eKANI F&Uuml;SUN SAYEK&rsquo;\u0130 KAYBETT\u0130K 1996-2006 y\u0131llar\u0131 aras\u0131nda TTB Merkez Konseyi Ba\u015fkanl\u0131\u011f\u0131 yapan&rsquo; herkese e\u015fit ve paras\u0131z sa\u011fl\u0131k hakk\u0131&rsquo;n\u0131n y\u0131lmaz&#46;&#46;&#46;<\/p>\n","protected":false},"author":1,"featured_media":0,"comment_status":"closed","ping_status":"closed","sticky":false,"template":"","format":"standard","meta":{"_jetpack_memberships_contains_paid_content":false,"footnotes":""},"categories":[1],"tags":[],"class_list":["post-3240","post","type-post","status-publish","format-standard","hentry","category-ced"],"aioseo_notices":[],"jetpack_featured_media_url":"","jetpack_sharing_enabled":true,"jetpack-related-posts":[],"_links":{"self":[{"href":"http:\/\/www.ced.org.tr\/index.php?rest_route=\/wp\/v2\/posts\/3240","targetHints":{"allow":["GET"]}}],"collection":[{"href":"http:\/\/www.ced.org.tr\/index.php?rest_route=\/wp\/v2\/posts"}],"about":[{"href":"http:\/\/www.ced.org.tr\/index.php?rest_route=\/wp\/v2\/types\/post"}],"author":[{"embeddable":true,"href":"http:\/\/www.ced.org.tr\/index.php?rest_route=\/wp\/v2\/users\/1"}],"replies":[{"embeddable":true,"href":"http:\/\/www.ced.org.tr\/index.php?rest_route=%2Fwp%2Fv2%2Fcomments&post=3240"}],"version-history":[{"count":0,"href":"http:\/\/www.ced.org.tr\/index.php?rest_route=\/wp\/v2\/posts\/3240\/revisions"}],"wp:attachment":[{"href":"http:\/\/www.ced.org.tr\/index.php?rest_route=%2Fwp%2Fv2%2Fmedia&parent=3240"}],"wp:term":[{"taxonomy":"category","embeddable":true,"href":"http:\/\/www.ced.org.tr\/index.php?rest_route=%2Fwp%2Fv2%2Fcategories&post=3240"},{"taxonomy":"post_tag","embeddable":true,"href":"http:\/\/www.ced.org.tr\/index.php?rest_route=%2Fwp%2Fv2%2Ftags&post=3240"}],"curies":[{"name":"wp","href":"https:\/\/api.w.org\/{rel}","templated":true}]}}