{"id":3244,"date":"2006-10-19T16:51:43","date_gmt":"2006-10-19T13:51:43","guid":{"rendered":"http:\/\/www.ced.org.tr\/?p=3244"},"modified":"2006-10-19T16:51:43","modified_gmt":"2006-10-19T13:51:43","slug":"mama-al-konsere-gel-2","status":"publish","type":"post","link":"http:\/\/www.ced.org.tr\/?p=3244","title":{"rendered":"MAMA AL KONSERE GEL"},"content":{"rendered":"<p align=\"center\"><strong>MAMA AL KONSERE GEL ETK\u0130NL\u0130\u011e\u0130 G&Ouml;RKEML\u0130 OLDU<\/strong>&nbsp;<\/p>\n<p>&Ccedil;a\u011fda\u015f Eczac\u0131lar Derne\u011fi, Filistin ve L&uuml;bnanl\u0131 sava\u015f ma\u011fduru &ccedil;ocuklara yard\u0131m &ccedil;er&ccedil;evesinde 8 ekim Pazar g&uuml;n&uuml; Halk Evlerince d&uuml;zenlenen Mama Al Konsere Gel etkinli\u011finde \u0130stanbul Eczac\u0131 Odas\u0131 ile birlikte yer ald\u0131.<\/p>\n<p>Mamalar ile ilgili organizasyonlarda aktif olarak g&ouml;rev ald\u0131. 5000 civar\u0131nda izleyicinin kat\u0131ld\u0131\u011f\u0131 konserde ya\u011fmura ra\u011fmen &ccedil;ok ba\u015far\u0131l\u0131 oldu. Elde edilen mamalar Halk Evleri ve K\u0131z\u0131lay marifeti ile sava\u015f ma\u011fduru &ccedil;ocuklara ula\u015ft\u0131r\u0131lacakt\u0131r.&nbsp;<\/p>\n<p><img loading=\"lazy\" decoding=\"async\" style=\"width: 459px; height: 371px\" src=\"http:\/\/www.ced.org.tr\/images\/stories\/dernek\/mamaalkonseregel.jpg\" border=\"0\" alt=\"mama al konsere gel\" title=\"mama al konsere gel\" width=\"459\" height=\"371\" align=\"bottom\" \/><\/p>\n<p><img loading=\"lazy\" decoding=\"async\" style=\"width: 460px; height: 362px\" src=\"http:\/\/www.ced.org.tr\/images\/stories\/dernek\/mamaalkonseregel1.jpg\" border=\"0\" alt=\"mama al konsere gel\" title=\"mama al konsere gel\" width=\"460\" height=\"362\" align=\"bottom\" \/><\/p>\n","protected":false},"excerpt":{"rendered":"<p>MAMA AL KONSERE GEL ETK\u0130NL\u0130\u011e\u0130 G&Ouml;RKEML\u0130 OLDU&nbsp; &Ccedil;a\u011fda\u015f Eczac\u0131lar Derne\u011fi, Filistin ve L&uuml;bnanl\u0131 sava\u015f ma\u011fduru &ccedil;ocuklara yard\u0131m &ccedil;er&ccedil;evesinde 8 ekim&#46;&#46;&#46;<\/p>\n","protected":false},"author":1,"featured_media":0,"comment_status":"closed","ping_status":"closed","sticky":false,"template":"","format":"standard","meta":{"_jetpack_memberships_contains_paid_content":false,"footnotes":""},"categories":[1],"tags":[],"class_list":["post-3244","post","type-post","status-publish","format-standard","hentry","category-ced"],"aioseo_notices":[],"jetpack_featured_media_url":"","jetpack_sharing_enabled":true,"jetpack-related-posts":[],"_links":{"self":[{"href":"http:\/\/www.ced.org.tr\/index.php?rest_route=\/wp\/v2\/posts\/3244","targetHints":{"allow":["GET"]}}],"collection":[{"href":"http:\/\/www.ced.org.tr\/index.php?rest_route=\/wp\/v2\/posts"}],"about":[{"href":"http:\/\/www.ced.org.tr\/index.php?rest_route=\/wp\/v2\/types\/post"}],"author":[{"embeddable":true,"href":"http:\/\/www.ced.org.tr\/index.php?rest_route=\/wp\/v2\/users\/1"}],"replies":[{"embeddable":true,"href":"http:\/\/www.ced.org.tr\/index.php?rest_route=%2Fwp%2Fv2%2Fcomments&post=3244"}],"version-history":[{"count":0,"href":"http:\/\/www.ced.org.tr\/index.php?rest_route=\/wp\/v2\/posts\/3244\/revisions"}],"wp:attachment":[{"href":"http:\/\/www.ced.org.tr\/index.php?rest_route=%2Fwp%2Fv2%2Fmedia&parent=3244"}],"wp:term":[{"taxonomy":"category","embeddable":true,"href":"http:\/\/www.ced.org.tr\/index.php?rest_route=%2Fwp%2Fv2%2Fcategories&post=3244"},{"taxonomy":"post_tag","embeddable":true,"href":"http:\/\/www.ced.org.tr\/index.php?rest_route=%2Fwp%2Fv2%2Ftags&post=3244"}],"curies":[{"name":"wp","href":"https:\/\/api.w.org\/{rel}","templated":true}]}}