{"id":3246,"date":"2006-11-03T16:44:24","date_gmt":"2006-11-03T14:44:24","guid":{"rendered":"http:\/\/www.ced.org.tr\/?p=3246"},"modified":"2006-11-03T16:44:24","modified_gmt":"2006-11-03T14:44:24","slug":"kuresel-isinma-eylemi","status":"publish","type":"post","link":"http:\/\/www.ced.org.tr\/?p=3246","title":{"rendered":"K\u00dcRESEL ISINMA EYLEM\u0130"},"content":{"rendered":"<p><strong><\/p>\n<p>4 KASIM 2006 CUMARTES\u0130 K&Uuml;RESEL ISINMA EYLEM G&Uuml;N&Uuml;<\/p>\n<p>K&uuml;resel Is\u0131nmay\u0131 Durdurun-T&uuml;rkiye Kyoto&rsquo;yu \u0130mzala<\/p>\n<p><\/strong><\/p>\n<p>4 Kas\u0131m K&uuml;resel Is\u0131nmaya Kar\u015f\u0131 Eylem G&uuml;n&uuml; 47 &uuml;lkede e\u015f zamanl\u0131 olarak yap\u0131l\u0131yor.<\/p>\n<p>&lsquo;Ne petrol , ne k&ouml;m&uuml;r , ne n&uuml;kleer, g&uuml;ne\u015f r&uuml;zgar bize yeter &lsquo; \u015fiar\u0131 ile d&uuml;zenlenen k&uuml;resel \u0131s\u0131nma kar\u015f\u0131t eylemin T&uuml;rkiye aya\u011f\u0131nda ise yar\u0131n Haydarpa\u015fa Gar\u0131 &ouml;n&uuml;nde saat 11.30&rsquo;da bir y&uuml;r&uuml;y&uuml;\u015f d&uuml;zenleniyor Kad\u0131k&ouml;y otob&uuml;s duraklar\u0131 park alan\u0131na kadar s&uuml;recek y&uuml;r&uuml;y&uuml;\u015f&uuml;n ard\u0131ndan Grup Masis, Mor ve &Ouml;tesi,Fuat, Aylin Asl\u0131m, Vedat Sakman ve Ya\u015far Kurt&rsquo;un da sahne ald\u0131\u011f\u0131 bir miting d&uuml;zenlenecek.<\/p>\n","protected":false},"excerpt":{"rendered":"<p>4 KASIM 2006 CUMARTES\u0130 K&Uuml;RESEL ISINMA EYLEM G&Uuml;N&Uuml; K&uuml;resel Is\u0131nmay\u0131 Durdurun-T&uuml;rkiye Kyoto&rsquo;yu \u0130mzala 4 Kas\u0131m K&uuml;resel Is\u0131nmaya Kar\u015f\u0131 Eylem G&uuml;n&uuml;&#46;&#46;&#46;<\/p>\n","protected":false},"author":1,"featured_media":0,"comment_status":"closed","ping_status":"closed","sticky":false,"template":"","format":"standard","meta":{"_jetpack_memberships_contains_paid_content":false,"footnotes":""},"categories":[1],"tags":[],"class_list":["post-3246","post","type-post","status-publish","format-standard","hentry","category-ced"],"aioseo_notices":[],"jetpack_featured_media_url":"","jetpack_sharing_enabled":true,"jetpack-related-posts":[],"_links":{"self":[{"href":"http:\/\/www.ced.org.tr\/index.php?rest_route=\/wp\/v2\/posts\/3246","targetHints":{"allow":["GET"]}}],"collection":[{"href":"http:\/\/www.ced.org.tr\/index.php?rest_route=\/wp\/v2\/posts"}],"about":[{"href":"http:\/\/www.ced.org.tr\/index.php?rest_route=\/wp\/v2\/types\/post"}],"author":[{"embeddable":true,"href":"http:\/\/www.ced.org.tr\/index.php?rest_route=\/wp\/v2\/users\/1"}],"replies":[{"embeddable":true,"href":"http:\/\/www.ced.org.tr\/index.php?rest_route=%2Fwp%2Fv2%2Fcomments&post=3246"}],"version-history":[{"count":0,"href":"http:\/\/www.ced.org.tr\/index.php?rest_route=\/wp\/v2\/posts\/3246\/revisions"}],"wp:attachment":[{"href":"http:\/\/www.ced.org.tr\/index.php?rest_route=%2Fwp%2Fv2%2Fmedia&parent=3246"}],"wp:term":[{"taxonomy":"category","embeddable":true,"href":"http:\/\/www.ced.org.tr\/index.php?rest_route=%2Fwp%2Fv2%2Fcategories&post=3246"},{"taxonomy":"post_tag","embeddable":true,"href":"http:\/\/www.ced.org.tr\/index.php?rest_route=%2Fwp%2Fv2%2Ftags&post=3246"}],"curies":[{"name":"wp","href":"https:\/\/api.w.org\/{rel}","templated":true}]}}