{"id":3248,"date":"2006-11-09T16:53:03","date_gmt":"2006-11-09T14:53:03","guid":{"rendered":"http:\/\/www.ced.org.tr\/?p=3248"},"modified":"2006-11-09T16:53:03","modified_gmt":"2006-11-09T14:53:03","slug":"saglikta-yikimi-durduralim","status":"publish","type":"post","link":"http:\/\/www.ced.org.tr\/?p=3248","title":{"rendered":"SA\u011eLIKTA YIKIMI DURDURALIM"},"content":{"rendered":"<h5 align=\"center\"><img loading=\"lazy\" decoding=\"async\" style=\"width: 243px; height: 162px\" src=\"http:\/\/www.ced.org.tr\/images\/stories\/dernek\/ses_1.jpg\" border=\"0\" alt=\"sa\u011fl\u0131kta y\u0131k\u0131m\u0131 durdural\u0131m\" title=\"sa\u011fl\u0131kta y\u0131k\u0131m\u0131 durdural\u0131m\" width=\"243\" height=\"162\" align=\"bottom\" \/><\/h5>\n<h3 align=\"center\">&nbsp;&nbsp;SA\u011eLIKTA YIKIMI DURDURALIM<\/h3>\n<p>Sa\u011fl\u0131k ve Sosyal Hizmet Emek&ccedil;ileri Sendikas\u0131(SES) taraf\u0131ndan T&uuml;rkiye genelinde Edirne ve Van eksenli olarak ba\u015flat\u0131lan sa\u011fl\u0131kta y\u0131k\u0131m\u0131 durdural\u0131m y&uuml;r&uuml;y&uuml;\u015f&uuml;n&uuml;n Edirne kolu&nbsp;14.11.2006 tarihinde \u0130stanbul&rsquo;a ula\u015ft\u0131.Y&uuml;r&uuml;y&uuml;\u015f&ccedil;&uuml;ler Cerrahpa\u015fa T\u0131p Fak&uuml;ltesi bah&ccedil;esinde SES \u0130stanbul \u015fubeleri,\u0130stanbul Tabip Odas\u0131,\u0130stanbul Eczac\u0131 Odas\u0131,&Ccedil;a\u011fda\u015f Eczac\u0131lar Derne\u011fi,Dev-Sa\u011fl\u0131k i\u015f T&uuml;rk-i\u015f ve halkevleri &uuml;yelerinin olu\u015fturdu\u011fu kalabal\u0131k bir topluluk taraf\u0131ndan kar\u015f\u0131land\u0131.<\/p>\n<p>&nbsp;Cerrahpa\u015fa T\u0131p Fak&uuml;ltesi bah&ccedil;esinde yap\u0131lan bas\u0131n toplant\u0131s\u0131nda konu\u015fan SES Aksaray \u015fube ba\u015fkan\u0131 &lsquo; Yaln\u0131zca Ukrayna&rsquo;da 9,9 milyon insan\u0131n &ouml;l&uuml;m&uuml;yle sonu&ccedil;lanan D&uuml;nya Bankas\u0131 patentli Sa\u011fl\u0131kta D&ouml;n&uuml;\u015f&uuml;m Projesi&rsquo;ni &ccedil;ok ge&ccedil; olmadan durdurmak zorunday\u0131z. Hi&ccedil;bir yasan\u0131n halka ra\u011fmen uygulanmas\u0131 m&uuml;mk&uuml;n de\u011fildir.Ancak sa\u011fl\u0131k hizmeti alan milyonlarla, sa\u011fl\u0131k emek&ccedil;ileri birle\u015firsek bu y\u0131k\u0131m\u0131 durdurabiliriz &lsquo; dedi. SES Genel Sekreteri Erkan S&uuml;mer ise&lsquo; Y&uuml;r&uuml;y&uuml;\u015f&uuml;n Van kolunun ge&ccedil;ti\u011fimiz y\u0131l ku\u015f gribine yakalanan ve sosyal g&uuml;vencesi olmad\u0131\u011f\u0131 i&ccedil;in hastaneye yat\u0131r\u0131lmayarak ya\u015fam\u0131n\u0131 yitiren Fatma &Ouml;zcan&rsquo;a, Edirne kolunun ise sa\u011fl\u0131k hakk\u0131 m&uuml;cadelesinin &ouml;nderlerinden yak\u0131n zamanda yitirdi\u011fimiz eski TTB Ba\u015fkan\u0131 F&uuml;sun Sayek&rsquo;e adand\u0131\u011f\u0131n\u0131 ifade ederek, sa\u011fl\u0131kta y\u0131k\u0131m\u0131 durdurmak amac\u0131yla ba\u015flatt\u0131klar\u0131 y&uuml;r&uuml;y&uuml;\u015f&uuml;n &ouml;zellikle Van b&ouml;l&uuml;m&uuml;nde ciddi bask\u0131larla kar\u015f\u0131la\u015ft\u0131klar\u0131na dikkat &ccedil;ekti.<\/p>\n<p>&rsquo;Sa\u011fl\u0131kta ticaret &ouml;ld&uuml;r&uuml;r, AKP sa\u011fl\u0131\u011fa zararl\u0131d\u0131r, Sa\u011fl\u0131k Hakt\u0131r \u0130lac\u0131ma Dokunma, Sa\u011fl\u0131kta Y\u0131k\u0131m\u0131 Durdural\u0131m sloganlar\u0131n\u0131n s\u0131k s\u0131k dile getirildi\u011fi bas\u0131n toplant\u0131s\u0131 \u0130stanbul Eczac\u0131 Odas\u0131 ve \u0130stanbul Tabip Odas\u0131 Genel Sekreterlerinin konu\u015fmalar\u0131n\u0131n ard\u0131ndan Aksaray!a kadar s&uuml;ren bir y&uuml;r&uuml;y&uuml;\u015fle son buldu.<\/p>\n","protected":false},"excerpt":{"rendered":"<p>&nbsp;&nbsp;SA\u011eLIKTA YIKIMI DURDURALIM Sa\u011fl\u0131k ve Sosyal Hizmet Emek&ccedil;ileri Sendikas\u0131(SES) taraf\u0131ndan T&uuml;rkiye genelinde Edirne ve Van eksenli olarak ba\u015flat\u0131lan sa\u011fl\u0131kta y\u0131k\u0131m\u0131&#46;&#46;&#46;<\/p>\n","protected":false},"author":1,"featured_media":0,"comment_status":"closed","ping_status":"closed","sticky":false,"template":"","format":"standard","meta":{"_jetpack_memberships_contains_paid_content":false,"footnotes":""},"categories":[1],"tags":[],"class_list":["post-3248","post","type-post","status-publish","format-standard","hentry","category-ced"],"aioseo_notices":[],"jetpack_featured_media_url":"","jetpack_sharing_enabled":true,"jetpack-related-posts":[],"_links":{"self":[{"href":"http:\/\/www.ced.org.tr\/index.php?rest_route=\/wp\/v2\/posts\/3248","targetHints":{"allow":["GET"]}}],"collection":[{"href":"http:\/\/www.ced.org.tr\/index.php?rest_route=\/wp\/v2\/posts"}],"about":[{"href":"http:\/\/www.ced.org.tr\/index.php?rest_route=\/wp\/v2\/types\/post"}],"author":[{"embeddable":true,"href":"http:\/\/www.ced.org.tr\/index.php?rest_route=\/wp\/v2\/users\/1"}],"replies":[{"embeddable":true,"href":"http:\/\/www.ced.org.tr\/index.php?rest_route=%2Fwp%2Fv2%2Fcomments&post=3248"}],"version-history":[{"count":0,"href":"http:\/\/www.ced.org.tr\/index.php?rest_route=\/wp\/v2\/posts\/3248\/revisions"}],"wp:attachment":[{"href":"http:\/\/www.ced.org.tr\/index.php?rest_route=%2Fwp%2Fv2%2Fmedia&parent=3248"}],"wp:term":[{"taxonomy":"category","embeddable":true,"href":"http:\/\/www.ced.org.tr\/index.php?rest_route=%2Fwp%2Fv2%2Fcategories&post=3248"},{"taxonomy":"post_tag","embeddable":true,"href":"http:\/\/www.ced.org.tr\/index.php?rest_route=%2Fwp%2Fv2%2Ftags&post=3248"}],"curies":[{"name":"wp","href":"https:\/\/api.w.org\/{rel}","templated":true}]}}