{"id":3250,"date":"2006-11-10T17:26:58","date_gmt":"2006-11-10T15:26:58","guid":{"rendered":"http:\/\/www.ced.org.tr\/?p=3250"},"modified":"2006-11-10T17:26:58","modified_gmt":"2006-11-10T15:26:58","slug":"ilac-fiyat-kararnamesi","status":"publish","type":"post","link":"http:\/\/www.ced.org.tr\/?p=3250","title":{"rendered":"\u0130LA\u00c7 F\u0130YAT KARARNAMES\u0130"},"content":{"rendered":"<div align=\"center\">\n<h4>\u0130LA&Ccedil; F\u0130YAT KARARNAMES\u0130 DE\u011e\u0130\u015e\u0130YOR<\/h4>\n<\/div>\n<p>&nbsp;&nbsp;&nbsp;&nbsp;&nbsp;&nbsp;&nbsp;&nbsp;&nbsp; 06.02204 tarih ve 2004 \/ 6781 say\u0131l\u0131 Bakanlar Kurulu karar\u0131 ile y&uuml;r&uuml;rl&uuml;\u011fe giren ila&ccedil;<br \/>fiyat kararnamesi yeniden de\u011fi\u015fiyor. Sa\u011fl\u0131k Bakanl\u0131\u011f\u0131n\u0131n haz\u0131rlad\u0131\u011f\u0131 ve ilgili &ccedil;evrelere g&ouml;nderdi\u011fi<br \/>yeni taslakta &ouml;nemli de\u011fi\u015fiklikler yer al\u0131yor. Eski kararname&rsquo;de 5 AB &uuml;lkesinden en ucuz olan\u0131n<br \/>fiyat\u0131 referans olarak al\u0131n\u0131rken yeni taslakta uygulama Sa\u011fl\u0131k Bakanl\u0131\u011f\u0131&rsquo;n\u0131n yetkisine veriliyor ve<br \/>Bakanl\u0131k&ccedil;a belirlenen &uuml;lkeler denilerek, referans al\u0131nacak &uuml;lkelerin ucu a&ccedil;\u0131k b\u0131rak\u0131l\u0131yor.<\/p>\n<p>&nbsp; &nbsp; &nbsp;&nbsp;&nbsp;&nbsp;&nbsp; Kararname&rsquo;nin eski \u015feklinde d&ouml;viz kurunda en az 30 g&uuml;n s&uuml;re ile %5&rsquo;i a\u015fan de\u011fi\u015fiklik<br \/>olmas\u0131 halinde fiyat de\u011ferlendirme komisyonu Sa\u011fl\u0131k Bakanl\u0131\u011f\u0131&rsquo;n\u0131n daveti &uuml;zerine ola\u011fan &uuml;st&uuml;<br \/>toplanarak &uuml;r&uuml;nlerin fiyatlar\u0131n\u0131 yeniden de\u011ferlendirir deniyordu. Baz al\u0131na d&ouml;viz cinsi ise a\u011f\u0131rl\u0131kl\u0131<br \/>olarak Euro&rsquo;ydu . Taslaktaki yeni \u015fekli ile Dolar ve Euro&rsquo;dan olu\u015fan bir d&ouml;viz sepeti olu\u015fturuluyor.<br \/>1 Euro kar\u015f\u0131l\u0131\u011f\u0131 YTL. + 1 Amerikan Dolar\u0131 YTL. \/ 2 form&uuml;l&uuml; ile elde edilen d&ouml;nemsel d&ouml;viz sepeti<br \/>de\u011ferinde kesintisiz olarak 30 g&uuml;n s&uuml;re ile meydana gelecek % 5&rsquo;i a\u015fan fiyat de\u011fi\u015fikli\u011fi olmas\u0131 halinde ila&ccedil; fiyatlar\u0131 yeniden de\u011ferlendiriliyor. Ayr\u0131ca &ldquo;Fiyat listesinde yap\u0131lacak piyasadaki toplam &uuml;r&uuml;n say\u0131s\u0131n\u0131n 10&rsquo;nu ge&ccedil;en kapsaml\u0131 de\u011fi\u015fiklikler i&ccedil;in uygulama ilan tarihinden 45 g&uuml;n sonra ba\u015flayacakt\u0131r&rdquo; denilerek d&ouml;viz sepetindeki de\u011fi\u015fikli\u011fe ek olarak piyasadaki toplam ila&ccedil; say\u0131ns\u0131n % 10&rsquo;nun da meydana gelecek %5&rsquo;i a\u015fan fiyat de\u011fi\u015fikli\u011fi ger&ccedil;ekle\u015fti\u011finde ancak fiyat de\u011fi\u015fiklikleri ila&ccedil;lara yans\u0131t\u0131labilecektir.<\/p>\n<p>&nbsp;&nbsp;&nbsp;&nbsp;&nbsp;&nbsp;&nbsp;&nbsp; Orijinal &uuml;r&uuml;n fiyatlar\u0131nda meydana gelen de\u011fi\u015fikliklerin 3 ay i&ccedil;inde Bakanl\u0131\u011fa bildirilme s&uuml;resi 6 aya &ccedil;\u0131kar\u0131l\u0131yor. Bildirim yap\u0131lmamas\u0131 durumunda ise cezai yapt\u0131r\u0131mlar g&uuml;ndeme geliyor.&rdquo; Mevcut depocu sat\u0131\u015f fiyat\u0131 ile olu\u015fmas\u0131 gereken fiyat aras\u0131ndaki birim fark\u0131n bu s&uuml;re zarf\u0131nda sat\u0131lan toplam kutu say\u0131s\u0131 ile &ccedil;arp\u0131m\u0131n sonucu bulunan miktar\u0131n 10 kat\u0131 kadar bir ceza uygulamas\u0131&rdquo; getiriliyor. <\/p>\n<p>&nbsp;&nbsp;&nbsp;&nbsp;&nbsp;&nbsp;&nbsp;&nbsp; Kararnamenin yeni \u015feklinde orijinal ila&ccedil;lar i&ccedil;in oldu\u011fu gibi jenerik ila&ccedil;lar i&ccedil;inde yapt\u0131r\u0131mlar s&ouml;z konusu. Jenerik ila&ccedil; firmalar\u0131 da fiyat d&uuml;\u015f&uuml;\u015flerinin, orijinal ila&ccedil; fiyatlar\u0131na yans\u0131mas\u0131n\u0131 takip eden 15 i\u015f g&uuml;n&uuml; i&ccedil;inde fiyatlar\u0131na yans\u0131tmak zorundalar. <\/p>\n<p>&nbsp;&nbsp;&nbsp;&nbsp;&nbsp;&nbsp;&nbsp;&nbsp; Kararnamede as\u0131l &ouml;nemli de\u011fi\u015fiklik re&ccedil;etesiz ila&ccedil; kavram\u0131 ile OTC&rsquo;nin yasalla\u015f\u0131yor olmas\u0131d\u0131r. Ek 2 madde de getirilen de\u011fi\u015fiklik ile &ldquo;Geri &ouml;demesi olmayan re&ccedil;etesiz be\u015feri t\u0131bbi &uuml;r&uuml;nler i&ccedil;in kararname h&uuml;k&uuml;mlerine ba\u011fl\u0131 olmaks\u0131z\u0131n ruhsat sahiplerine talep edilen fiyatlar Bakanl\u0131k&ccedil;a onaylanarak ilan edilir.&rdquo; denilerek OTC&rsquo;nin &ouml;n&uuml; a&ccedil;\u0131l\u0131yor. \u0130la&ccedil; fiyat kararnamesinin yeni \u015feklinde eczac\u0131 meslek hakk\u0131 ve kategorize edilmi\u015f olan eczac\u0131 kar marj\u0131 ile ilgili en ufak bir de\u011fi\u015fiklik ise g&uuml;ndem de yok. Tasarruf sa\u011flama kayg\u0131s\u0131yla haz\u0131rlanan yeni taslak eczac\u0131lar\u0131 yok saymaya devam ediyor. <\/p>\n","protected":false},"excerpt":{"rendered":"<p>\u0130LA&Ccedil; F\u0130YAT KARARNAMES\u0130 DE\u011e\u0130\u015e\u0130YOR &nbsp;&nbsp;&nbsp;&nbsp;&nbsp;&nbsp;&nbsp;&nbsp;&nbsp; 06.02204 tarih ve 2004 \/ 6781 say\u0131l\u0131 Bakanlar Kurulu karar\u0131 ile y&uuml;r&uuml;rl&uuml;\u011fe giren ila&ccedil;fiyat kararnamesi&#46;&#46;&#46;<\/p>\n","protected":false},"author":1,"featured_media":0,"comment_status":"closed","ping_status":"closed","sticky":false,"template":"","format":"standard","meta":{"_jetpack_memberships_contains_paid_content":false,"footnotes":""},"categories":[1],"tags":[],"class_list":["post-3250","post","type-post","status-publish","format-standard","hentry","category-ced"],"aioseo_notices":[],"jetpack_featured_media_url":"","jetpack_sharing_enabled":true,"jetpack-related-posts":[],"_links":{"self":[{"href":"http:\/\/www.ced.org.tr\/index.php?rest_route=\/wp\/v2\/posts\/3250","targetHints":{"allow":["GET"]}}],"collection":[{"href":"http:\/\/www.ced.org.tr\/index.php?rest_route=\/wp\/v2\/posts"}],"about":[{"href":"http:\/\/www.ced.org.tr\/index.php?rest_route=\/wp\/v2\/types\/post"}],"author":[{"embeddable":true,"href":"http:\/\/www.ced.org.tr\/index.php?rest_route=\/wp\/v2\/users\/1"}],"replies":[{"embeddable":true,"href":"http:\/\/www.ced.org.tr\/index.php?rest_route=%2Fwp%2Fv2%2Fcomments&post=3250"}],"version-history":[{"count":0,"href":"http:\/\/www.ced.org.tr\/index.php?rest_route=\/wp\/v2\/posts\/3250\/revisions"}],"wp:attachment":[{"href":"http:\/\/www.ced.org.tr\/index.php?rest_route=%2Fwp%2Fv2%2Fmedia&parent=3250"}],"wp:term":[{"taxonomy":"category","embeddable":true,"href":"http:\/\/www.ced.org.tr\/index.php?rest_route=%2Fwp%2Fv2%2Fcategories&post=3250"},{"taxonomy":"post_tag","embeddable":true,"href":"http:\/\/www.ced.org.tr\/index.php?rest_route=%2Fwp%2Fv2%2Ftags&post=3250"}],"curies":[{"name":"wp","href":"https:\/\/api.w.org\/{rel}","templated":true}]}}