{"id":3251,"date":"2006-11-27T12:57:09","date_gmt":"2006-11-27T10:57:09","guid":{"rendered":"http:\/\/www.ced.org.tr\/?p=3251"},"modified":"2006-11-27T12:57:09","modified_gmt":"2006-11-27T10:57:09","slug":"ilac-kurumu-kuruluyor","status":"publish","type":"post","link":"http:\/\/www.ced.org.tr\/?p=3251","title":{"rendered":"\u0130LA\u00c7 KURUMU KURULUYOR"},"content":{"rendered":"<h5 align=\"center\">T&Uuml;RK\u0130YE \u0130LA&Ccedil; VE TIBB\u0130 C\u0130HAZ KURUMU KURULUYOR!<\/h5>\n<p>Sa\u011fl\u0131k Bakanl\u0131\u011f\u0131 taraf\u0131ndan haz\u0131rlanan ve ila&ccedil; sekt&ouml;r&uuml; a\u011f\u0131rl\u0131kl\u0131 olmak &uuml;zere, s\u0131n\u0131rl\u0131 bir &ccedil;evre i&ccedil;inde tart\u0131\u015fmaya a&ccedil;\u0131lan yasa tasla\u011f\u0131na g&ouml;re &lsquo;T&uuml;rkiye \u0130la&ccedil; ve T\u0131bbi Cihaz Kurumu&rsquo; ad\u0131 alt\u0131nda yeni bir kurum olu\u015fturuluyor.<\/p>\n<p>Taslakta kurumun amac\u0131 \u015f&ouml;yle ifade ediliyor;&lsquo;<\/p>\n<p>&lsquo;Koruyucu, te\u015fhis, tedavi ve rehabilite edici hizmetlerde kullan\u0131lan her t&uuml;rl&uuml; t\u0131bbi &uuml;r&uuml;nler, &ouml;zel &uuml;r&uuml;nler, uluslar aras\u0131 ve ulusal kontrole tabi maddeler,t\u0131bbi &uuml;r&uuml;n &uuml;retiminde kullan\u0131lan etken ve yard\u0131mc\u0131 maddeler,kozmetikler,t\u0131bbi cihazlar,v&uuml;cut d\u0131\u015f\u0131nda kullan\u0131lan t\u0131bbi tan\u0131 cihazlar\u0131, v&uuml;cuda yerle\u015ftirilebilir aktif t\u0131bbi cihazlar\u0131n &uuml;retimi,ithalat\u0131,ihracat\u0131,piyasaya arz\u0131,hizmete sunulmas\u0131 ve bunlar\u0131n uygulamalar\u0131n\u0131n topluma g&uuml;venli, etkili,kaliteli ve standartlara uygun bir \u015fekilde ula\u015fmas\u0131n\u0131 temin etmek i&ccedil;in her t&uuml;rl&uuml; d&uuml;zenlemeyi yapmak ve denetlemek &uuml;zere T&uuml;rkiye \u0130la&ccedil; ve T\u0131bbi Cihaz Kurumu&rsquo;nun kurulu\u015fu ve i\u015fleyi\u015fine ili\u015fkin usul ve esaslar\u0131 belirlemektir.&rsquo;<\/p>\n<p>\u0130la&ccedil; Kurumu Sa\u011fl\u0131k Bakanl\u0131\u011f\u0131&rsquo;na ba\u011fl\u0131 &lsquo;&ouml;zerk!&rsquo; ve de &ouml;zel b&uuml;t&ccedil;eli bir kurum olarak kuruluyor. Y&ouml;netiminde sivil toplum &ouml;rg&uuml;t temsilcilerine yer verilmeyen \u0130la&ccedil; Kurumu, 7 ki\u015fiden olu\u015fan bir y&ouml;netim kurulu taraf\u0131ndan idare edilecek. Ba\u015fkan ve ba\u015fkan yard\u0131mc\u0131s\u0131 6 y\u0131ll\u0131k t\u0131p e\u011fitimi alm\u0131\u015f t\u0131p doktorlar\u0131 aras\u0131ndan se&ccedil;iliyor. Ba\u015fkanda dahil t&uuml;m y&ouml;netim kurulu &uuml;yeleri Sa\u011fl\u0131k Bakan\u0131&rsquo;n\u0131n teklifi ve Bakanlar Kurulu&rsquo;nun karar\u0131 ile atan\u0131yor.<\/p>\n<p>Olu\u015fturulacak olan \u0130la&ccedil; Kurumu eczaneler d\u0131\u015f\u0131nda kalan( eczaneler Sa\u011fl\u0131k Bakanl\u0131\u011f\u0131&rsquo;n\u0131n yetkisinde kal\u0131yor) ba\u015fta ecza ticarethaneleri olmak &uuml;zere, ila&ccedil; &uuml;retim ve da\u011f\u0131t\u0131m ve ithalat\u0131 ile ilgili her t&uuml;rl&uuml; d&uuml;zenlemeyi yapmakla g&ouml;rev ve yetkilendiriliyor. Ayr\u0131ca; ila&ccedil; &uuml;retim ve da\u011f\u0131t\u0131m yerlerinin denetimi, ecza depolar\u0131na ili\u015fkin mevzuat\u0131 d&uuml;zenlemek,uygulamak ve uygulatt\u0131rmak ta ila&ccedil; kurumunun g&ouml;revleri aras\u0131nda say\u0131l\u0131yor.<\/p>\n<p>Daha da &ouml;nemlisi; AB m&uuml;ktesebat\u0131 ve T&uuml;rkiye Cumhuriyeti&rsquo;nin taraf oldu\u011fu uluslararas\u0131 anla\u015fmalar\u0131n, bu kanun kapsam\u0131na giren &uuml;r&uuml;nlerle ilgili uygulanmas\u0131 konusunda y&ouml;netmelik tasla\u011f\u0131 ve benzeri idari d&uuml;zenlemeler yapmakta, \u0130la&ccedil; Kurumu&rsquo;nun g&ouml;rev ve sorumluluk alan\u0131na giriyor.<\/p>\n<p>\u0130la&ccedil; Kurumu Kanun Tasla\u011f\u0131&rsquo;n\u0131n yasala\u015fmas\u0131 halinde ba\u015fta 1262 say\u0131l\u0131&rsquo; \u0130spen&ccedil;iyari ve T\u0131bbi M&uuml;stahzarlar Yasas\u0131&rsquo; olmak &uuml;zere pek &ccedil;ok yasa ve y&ouml;netmelikte y&uuml;r&uuml;rl&uuml;kten kalk\u0131yor! &Ouml;yle g&ouml;r&uuml;n&uuml;yor ki \u0130la&ccedil; Kurumu&rsquo;nun ger&ccedil;ekle\u015fmesiyle birlikte ila&ccedil; ve sa\u011fl\u0131k hizmetlerindeki d&ouml;n&uuml;\u015f&uuml;m&uuml;n &ouml;nemli halkalar\u0131ndan biri daha ger&ccedil;ekle\u015fmi\u015f olacak.<\/p>\n<p>Ecz. Rafet \u015fahin<\/p>\n<p>sahinrafet@hotmail.com<\/p>\n","protected":false},"excerpt":{"rendered":"<p>T&Uuml;RK\u0130YE \u0130LA&Ccedil; VE TIBB\u0130 C\u0130HAZ KURUMU KURULUYOR! Sa\u011fl\u0131k Bakanl\u0131\u011f\u0131 taraf\u0131ndan haz\u0131rlanan ve ila&ccedil; sekt&ouml;r&uuml; a\u011f\u0131rl\u0131kl\u0131 olmak &uuml;zere, s\u0131n\u0131rl\u0131 bir &ccedil;evre&#46;&#46;&#46;<\/p>\n","protected":false},"author":1,"featured_media":0,"comment_status":"closed","ping_status":"closed","sticky":false,"template":"","format":"standard","meta":{"_jetpack_memberships_contains_paid_content":false,"footnotes":""},"categories":[1],"tags":[],"class_list":["post-3251","post","type-post","status-publish","format-standard","hentry","category-ced"],"aioseo_notices":[],"jetpack_featured_media_url":"","jetpack_sharing_enabled":true,"jetpack-related-posts":[],"_links":{"self":[{"href":"http:\/\/www.ced.org.tr\/index.php?rest_route=\/wp\/v2\/posts\/3251","targetHints":{"allow":["GET"]}}],"collection":[{"href":"http:\/\/www.ced.org.tr\/index.php?rest_route=\/wp\/v2\/posts"}],"about":[{"href":"http:\/\/www.ced.org.tr\/index.php?rest_route=\/wp\/v2\/types\/post"}],"author":[{"embeddable":true,"href":"http:\/\/www.ced.org.tr\/index.php?rest_route=\/wp\/v2\/users\/1"}],"replies":[{"embeddable":true,"href":"http:\/\/www.ced.org.tr\/index.php?rest_route=%2Fwp%2Fv2%2Fcomments&post=3251"}],"version-history":[{"count":0,"href":"http:\/\/www.ced.org.tr\/index.php?rest_route=\/wp\/v2\/posts\/3251\/revisions"}],"wp:attachment":[{"href":"http:\/\/www.ced.org.tr\/index.php?rest_route=%2Fwp%2Fv2%2Fmedia&parent=3251"}],"wp:term":[{"taxonomy":"category","embeddable":true,"href":"http:\/\/www.ced.org.tr\/index.php?rest_route=%2Fwp%2Fv2%2Fcategories&post=3251"},{"taxonomy":"post_tag","embeddable":true,"href":"http:\/\/www.ced.org.tr\/index.php?rest_route=%2Fwp%2Fv2%2Ftags&post=3251"}],"curies":[{"name":"wp","href":"https:\/\/api.w.org\/{rel}","templated":true}]}}