{"id":3252,"date":"2006-12-13T15:05:29","date_gmt":"2006-12-13T13:05:29","guid":{"rendered":"http:\/\/www.ced.org.tr\/?p=3252"},"modified":"2006-12-13T15:05:29","modified_gmt":"2006-12-13T13:05:29","slug":"denizli-toplantisi","status":"publish","type":"post","link":"http:\/\/www.ced.org.tr\/?p=3252","title":{"rendered":"DEN\u0130ZL\u0130 TOPLANTISI"},"content":{"rendered":"<h3 align=\"center\"><span style=\"color: black\">B&Ouml;LGELERARASI DEN\u0130ZL\u0130 TOPLANTISI<\/span><\/h3>\n<p><span style=\"color: black\">&nbsp;&nbsp;&nbsp; &nbsp;&nbsp;&nbsp; &nbsp;&nbsp;&nbsp; <\/span><span style=\"color: black\">17-18Kas\u0131m-2006 tarihinde Denizli Pamukkale&rsquo;de ger&ccedil;ekle\u015ftirilen II. B&ouml;lgeleraras\u0131 toplant\u0131n\u0131n a&ccedil;\u0131l\u0131\u015f konu\u015fmas\u0131nda TEB Ba\u015fkan\u0131 Mehmet Doma&ccedil;, &ouml;zetle k&uuml;resel ekonominin etkisinde olan 2007 y\u0131l\u0131 b&uuml;t&ccedil;esinde sa\u011fl\u0131\u011fa ayr\u0131lan b&uuml;t&ccedil;enin &ccedil;ok d&uuml;\u015f&uuml;k kald\u0131\u011f\u0131n\u0131, ila&ccedil; fiyat kararnamesinin de\u011fi\u015fmesinin do\u011fru oldu\u011funu, ila&ccedil; fiyatlar\u0131n\u0131n euroya ba\u011fl\u0131 olabilece\u011fini, ancak art\u0131\u015f\u0131n enflasyona endeksli olmas\u0131n\u0131, d&ouml;viz sepetinin de olabilece\u011fini, ila&ccedil; fiyatlar\u0131n\u0131n referans &uuml;lkelerde d&uuml;\u015ft&uuml;\u011f&uuml;n&uuml; bizde de buna ba\u011fl\u0131 olarak d&uuml;\u015f&uuml;r&uuml;ld&uuml;\u011f&uuml;n&uuml;, fiyat d&uuml;\u015f&uuml;\u015flerinde eczanelere uygulanacak ge&ccedil;i\u015f s&uuml;resinin 45 g&uuml;n olmas\u0131 gerekti\u011fini, eczanelere kutu ba\u015f\u0131na hizmet bedeli verilmesi uygun olaca\u011f\u0131n\u0131,6197 say\u0131l\u0131 yasa ile bizim d\u0131\u015f\u0131m\u0131zda ilgilenen , &ccedil;ok say\u0131da ki\u015fi ve kurum oldu\u011funu Rekabet Kurulunun getirilen k\u0131s\u0131tlamalara kar\u015f\u0131 oldu\u011funu ,Mama ve Vitaminlerle ilgili iki yasan\u0131n &ccedil;eli\u015fti\u011fini.Ye\u015fil Kart d\u0131\u015f\u0131nda ise &ouml;demelerde sorun olmad\u0131\u011f\u0131n\u0131 s&ouml;yledi.<\/span><\/p>\n<p style=\"background: white 0% 50%; text-indent: 27pt; text-align: justify; -moz-background-clip: -moz-initial; -moz-background-origin: -moz-initial; -moz-background-inline-policy: -moz-initial\" class=\"MsoNormal\"><span style=\"color: black\"><img loading=\"lazy\" decoding=\"async\" style=\"width: 400px; height: 266px\" src=\"http:\/\/www.ced.org.tr\/images\/stories\/dernek\/denizli_toplantisi.jpg\" border=\"0\" alt=\"denizli toplant\u0131s\u0131\" title=\"denizli toplant\u0131s\u0131\" width=\"400\" height=\"266\" align=\"top\" \/><\/span><\/p>\n<p style=\"background: white 0% 50%; text-indent: 27pt; text-align: justify; -moz-background-clip: -moz-initial; -moz-background-origin: -moz-initial; -moz-background-inline-policy: -moz-initial\" class=\"MsoNormal\"><span style=\"color: black\">TEKB.Ba\u015fkan\u0131 Sait Y&uuml;cel;\u0130la&ccedil; fiyat kararnamesinde yap\u0131lmas\u0131 d&uuml;\u015f&uuml;n&uuml;l&uuml;n de\u011fi\u015fiklikleri anlatarak,\u0130la&ccedil; &ouml;demelerinde vade ve iskontolar\u0131n geri &ccedil;ekildi\u011fini s&ouml;yledi.<\/span><\/p>\n<p style=\"background: white 0% 50%; text-indent: 27pt; text-align: justify; -moz-background-clip: -moz-initial; -moz-background-origin: -moz-initial; -moz-background-inline-policy: -moz-initial\" class=\"MsoNormal\"><span style=\"color: black\">&Ccedil;al\u0131\u015fma raporunu Genel Sekreter Ecz. Erdo\u011fan &Ccedil;olak, Mali raporu Ecz. Serta&ccedil; &Ouml;zmen Denetleme Kurulu raporunu da \u0130rfan Karakulluk&ccedil;u sundu.<\/span><\/p>\n<p style=\"background: white 0% 50%; text-indent: 27pt; text-align: justify; -moz-background-clip: -moz-initial; -moz-background-origin: -moz-initial; -moz-background-inline-policy: -moz-initial\" class=\"MsoNormal\"><span style=\"color: black\">Daha sonra s&ouml;z alan oda ba\u015fkanlar\u0131 g&ouml;r&uuml;\u015f ve d&uuml;\u015f&uuml;ncelerini a&ccedil;\u0131klad\u0131lar.<\/span><\/p>\n<p style=\"background: white 0% 50%; text-align: justify; -moz-background-clip: -moz-initial; -moz-background-origin: -moz-initial; -moz-background-inline-policy: -moz-initial\" class=\"MsoNormal\"><span style=\"color: black\">Oda Ba\u015fkanlar\u0131n\u0131n g&ouml;r&uuml;\u015f ve d&uuml;\u015f&uuml;nceleri a\u011f\u0131rl\u0131kl\u0131 olarak <span>&nbsp;<\/span>2007 protokol&uuml; ve 6197 say\u0131l\u0131 yasa ile ilgiliydi. T&uuml;m Oda Ba\u015fkanlar\u0131 6197 say\u0131l\u0131 yasa ile ilgili kayg\u0131l\u0131yd\u0131. Sa\u011fl\u0131k Bakan\u0131n\u0131 ziyaret sonucu do\u011fan alk\u0131\u015fl\u0131 bahar havas\u0131, yerini karamsar ,ku\u015fkulu bir havaya b\u0131rakm\u0131\u015ft\u0131.6197 say\u0131l\u0131 yasada eczac\u0131 odas\u0131 onay\u0131n\u0131n &ccedil;\u0131kar\u0131lmas\u0131, Rekabet Kurulu&rsquo;nun n&uuml;fus mesafe s\u0131n\u0131rland\u0131rmas\u0131na kar\u015f\u0131 &ccedil;\u0131kmas\u0131 h&uuml;k&uuml;metin yasa ile ilgili tutumu kayg\u0131lar\u0131 artt\u0131ran geli\u015fmeler olarak dile getirildi.<\/span><\/p>\n<p style=\"background: white 0% 50%; text-align: justify; -moz-background-clip: -moz-initial; -moz-background-origin: -moz-initial; -moz-background-inline-policy: -moz-initial\" class=\"MsoNormal\"><span style=\"color: black\">Sa\u011fl\u0131k Bakan\u0131na inanmakla hata ettiklerini s&ouml;yleyen oda ba\u015fkanlar\u0131,tek v&uuml;cut halinde yan yana gelerek eylemlilik i&ccedil;inde olmalar\u0131 gerekti\u011fini vurgulad\u0131lar. <\/span><\/p>\n<p style=\"background: white 0% 50%; text-indent: 27pt; text-align: justify; -moz-background-clip: -moz-initial; -moz-background-origin: -moz-initial; -moz-background-inline-policy: -moz-initial\" class=\"MsoNormal\"><span style=\"color: black\">Oda Ba\u015fkanlar\u0131n\u0131n dile getirdi\u011fi ikinci &ouml;nemli konu ise 2007 Protokol Tasla\u011f\u0131 idi. S&ouml;zc&uuml;ler protokol tasla\u011f\u0131n\u0131n dilinin &ccedil;ok bozuk oldu\u011funu bir an &ouml;nce bunun anla\u015f\u0131labilir bir dile &ccedil;evrilmesi gerekti\u011fini &ouml;deme zaman\u0131n\u0131n 18 i\u015f g&uuml;n&uuml; olmas\u0131 gerekti\u011fini &ouml;demelerin 70-90 g&uuml;nlere uzat\u0131lmas\u0131n\u0131n ve %75 avans uygulamas\u0131n\u0131n kabul edilemeyece\u011fini,da\u011f\u0131t\u0131m kanallar\u0131n\u0131n vade ve iskontolar\u0131 geri &ccedil;ekti\u011fi bir d&ouml;nemde bunun hayati &ouml;nemde oldu\u011funu, protokol i&ccedil;in avukatlar ordusu kurulmas\u0131 gerekti\u011fini, re&ccedil;ete toplaman\u0131n su&ccedil; olmaktan &ccedil;\u0131kar\u0131lmamas\u0131 ve 2007 Protokoluna re&ccedil;etelerin adil da\u011f\u0131l\u0131m\u0131n\u0131n konmas\u0131 gerekti\u011fini s&ouml;ylediler.<\/span><\/p>\n<p style=\"background: white 0% 50%; text-indent: 27pt; text-align: justify; -moz-background-clip: -moz-initial; -moz-background-origin: -moz-initial; -moz-background-inline-policy: -moz-initial\" class=\"MsoNormal\"><span style=\"color: black\">En k&ouml;t&uuml; s&ouml;zle\u015fme s&ouml;zle\u015fmesizlikten iyidir mant\u0131\u011f\u0131n\u0131n bu protokol i&ccedil;in ge&ccedil;erli olmad\u0131\u011f\u0131n\u0131, yap\u0131lan bu ilk protokol&uuml;n &ccedil;ok &ouml;nemli oldu\u011funu, daha sonraki protokoller i&ccedil;in bir &ouml;rnek olu\u015fturaca\u011f\u0131n\u0131 dile getirdiler. Oda Ba\u015fkanlar\u0131n\u0131n bir k\u0131sm\u0131 da b&ouml;lgelerinde aile hekimli\u011fi uygulamalar\u0131n\u0131n yaratt\u0131\u011f\u0131 s\u0131k\u0131nt\u0131lar\u0131 anlatt\u0131lar.<span>&nbsp; <\/span>Aile hekimi-firma-eczac\u0131 aras\u0131nda<span>&nbsp; <\/span>etik olmayan ili\u015fkilerin yayg\u0131nla\u015ft\u0131\u011f\u0131ndan s&ouml;z ettiler.<\/span><\/p>\n<p style=\"background: white 0% 50%; text-indent: 27pt; text-align: justify; -moz-background-clip: -moz-initial; -moz-background-origin: -moz-initial; -moz-background-inline-policy: -moz-initial\" class=\"MsoNormal\"><span style=\"color: black\">Ele\u015ftirilere yan\u0131t veren TEB.Merkez Heyeti Ba\u015fkas\u0131 Doma&ccedil;;Okul yapman\u0131n asli g&ouml;revleri oldu\u011funu,ila&ccedil; fiyat kararname tasla\u011f\u0131yla ilgili bilgileri olmad\u0131\u011f\u0131n\u0131,yatan hastay\u0131 SSK protokol&uuml;ne koyduracaklar\u0131n\u0131,2007 protokol&uuml;n&uuml; mutlaka odalar\u0131n onay\u0131na sunacaklar\u0131n\u0131,oda ba\u015fkanlar\u0131n\u0131n onaylamad\u0131\u011f\u0131 bir protokole imza atmayacaklar\u0131n\u0131 s&ouml;yledi.<span>&nbsp; <\/span><\/span><\/p>\n<p style=\"background: white 0% 50%; text-indent: 27pt; text-align: justify; -moz-background-clip: -moz-initial; -moz-background-origin: -moz-initial; -moz-background-inline-policy: -moz-initial\" class=\"MsoBodyTextIndent\"><span style=\"color: black\">G&uuml;ndemin son b&ouml;l&uuml;m&uuml;nde b&ouml;lgeler aras\u0131 toplant\u0131 s\u0131ras\u0131nda olu\u015fturulan, d&ouml;rt ayr\u0131 &ccedil;al\u0131\u015fma grubunun, iki saatlik at&ouml;lye &ccedil;al\u0131\u015fmas\u0131 ile ilgili sunumlar yap\u0131ld\u0131. Bu gruplar<\/span><\/p>\n<p style=\"background: white 0% 50%; text-indent: 27pt; text-align: justify; -moz-background-clip: -moz-initial; -moz-background-origin: -moz-initial; -moz-background-inline-policy: -moz-initial\" class=\"MsoBodyTextIndent\"><span style=\"color: black\">1.&nbsp;&nbsp;&nbsp;&nbsp;&nbsp;&nbsp;&nbsp;&nbsp;&nbsp;&nbsp;&nbsp;&nbsp;&nbsp;&nbsp;&nbsp;&nbsp;&nbsp;&nbsp;&nbsp;&nbsp;&nbsp;&nbsp;&nbsp;&nbsp;&nbsp;&nbsp;&nbsp;&nbsp;&nbsp;&nbsp;&nbsp;&nbsp;&nbsp;&nbsp;&nbsp;&nbsp;&nbsp;&nbsp;&nbsp;&nbsp;&nbsp;&nbsp;&nbsp;&nbsp;&nbsp;&nbsp;&nbsp;&nbsp;&nbsp;&nbsp;&nbsp;&nbsp;&nbsp;&nbsp;&nbsp;&nbsp;&nbsp;&nbsp;&nbsp;&nbsp; <\/span><span style=\"color: black; font-family: Tahoma\">Re&ccedil;etesiz ila&ccedil;lar &ccedil;al\u0131\u015fma grubu <\/span><\/p>\n<p style=\"background: white 0% 50%; text-indent: 27pt; text-align: justify; -moz-background-clip: -moz-initial; -moz-background-origin: -moz-initial; -moz-background-inline-policy: -moz-initial\" class=\"MsoBodyTextIndent\"><span style=\"color: black\">2.&nbsp;&nbsp;&nbsp;&nbsp;&nbsp;&nbsp;&nbsp;&nbsp;&nbsp;&nbsp;&nbsp;&nbsp;&nbsp;&nbsp;&nbsp;&nbsp;&nbsp;&nbsp;&nbsp;&nbsp;&nbsp;&nbsp;&nbsp;&nbsp;&nbsp;&nbsp;&nbsp;&nbsp;&nbsp;&nbsp;&nbsp;&nbsp;&nbsp;&nbsp;&nbsp;&nbsp;&nbsp;&nbsp;&nbsp;&nbsp;&nbsp;&nbsp;&nbsp;&nbsp;&nbsp;&nbsp;&nbsp;&nbsp;&nbsp;&nbsp;&nbsp;&nbsp;&nbsp;&nbsp;&nbsp;&nbsp;&nbsp;&nbsp;&nbsp;&nbsp; <\/span><span style=\"color: black; font-family: Tahoma\">Provizyon sistemi nas\u0131l olmal\u0131 ?<\/span><\/p>\n<p style=\"background: white 0% 50%; text-indent: 27pt; text-align: justify; -moz-background-clip: -moz-initial; -moz-background-origin: -moz-initial; -moz-background-inline-policy: -moz-initial\" class=\"MsoBodyTextIndent\"><span style=\"color: black\">3.&nbsp;&nbsp;&nbsp;&nbsp;&nbsp;&nbsp;&nbsp;&nbsp;&nbsp;&nbsp;&nbsp;&nbsp;&nbsp;&nbsp;&nbsp;&nbsp;&nbsp;&nbsp;&nbsp;&nbsp;&nbsp;&nbsp;&nbsp;&nbsp;&nbsp;&nbsp;&nbsp;&nbsp;&nbsp;&nbsp;&nbsp;&nbsp;&nbsp;&nbsp;&nbsp;&nbsp;&nbsp;&nbsp;&nbsp;&nbsp;&nbsp;&nbsp;&nbsp;&nbsp;&nbsp;&nbsp;&nbsp;&nbsp;&nbsp;&nbsp;&nbsp;&nbsp;&nbsp;&nbsp;&nbsp;&nbsp;&nbsp;&nbsp;&nbsp;&nbsp; <\/span><span style=\"color: black; font-family: Tahoma\">Farmas&ouml;tik bak\u0131m ilkeler beyan\u0131 <\/span><\/p>\n<p style=\"background: white 0% 50%; text-indent: 27pt; text-align: justify; -moz-background-clip: -moz-initial; -moz-background-origin: -moz-initial; -moz-background-inline-policy: -moz-initial\" class=\"MsoBodyTextIndent\"><span style=\"color: black\">4.&nbsp;&nbsp;&nbsp;&nbsp;&nbsp;&nbsp;&nbsp;&nbsp;&nbsp;&nbsp;&nbsp;&nbsp;&nbsp;&nbsp;&nbsp;&nbsp;&nbsp;&nbsp;&nbsp;&nbsp;&nbsp;&nbsp;&nbsp;&nbsp;&nbsp;&nbsp;&nbsp;&nbsp;&nbsp;&nbsp;&nbsp;&nbsp;&nbsp;&nbsp;&nbsp;&nbsp;&nbsp;&nbsp;&nbsp;&nbsp;&nbsp;&nbsp;&nbsp;&nbsp;&nbsp;&nbsp;&nbsp;&nbsp;&nbsp;&nbsp;&nbsp;&nbsp;&nbsp;&nbsp;&nbsp;&nbsp;&nbsp;&nbsp;&nbsp;&nbsp; <\/span><span style=\"color: black; font-family: Tahoma\">S&uuml;rekli meslek i&ccedil;i e\u011fitim ilkeler beyan\u0131 <\/span><\/p>\n<p style=\"background: white 0% 50%; text-indent: 27pt; text-align: justify; -moz-background-clip: -moz-initial; -moz-background-origin: -moz-initial; -moz-background-inline-policy: -moz-initial\" class=\"MsoBodyTextIndent\"><span style=\"color: black\">Re&ccedil;etesiz ila&ccedil;lar il ilgili &ccedil;al\u0131\u015fma grubunun s&ouml;zc&uuml;s&uuml; Ekrem E\u015fkinat&rsquo;\u0131n s&ouml;yledikleri dikkat &ccedil;ekiciydi!E\u015fkinat; &ccedil;al\u0131\u015fmalar\u0131 Tekin &Ccedil;a\u011flar ile birlikte yapt\u0131klar\u0131n\u0131, re&ccedil;etesiz ila&ccedil;lar\u0131n sa\u011fl\u0131\u011f\u0131n bir par&ccedil;as\u0131 oldu\u011funu, kamu b&uuml;t&ccedil;esi &uuml;zerindeki y&uuml;k&uuml; azaltaca\u011f\u0131n\u0131, kendi kendine ila&ccedil;la tedavi,rasyonel ila&ccedil; kullan\u0131m\u0131 &uuml;zerine t&uuml;keticileri bilin&ccedil;lendirmek ad\u0131na Sa\u011fl\u0131k &Ccedil;al\u0131\u015fanlar\u0131n\u0131n daha fazla &ccedil;aba g&ouml;stermesine ihtiya&ccedil; duyuldu\u011funu, OTC <span>&nbsp;<\/span>ila&ccedil;lar\u0131n\u0131n sat\u0131ld\u0131\u011f\u0131 az geli\u015fmi\u015f pek &ccedil;ok &uuml;lkede hastan\u0131n, pek &ccedil;ok bilgiye ula\u015famad\u0131\u011f\u0131n\u0131 s&ouml;yledi ve <span>&nbsp;<\/span>OTC de reklamlarla ilgili a&ccedil;\u0131klamalarda bulundu .<\/span><\/p>\n<p style=\"background: white 0% 50%; text-indent: 27pt; text-align: justify; -moz-background-clip: -moz-initial; -moz-background-origin: -moz-initial; -moz-background-inline-policy: -moz-initial\" class=\"MsoBodyTextIndent\"><span style=\"color: black\">.Toplant\u0131n\u0131n tart\u0131\u015fma b&ouml;l&uuml;m&uuml;nde s&ouml;z alan g&ouml;r&uuml;\u015fmeciler, TEB.nin OTC ile ilgili b&ouml;yle bir &ccedil;al\u0131ma i&ccedil;ine girmesinin Sa\u011fl\u0131k Bakanl\u0131\u011f\u0131n\u0131n ila&ccedil; fiyat kararnamesinde de\u011fi\u015fiklik yap\u0131lmas\u0131n\u0131 <span>&nbsp;<\/span><span>&nbsp;<\/span>&ouml;ng&ouml;ren tasar\u0131 ile e\u015f zamanl\u0131 olmas\u0131n\u0131n b&uuml;y&uuml;k bir talihsizlik oldu\u011funu,zira bu taslak ile re&ccedil;etesiz ila&ccedil;lara fiyat serbestli\u011fi getirildi\u011fi,re&ccedil;etesiz ila&ccedil;lara reklam serbestli\u011fi ile sigortal\u0131lar\u0131n kurumlar\u0131ndan ald\u0131klar\u0131 bir &ccedil;ok ilac\u0131 reklam ve promosyon giderleri de eklenmi\u015f halde &ccedil;ok daha pahal\u0131ya alaca\u011f\u0131n\u0131,e\u011fitim seviyesi d&uuml;\u015f&uuml;k halk\u0131m\u0131za gerekli gereksiz<span>&nbsp; <\/span><span>&nbsp;<\/span>ila&ccedil;lar,ila&ccedil; firmalar\u0131n\u0131n daha fazla para kazanmas\u0131 ad\u0131na yutturulaca\u011f\u0131n\u0131,son zamanlarda ila&ccedil;lar\u0131n\u0131n geri &ouml;deme listelerinden &ccedil;\u0131kmas\u0131na kar\u015f\u0131n ila&ccedil; firmalar\u0131n\u0131n ses &ccedil;\u0131karmamalar\u0131n\u0131n sebebinin anla\u015f\u0131ld\u0131\u011f\u0131n\u0131. Bir tak\u0131m ila&ccedil;lar\u0131n re&ccedil;etesiz eczane <span>&nbsp;<\/span>&ouml;l&ccedil;e\u011finde sat\u0131labilece\u011fini;ancak bu kriterlerin bilimsel olarak ilgili t&uuml;m &ccedil;evrelerin kat\u0131l\u0131m\u0131yla yarat\u0131lacak tart\u0131\u015fma ortam\u0131nda tespit edilmesinin uygun olaca\u011f\u0131n\u0131,Maliye Bakanl\u0131\u011f\u0131n\u0131n bu i\u015fte tek yetkili olmamas\u0131 gerekti\u011fini s&ouml;ylediler. <br \/><\/span><\/p>\n<p class=\"MsoNormal\"><span style=\"color: black\">&nbsp;&nbsp;&nbsp; &nbsp;&nbsp;&nbsp; &nbsp;&nbsp;&nbsp; Di\u011fer &ccedil;al\u0131msa guruplar\u0131n\u0131n sunumlar\u0131ndan sonra b&ouml;lgeleraras\u0131 toplant\u0131 sona erdi.<\/span> <\/p>\n","protected":false},"excerpt":{"rendered":"<p>B&Ouml;LGELERARASI DEN\u0130ZL\u0130 TOPLANTISI &nbsp;&nbsp;&nbsp; &nbsp;&nbsp;&nbsp; &nbsp;&nbsp;&nbsp; 17-18Kas\u0131m-2006 tarihinde Denizli Pamukkale&rsquo;de ger&ccedil;ekle\u015ftirilen II. B&ouml;lgeleraras\u0131 toplant\u0131n\u0131n a&ccedil;\u0131l\u0131\u015f konu\u015fmas\u0131nda TEB Ba\u015fkan\u0131 Mehmet Doma&ccedil;,&#46;&#46;&#46;<\/p>\n","protected":false},"author":1,"featured_media":0,"comment_status":"closed","ping_status":"closed","sticky":false,"template":"","format":"standard","meta":{"_jetpack_memberships_contains_paid_content":false,"footnotes":""},"categories":[1],"tags":[],"class_list":["post-3252","post","type-post","status-publish","format-standard","hentry","category-ced"],"aioseo_notices":[],"jetpack_featured_media_url":"","jetpack_sharing_enabled":true,"jetpack-related-posts":[],"_links":{"self":[{"href":"http:\/\/www.ced.org.tr\/index.php?rest_route=\/wp\/v2\/posts\/3252","targetHints":{"allow":["GET"]}}],"collection":[{"href":"http:\/\/www.ced.org.tr\/index.php?rest_route=\/wp\/v2\/posts"}],"about":[{"href":"http:\/\/www.ced.org.tr\/index.php?rest_route=\/wp\/v2\/types\/post"}],"author":[{"embeddable":true,"href":"http:\/\/www.ced.org.tr\/index.php?rest_route=\/wp\/v2\/users\/1"}],"replies":[{"embeddable":true,"href":"http:\/\/www.ced.org.tr\/index.php?rest_route=%2Fwp%2Fv2%2Fcomments&post=3252"}],"version-history":[{"count":0,"href":"http:\/\/www.ced.org.tr\/index.php?rest_route=\/wp\/v2\/posts\/3252\/revisions"}],"wp:attachment":[{"href":"http:\/\/www.ced.org.tr\/index.php?rest_route=%2Fwp%2Fv2%2Fmedia&parent=3252"}],"wp:term":[{"taxonomy":"category","embeddable":true,"href":"http:\/\/www.ced.org.tr\/index.php?rest_route=%2Fwp%2Fv2%2Fcategories&post=3252"},{"taxonomy":"post_tag","embeddable":true,"href":"http:\/\/www.ced.org.tr\/index.php?rest_route=%2Fwp%2Fv2%2Ftags&post=3252"}],"curies":[{"name":"wp","href":"https:\/\/api.w.org\/{rel}","templated":true}]}}