{"id":3253,"date":"2006-12-14T09:54:40","date_gmt":"2006-12-14T07:54:40","guid":{"rendered":"http:\/\/www.ced.org.tr\/?p=3253"},"modified":"2006-12-14T09:54:40","modified_gmt":"2006-12-14T07:54:40","slug":"istanbul-eczacilik-kongresi","status":"publish","type":"post","link":"http:\/\/www.ced.org.tr\/?p=3253","title":{"rendered":"\u0130STANBUL ECZACILIK KONGRES\u0130"},"content":{"rendered":"<br \/>\n<h3 align=\"center\"><span style=\"font-size: 10pt\">\u0130STANBUL ECZACILIK KONGRES\u0130 SONU&Ccedil; B\u0130LD\u0130RGES\u0130&nbsp;<\/span><\/h3>\n<p style=\"margin-right: 30.6pt\" class=\"MsoNormal\"><span style=\"font-size: 10pt\">8-10 Aral\u0131k 2006 tarihinde \u0130stanbul Eczac\u0131 Odas\u0131&rsquo;n\u0131n 50. kurulu\u015f y\u0131l\u0131 nedeni ile d&uuml;zenlenen \u0130stanbul Eczac\u0131l\u0131k Kongresi, Eczac\u0131 Odas\u0131 ba\u015fkan ve y&ouml;neticilerinin, &uuml;lkenin de\u011fi\u015fik y&ouml;relerinden meslekta\u015flar\u0131m\u0131z\u0131n, &uuml;niversite &ccedil;evrelerinin ve bas\u0131n\u0131n yo\u011fun kat\u0131l\u0131m\u0131 ile ba\u015flad\u0131.<\/span><\/p>\n<p><span style=\"font-size: 10pt\"> <\/span>  <\/p>\n<p style=\"margin-right: 30.6pt\" class=\"MsoNormal\"><span style=\"font-size: 10pt\">800 kay\u0131tl\u0131 delege ve 1000&rsquo;i a\u015fk\u0131n kat\u0131l\u0131mc\u0131 ile dikkatleri &uuml;zerinde toplayan kongrede, a&ccedil;\u0131l\u0131\u015f konu\u015fmas\u0131n\u0131 ger&ccedil;ekle\u015ftiren \u0130stanbul Eczac\u0131 Odas\u0131 Ba\u015fkan\u0131 Ecz. Zafer Kaplan, k&uuml;reselle\u015fme politikalar\u0131n\u0131n bir sonucu olarak bir yandan ila&ccedil; ve sa\u011fl\u0131k hizmeti ad\u0131na giderek daha fazla bedel &ouml;demek gerekirken paradoksal olarak di\u011fer yandan ilaca ula\u015fmada ve sa\u011fl\u0131k hizmetinin niteli\u011finde ciddi d&uuml;\u015f&uuml;\u015fler ya\u015fand\u0131\u011f\u0131n\u0131 vurgulad\u0131. <\/span><\/p>\n<p style=\"margin-right: 30.6pt\" class=\"MsoNormal\"><span style=\"font-size: 10pt\">A&ccedil;\u0131l\u0131\u015f konu\u015fmalar\u0131nda daha sonra s&ouml;z alan \u0130stanbul Ecza. Koop. Y&ouml;netim Kurulu Ba\u015fkan\u0131 Ecz. Sait Y&uuml;cel, siyasal iktidar\u0131n AB s&uuml;recinde ortaya koydu\u011fu gayrete kar\u015f\u0131n &uuml;lke i&ccedil;inde sivil toplum &ouml;rg&uuml;tlerinden uzak durdu\u011funu ifade ederek, &ldquo;Sa\u011fl\u0131kta D&ouml;n&uuml;\u015f&uuml;m&rdquo; politikalar\u0131 nedeniyle eczac\u0131n\u0131n y&uuml;k&uuml;n&uuml;n giderek a\u011f\u0131rla\u015faca\u011f\u0131n\u0131 vurgulad\u0131.<span>&nbsp;<\/span><\/span><\/p>\n<p style=\"margin-right: 30.6pt\" class=\"MsoNormal\"><span style=\"font-size: 10pt\">Son olarak s&ouml;z alan Genel Sa\u011fl\u0131k Sigortas\u0131 Genel M&uuml;d&uuml;r&uuml; Dr. Sami T&uuml;rko\u011flu ise 2007 y\u0131l\u0131nda uygulanmaya ba\u015flanacak &ldquo;Genel Sa\u011fl\u0131k Sigortas\u0131 ve Sosyal G&uuml;venlik Kurumu&rdquo; yasas\u0131 &ccedil;er&ccedil;evesinde &ouml;demelerde avans uygulanmas\u0131na ge&ccedil;ilece\u011fini, bunun bir yasa gere\u011fi oldu\u011funu ifade ederek, devletin hi&ccedil;bir kuruma %100 avans &ouml;demesi yapmad\u0131\u011f\u0131n\u0131 ve &ouml;demelerin %70 ile %90 avans &ouml;demesi aral\u0131\u011f\u0131nda yap\u0131labilece\u011finin alt\u0131n\u0131 &ccedil;izdi.&nbsp;<\/span><\/p>\n<p style=\"margin-right: 30.6pt\" class=\"MsoNormal\"><span style=\"font-size: 10pt\">Kongrenin ilk g&uuml;n&uuml; &ouml;ncelikle sosyal i&ccedil;erikli s&ouml;yle\u015filere ayr\u0131lm\u0131\u015ft\u0131. Yazar Vedat T&uuml;rkali &ldquo;Hayata ve Edebiyata Dair&rdquo; adl\u0131 s&ouml;yle\u015fisinde, ya\u015fam\u0131n bizzat kendisinin bir sanat ve sanat\u0131n g&ouml;revinin de ya\u015fam\u0131 anlatmak oldu\u011funu, iyi bir sanat&ccedil;\u0131 olman\u0131n ideoloji ile bir ili\u015fkisinin olmad\u0131\u011f\u0131n\u0131, ya\u015fam felsefesinin sanat\u0131 ve ya\u015fam\u0131 yorumlamada sanat&ccedil;\u0131 i&ccedil;in &ouml;nemli bir etken oldu\u011funu belirtti. <\/span><\/p>\n<p style=\"margin-right: 30.6pt\" class=\"MsoNormal\"><span style=\"font-size: 10pt\">Uzun bir s&uuml;re \u0130stanbul Mimarlar Odas\u0131 Ba\u015fkanl\u0131\u011f\u0131n\u0131 da yapan gazeteci ve yazar Oktay Ekinci ise &ldquo;Kentle\u015fme ve Kent K&uuml;lt&uuml;r&uuml;&rdquo; adl\u0131 konu\u015fmas\u0131nda, \u0130stanbul&rsquo;un mimari kimli\u011finin Menderes, &Ouml;zal-Dalan d&ouml;nemi uygulamalar\u0131yla a\u011f\u0131r darbeler ald\u0131\u011f\u0131n\u0131, bu &ccedil;izginin devam\u0131 olan Erdo\u011fan ve sonras\u0131 d&ouml;nemlerde ise adeta yok olmaya y&uuml;z tuttu\u011funu vurgulad\u0131.<span>&nbsp;<\/span><\/span><\/p>\n<p style=\"margin-right: 30.6pt\" class=\"MsoNormal\"><span style=\"font-size: 10pt\">\u0130stanbul &Uuml;nv. Ecz. Fak&uuml;ltesi eski dekan\u0131 Prof. Dr. Kas\u0131m Cemal G&uuml;ven &ldquo;T&uuml;rkiye&rsquo;de \u0130la&ccedil; Sanayinin Geli\u015fimi ve Eczac\u0131l\u0131k E\u011fitimi&rdquo; adl\u0131 konu\u015fmas\u0131nda, T&uuml;rkiye&rsquo;de var olan yerli ila&ccedil; sanayinin art\u0131k t&uuml;kendi\u011fini, ayakta olanlar\u0131n da kendilerini pazarlamakla me\u015fgul olduklar\u0131n\u0131 belirtti. G&uuml;ven, eczac\u0131l\u0131k fak&uuml;ltelerinin gere\u011finden &ccedil;ok say\u0131da a&ccedil;\u0131lmas\u0131na kar\u015f\u0131n eczac\u0131l\u0131k e\u011fitiminin kendini yenileyemedi\u011fini ve serbest eczac\u0131l\u0131\u011f\u0131n g&uuml;ndemdeki sorunlar\u0131na yan\u0131t verecek yeterlilikte olmad\u0131\u011f\u0131n\u0131 s&ouml;yledi.&nbsp;<\/span><\/p>\n<p style=\"margin-right: 30.6pt\" class=\"MsoNormal\"><span style=\"font-size: 10pt\"><span>&nbsp;<\/span>A&ccedil;\u0131l\u0131\u015f konu\u015fmalar\u0131 ve s&ouml;yle\u015filerden sonra &ouml;d&uuml;l t&ouml;renine ge&ccedil;ildi. \u0130stanbul Eczac\u0131l\u0131k Kongresine katk\u0131lar\u0131ndan dolay\u0131 \u0130stanbul&rsquo;da bulunan eczac\u0131l\u0131k fak&uuml;ltesi dekanlar\u0131na ve dekanl\u0131k g&ouml;revi sona eren \u0130stanbul &Uuml;nv. Ecz. Fak&uuml;ltesi &ouml;\u011fretim &uuml;yesi Prof. Dr. Aysel G&uuml;rsoy&rsquo;a te\u015fekk&uuml;r &ouml;d&uuml;lleri verildi. <\/span><\/p>\n<p style=\"margin-right: 30.6pt\" class=\"MsoNormal\"><span style=\"font-size: 10pt\">Bas\u0131na &ldquo;Medyada Sa\u011fl\u0131k&rdquo; plaketleri, d&uuml;zenlenen foto\u011fraf, \u015fiir ve resim yar\u0131\u015fmalar\u0131nda dereceye girenlere ve masa tenisi turnuvas\u0131na kat\u0131larak ba\u015far\u0131 g&ouml;sterenlere plaketleri verildi. Kurulu\u015fundan bu yana \u0130stanbul Eczac\u0131 Odas\u0131 Y&ouml;netim Kurulu Ba\u015fkanl\u0131\u011f\u0131 g&ouml;revinde bulunan meslekta\u015flar\u0131m\u0131za verdikleri de\u011ferli katk\u0131lardan dolay\u0131 te\u015fekk&uuml;r plaketleri sunumu ger&ccedil;ekle\u015fti. <\/span><\/p>\n<p style=\"margin-right: 30.6pt\" class=\"MsoNormal\"><span style=\"font-size: 10pt\">Daha sonra meslekte 50 y\u0131l\u0131n\u0131 dolduran meslekta\u015flar\u0131m\u0131za plaketleri \u0130stanbul Eczac\u0131 Odas\u0131 Y&ouml;netim Kurulu &uuml;yeleri taraf\u0131ndan verildi.<span>&nbsp;<\/span><\/span><\/p>\n<p style=\"margin-right: 30.6pt\" class=\"MsoNormal\"><span style=\"font-size: 10pt\">Kongrenin ikinci g&uuml;n&uuml; bilimsel s&ouml;zl&uuml; bildiriler ve bilgisayar ortam\u0131nda haz\u0131rlanan poster sunumlar\u0131yla ba\u015flad\u0131. Kongre Bilimsel Dan\u0131\u015fma Kurulu&rsquo;nun serbest eczac\u0131l\u0131\u011f\u0131n g&uuml;ncel sorunlar\u0131na d&ouml;n&uuml;k olmas\u0131na &ouml;zen g&ouml;sterdi\u011fi s&ouml;zl&uuml; bildiriler ve posterler yo\u011fun bir kat\u0131l\u0131mla izlendi.<span>&nbsp;<\/span><\/span><\/p>\n<p style=\"margin-right: 30.6pt\" class=\"MsoNormal\"><span style=\"font-size: 10pt\">&ldquo;Avrupa Birli\u011fi&rsquo;nde Serbest Eczac\u0131l\u0131k Uygulamalar\u0131&rdquo; konulu oturumda, \u0130spanya, Macaristan ve Estonya&rsquo;dan Kongremize davetli olarak kat\u0131lan meslekta\u015flar\u0131m\u0131z, AB uyum s&uuml;reci gerek&ccedil;e g&ouml;sterilerek serbest eczanelerin h\u0131zla liberalle\u015ftirildi\u011fini ifade ettiler. Yabanc\u0131 konuklar\u0131m\u0131z ayr\u0131ca yasalar\u0131n izin vermemesine kar\u015f\u0131n &ouml;zel s&ouml;zle\u015fmelerle zincir eczanelerin a&ccedil;\u0131ld\u0131\u011f\u0131n\u0131 ve &ccedil;\u0131kar\u0131lan bir yasa ile Odalara ait olan ruhsat verme ve eczane a&ccedil;ma yetkisinin de ellerinden al\u0131nd\u0131\u011f\u0131n\u0131 vurgulad\u0131lar.<span>&nbsp;<\/span><\/span><\/p>\n<p style=\"margin-right: 30.6pt\" class=\"MsoNormal\"><span style=\"font-size: 10pt\">&ldquo;Bir Dayan\u0131\u015fma Modeli; Kooperatif&ccedil;ilik ve Eczac\u0131 Kooperatifleri&rdquo; panelinin kat\u0131l\u0131mc\u0131lar\u0131ndan SECOF icra kurulu ba\u015fkan\u0131 Alain Roudergues kooperatif i\u015fletmelerinin kurumsal yap\u0131lar olmas\u0131 gereklili\u011fini vurgulad\u0131. Di\u011fer kat\u0131l\u0131mc\u0131 Prof. Dr. Ziya G&ouml;kalp M&uuml;layim ise kooperatiflerin k&uuml;&ccedil;&uuml;k ve orta &ouml;l&ccedil;ekli i\u015fletmelerin gelece\u011fe ta\u015f\u0131nmas\u0131nda &ouml;nemli i\u015flevleri olan ekonomik ve sosyal boyutlu &ouml;rg&uuml;tlenmeler oldu\u011funu, Cumhuriyet d&ouml;neminden ba\u015flayarak kooperatiflerin ekonomik yap\u0131lanma i&ccedil;inde &ouml;nemli bir yer tutmas\u0131na kar\u015f\u0131n son d&ouml;nemlerde siyasi iktidarlarca kooperatif&ccedil;ili\u011fe gereken ilginin g&ouml;sterilmedi\u011fini vurgulad\u0131.<span>&nbsp;<\/span><\/span><\/p>\n<p style=\"margin-right: 30.6pt\" class=\"MsoNormal\"><span style=\"font-size: 10pt\">Ecz. Nejat Vardar &ldquo;Sa\u011fl\u0131k Sekt&ouml;r&uuml;nde Etik Sorunlar&rdquo; ba\u015fl\u0131kl\u0131 bildirisinde, ila&ccedil; sekt&ouml;r&uuml;ndeki etik d\u0131\u015f\u0131 uygulamalar\u0131n faturalar\u0131n\u0131n a\u011f\u0131r oldu\u011fundan, &uuml;&ccedil;&uuml;nc&uuml; d&uuml;nya &uuml;lkelerinde insanlar &uuml;zerinde, insanlardan habersiz yap\u0131lan ila&ccedil; denemelerinin ac\u0131 sonu&ccedil;lar\u0131ndan ve meslek &ouml;rg&uuml;tlerini de etkileyen etik bozulmalardan s&ouml;z etti.&nbsp;<\/span><\/p>\n<p style=\"margin-right: 30.6pt\" class=\"MsoNormal\"><span style=\"font-size: 10pt\"><span>&nbsp;&nbsp; <\/span>&Ccedil;ocuklar\u0131m\u0131z\u0131n &ldquo;bir zamanlar etik denilen bir kavram varm\u0131\u015f, insanlar kendilerine anlams\u0131z, sa&ccedil;ma sapan, kurallar koyarlarm\u0131\u015f&rdquo; demelerini istemiyorsak &ldquo;Etik&rdquo; denilen s&ouml;zc&uuml;\u011fe duyarl\u0131 olmak zorunday\u0131z dedi. <\/span><\/p>\n<p style=\"margin-right: 30.6pt\" class=\"MsoNormal\"><span style=\"font-size: 10pt\">&ldquo;6197 Say\u0131l\u0131 Eczac\u0131lar ve Eczaneler Hakk\u0131nda Yasa&rdquo; ba\u015fl\u0131kl\u0131 bildirisinde; &ldquo;Bilimin h\u0131zla geli\u015fmesi; buna ko\u015fut olarak ba\u015f d&ouml;nd&uuml;r&uuml;c&uuml; bir h\u0131zla geli\u015fen teknoloji, ila&ccedil; ve sa\u011fl\u0131k ve eczaneyi de d&ouml;n&uuml;\u015f&uuml;me zorlamaktad\u0131r&rdquo; diyen Ecz. Hakan Gen&ccedil;osmano\u011flu, &ldquo;eczaneler &ouml;zel sa\u011fl\u0131k alanlar\u0131d\u0131r. \u0130\u015flevine uygun olarak donat\u0131lmal\u0131d\u0131r. Eczaneler &ouml;zeldir ve yaln\u0131zca kendi meslek &ouml;rg&uuml;tlerine ve Sa\u011fl\u0131k Bakanl\u0131\u011f\u0131&rsquo;n\u0131n ilgili birimine ba\u011fl\u0131 olarak &ccedil;al\u0131\u015fmal\u0131d\u0131rlar. Eczac\u0131l\u0131k hizmeti temel bir sa\u011fl\u0131k hizmetidir. Eczac\u0131l\u0131k yaln\u0131zca eczac\u0131n\u0131n yapabilece\u011fi bir g&ouml;revdir. Eczanenin sahipli\u011fi eczac\u0131n\u0131n d\u0131\u015f\u0131nda hi&ccedil;bir ki\u015fi ve kurulu\u015fa verilemez. Bunu yok sayan hi&ccedil;bir d&uuml;zenleme kabul edilemez&rdquo; dedi.&nbsp;<\/span><\/p>\n<p style=\"margin-right: 30.6pt\" class=\"MsoNormal\"><span style=\"font-size: 10pt\">&ldquo;Sa\u011fl\u0131kta D&ouml;n&uuml;\u015f&uuml;m ve Genel Sa\u011fl\u0131k Sigortas\u0131 Uygulamas\u0131na B&uuml;t&uuml;nsel Bak\u0131\u015f&rdquo; ba\u015fl\u0131kl\u0131 bildirisinde Mustafa Turun&ccedil;; &ldquo;sosyal devlet kavram\u0131n\u0131n i&ccedil;inin bo\u015falt\u0131ld\u0131\u011f\u0131 bir d&ouml;nemden ge&ccedil;ildi\u011fini, sa\u011fl\u0131k alan\u0131n\u0131n t&uuml;m&uuml;yle piyasa g&uuml;&ccedil;lerine b\u0131rak\u0131ld\u0131\u011f\u0131n\u0131, buna kar\u015f\u0131 yeterli duyarl\u0131l\u0131k g&ouml;sterilmedi\u011fini sorunun b&uuml;t&uuml;nl&uuml;kl&uuml; bir bak\u0131\u015f a&ccedil;\u0131s\u0131ndan irdelenmedi\u011finden s&ouml;z ederek &ldquo;e\u015fit nitelikli ve paras\u0131z bir sa\u011fl\u0131k ve eme\u011fi s&ouml;m&uuml;rmeyen bir sosyal g&uuml;venlik hakk\u0131 talep ediyorsak sosyalist bir toplumsal &ouml;rg&uuml;tlenme modelini hayata ge&ccedil;irmemiz gerekir&rdquo; dedi.&nbsp;<\/span><\/p>\n<p style=\"margin-right: 30.6pt\" class=\"MsoNormal\"><span style=\"font-size: 10pt\">&Ccedil;ED Genel Ba\u015fkan\u0131 Ecz. Rafet \u015eahin &ldquo;T&uuml;rkiye&rsquo;de Serbest Eczane Profili&rdquo; ba\u015fl\u0131kl\u0131 bildirisinde 1980 sonras\u0131nda uygulanan ekonomi politikalar\u0131n b&ouml;l&uuml;\u015f&uuml;m ili\u015fkilerini sermaye s\u0131n\u0131flar\u0131ndan yana k&ouml;kl&uuml; bir bi&ccedil;imde de\u011fi\u015ftirdi\u011fini, s\u0131n\u0131flar ve toplumsal gruplar aras\u0131nda var olan farkl\u0131la\u015fmay\u0131 daha da artt\u0131rd\u0131\u011f\u0131n\u0131, serbest eczanelerinde bu s&uuml;re&ccedil;ten ciddi bir \u015feklide etkilendi\u011fini dile getirdi. \u015eahin devam eden konu\u015fmas\u0131nda &ldquo;ila&ccedil; &uuml;retim ve da\u011f\u0131t\u0131m sekt&ouml;r&uuml;nde ya\u015fanan sermaye yo\u011funla\u015fmas\u0131 ve tekelle\u015fmenin bir benzerinin serbest eczane alan\u0131nda ya\u015fand\u0131\u011f\u0131n\u0131, eczanelerin, sermaye yap\u0131lar\u0131, cirolar\u0131 ve pazardaki etkinlikleri bak\u0131m\u0131ndan farkl\u0131la\u015ft\u0131\u011f\u0131n\u0131 ve yeni bir &ldquo;Eczaneler Profili&rdquo; ortaya &ccedil;\u0131kt\u0131\u011f\u0131n\u0131 bu farkl\u0131la\u015fman\u0131n &ouml;n&uuml;ne ge&ccedil;ilebilmesi i&ccedil;in adil bir re&ccedil;ete da\u011f\u0131t\u0131m sistemine, eczac\u0131 meslek hakk\u0131n\u0131n ya\u015fama ge&ccedil;irilmesine ve 6197 say\u0131l\u0131 yasan\u0131n mesle\u011fin ihtiya&ccedil;lar\u0131na g&ouml;re yeniden d&uuml;zenlenmesine ihtiya&ccedil; oldu\u011funu vurgulad\u0131.<\/span><\/p>\n<p style=\"margin-right: 30.6pt\" class=\"MsoNormal\"><span style=\"font-size: 10pt\">&ldquo;Jenerik \u0130la&ccedil;lar ve T&uuml;rkiye&rdquo; ba\u015fl\u0131kl\u0131 sunumunda Ecz. Nurdan Demirkan, patent korumas\u0131 ve yo\u011fun reklam &ccedil;al\u0131\u015fmas\u0131 nedeni ile ila&ccedil; maliyetlerinin y&uuml;kseldi\u011fini, sa\u011fl\u0131k harcamalar\u0131n\u0131n &ouml;nemli boyutlarda artt\u0131\u011f\u0131n\u0131 ve bu nedenle temel sa\u011fl\u0131k hizmetleri ve koruyucu hekimli\u011fe yeterli pay ay\u0131ramayan h&uuml;k&uuml;metlerin jenerik ilaca y&ouml;neldi\u011fini s&ouml;yledi.<span>&nbsp;<\/span><\/span><\/p>\n<p style=\"margin-right: 30.6pt\" class=\"MsoNormal\"><span style=\"font-size: 10pt\">Kongrenin son etkinli\u011fi &ldquo;Sa\u011fl\u0131kta D&ouml;n&uuml;\u015f&uuml;m ve Sa\u011fl\u0131kl\u0131 Ya\u015fam Hakk\u0131&rdquo; paneli oldu. <\/span><\/p>\n<p style=\"margin-right: 30.6pt\" class=\"MsoNormal\"><span style=\"font-size: 10pt\">Paneli \u0130.&Uuml;. \u0130ktisat Fak&uuml;ltesi &Ouml;\u011fretim &Uuml;yesi Yrd. Do&ccedil;. Dr. Ufuk Uras y&ouml;netti. Panel kat\u0131l\u0131mc\u0131lar\u0131 ise; TTB Ba\u015fkan\u0131 Prof. Dr. Gen&ccedil;ay G&uuml;rsoy, Sa\u011fl\u0131k Emek&ccedil;ileri Sendikas\u0131 Genel Ba\u015fkan\u0131 Dr. K&ouml;ksal Ayd\u0131n, \u0130stanbul Eczac\u0131 Odas\u0131 Ba\u015fkan\u0131 Ecz. Zafer Kaplan, CHP \u0130stanbul Milletvekili Kemal K\u0131l\u0131&ccedil;daro\u011flu, AKP Trabzon Milletvekili Prof. Dr. Cevdet Erd&ouml;l, DYP Kad\u0131n Kollar\u0131 ve Aileden Sorumlu Ba\u015fkan Yard\u0131mc\u0131s\u0131 Dr. Haluk &Ouml;zsar\u0131&rsquo;yd\u0131.<span>&nbsp;<\/span><\/span><\/p>\n<p style=\"margin-right: 30.6pt\" class=\"MsoNormal\"><span style=\"font-size: 10pt\"><span>&nbsp;<\/span>\u0130ktidar ad\u0131na g&ouml;r&uuml;\u015flerini ifade eden AKP Trabzon Milletvekili Erd&ouml;l: Herkesin &uuml;zerinde mutabakat sa\u011flad\u0131\u011f\u0131 bir yasal d&uuml;zenlemenin m&uuml;mk&uuml;n olmad\u0131\u011f\u0131n\u0131, sa\u011fl\u0131kta d&ouml;n&uuml;\u015f&uuml;m program\u0131n\u0131 ba\u015far\u0131yla uygulad\u0131klar\u0131n\u0131, t&uuml;m kurumlar\u0131 tek &ccedil;at\u0131 alt\u0131nda birle\u015ftirdiklerini ve uygulaman\u0131n 2007 y\u0131l\u0131 ba\u015f\u0131nda ba\u015flayaca\u011f\u0131n\u0131 dile getirdi.&nbsp;<\/span><\/p>\n<p style=\"margin-right: 30.6pt\" class=\"MsoNormal\"><span style=\"font-size: 10pt\">CHP \u0130stanbul Milletvekili K\u0131l\u0131&ccedil;daro\u011flu: Sosyal devlete kar\u015f\u0131n bir m&uuml;cadele var. Sosyal devleti &ccedil;&ouml;kertmek istiyorlar diyerek bu yasaya &ldquo;evet&rdquo; diyen bir tek sivil toplum &ouml;rg&uuml;t&uuml; olmad\u0131\u011f\u0131n\u0131, yasan\u0131n toplumdan ve parlamentodan ka&ccedil;\u0131r\u0131ld\u0131\u011f\u0131n\u0131 s&ouml;yledi.<span>&nbsp;<\/span><\/span><\/p>\n<p style=\"margin-right: 30.6pt\" class=\"MsoNormal\"><span style=\"font-size: 10pt\">DYP&rsquo;li &Ouml;zsar\u0131 ise; &ldquo;Fiziken olu\u015fturulmu\u015f bir tek &ccedil;at\u0131dan s&ouml;z edilebilece\u011fini, tek &ccedil;at\u0131n\u0131n par&ccedil;alar\u0131n\u0131n birbirini g&ouml;rmedi\u011fini, performansa dayal\u0131 &uuml;cret sisteminin yanl\u0131\u015f oldu\u011funu ve sa\u011fl\u0131kta d&ouml;n&uuml;\u015f&uuml;m program\u0131n\u0131n kay\u0131t d\u0131\u015f\u0131l\u0131\u011f\u0131 te\u015fvik eden bir sistem oldu\u011funu&rdquo; s&ouml;yledi.<\/span><\/p>\n<p style=\"margin-right: 30.6pt\" class=\"MsoNormal\"><span style=\"font-size: 10pt\">&ldquo;Sa\u011fl\u0131kta D&ouml;n&uuml;\u015f&uuml;m ve Sa\u011fl\u0131kl\u0131 Ya\u015fam Hakk\u0131&rdquo; panelinin en &ouml;nemli aya\u011f\u0131 hi&ccedil; \u015f&uuml;phesiz toplumsal muhalefet &ouml;rg&uuml;tleriydi. T&uuml;rk Tabipler Birli\u011fi, \u0130stanbul Eczac\u0131 Odas\u0131 ve Sa\u011fl\u0131k Emek&ccedil;ileri Sendikas\u0131&rsquo;ndan olu\u015fan bu bile\u015fenin sa\u011fl\u0131kta d&ouml;n&uuml;\u015f&uuml;m program\u0131na d&ouml;n&uuml;k g&ouml;r&uuml;\u015f ve ele\u015ftirileri olduk&ccedil;a &ccedil;arp\u0131c\u0131yd\u0131. Bu d&uuml;\u015f&uuml;nceler bir bak\u0131ma kongrenin genel havas\u0131n\u0131 yans\u0131t\u0131yordu. Toplumsal muhalefet temsilcileri: &ldquo;Sa\u011fl\u0131kta d&ouml;n&uuml;\u015f&uuml;m program\u0131yla sa\u011fl\u0131k birimlerinin i\u015fletmeye d&ouml;n&uuml;\u015ft&uuml;r&uuml;ld&uuml;\u011f&uuml;n&uuml;, birinci basamak hizmetlerinin Aile Hekimli\u011fi uygulamas\u0131yla &ouml;zelle\u015ftirildi\u011fini, hizmetin piyasaya a&ccedil;\u0131l\u0131p paral\u0131 bir hizmete d&ouml;n&uuml;\u015ft&uuml;r&uuml;ld&uuml;\u011f&uuml;n&uuml;&rdquo; dile getirdiler. &ldquo;Paral\u0131 ve pahal\u0131 olan bu sa\u011fl\u0131k hizmeti modelinin uyguland\u0131\u011f\u0131 &uuml;lkelerde sa\u011fl\u0131kta y\u0131k\u0131ma yol a&ccedil;t\u0131\u011f\u0131n\u0131, Ukrayna ve Rusya da uygulanan bu program\u0131n 9 milyon 400 bin insan\u0131n hayat\u0131na mal oldu\u011funu&rdquo; s&ouml;ylediler. Toplumsal muhalefet temsilcilerinin birle\u015fti\u011fi ortak nokta: <\/span><\/p>\n<p style=\"margin-right: 30.6pt\" class=\"MsoNormal\"><span style=\"font-size: 10pt\">Sa\u011fl\u0131kta d&ouml;n&uuml;\u015f&uuml;m, asl\u0131nda sa\u011fl\u0131kta bir y\u0131k\u0131m program\u0131d\u0131r. <\/span><\/p>\n<p style=\"margin-right: 30.6pt\" class=\"MsoNormal\"><span style=\"font-size: 10pt\">Onu hep birlikte durdurmal\u0131y\u0131z!.. <br \/><\/span><\/p>\n<p style=\"margin-right: 30.6pt\" class=\"MsoNormal\"><span style=\"font-size: 10pt\">\u0130stanbul Eczac\u0131l\u0131k Kongresi; sorunlar\u0131 sadece, sorunlar\u0131n ma\u011fdurlar\u0131n\u0131n &ccedil;&ouml;zece\u011fi bilinciyle sa\u011fl\u0131kl\u0131 ve insanca bir ya\u015fam hakk\u0131 i&ccedil;in, mesleki ve toplumsal haklar i&ccedil;in, &ouml;rg&uuml;tl&uuml; ve kararl\u0131 bir m&uuml;cadele dile\u011fi ile son buldu. <\/span><\/p>\n","protected":false},"excerpt":{"rendered":"<p>\u0130STANBUL ECZACILIK KONGRES\u0130 SONU&Ccedil; B\u0130LD\u0130RGES\u0130&nbsp; 8-10 Aral\u0131k 2006 tarihinde \u0130stanbul Eczac\u0131 Odas\u0131&rsquo;n\u0131n 50. kurulu\u015f y\u0131l\u0131 nedeni ile d&uuml;zenlenen \u0130stanbul Eczac\u0131l\u0131k&#46;&#46;&#46;<\/p>\n","protected":false},"author":1,"featured_media":0,"comment_status":"closed","ping_status":"closed","sticky":false,"template":"","format":"standard","meta":{"_jetpack_memberships_contains_paid_content":false,"footnotes":""},"categories":[1],"tags":[],"class_list":["post-3253","post","type-post","status-publish","format-standard","hentry","category-ced"],"aioseo_notices":[],"jetpack_featured_media_url":"","jetpack_sharing_enabled":true,"jetpack-related-posts":[],"_links":{"self":[{"href":"http:\/\/www.ced.org.tr\/index.php?rest_route=\/wp\/v2\/posts\/3253","targetHints":{"allow":["GET"]}}],"collection":[{"href":"http:\/\/www.ced.org.tr\/index.php?rest_route=\/wp\/v2\/posts"}],"about":[{"href":"http:\/\/www.ced.org.tr\/index.php?rest_route=\/wp\/v2\/types\/post"}],"author":[{"embeddable":true,"href":"http:\/\/www.ced.org.tr\/index.php?rest_route=\/wp\/v2\/users\/1"}],"replies":[{"embeddable":true,"href":"http:\/\/www.ced.org.tr\/index.php?rest_route=%2Fwp%2Fv2%2Fcomments&post=3253"}],"version-history":[{"count":0,"href":"http:\/\/www.ced.org.tr\/index.php?rest_route=\/wp\/v2\/posts\/3253\/revisions"}],"wp:attachment":[{"href":"http:\/\/www.ced.org.tr\/index.php?rest_route=%2Fwp%2Fv2%2Fmedia&parent=3253"}],"wp:term":[{"taxonomy":"category","embeddable":true,"href":"http:\/\/www.ced.org.tr\/index.php?rest_route=%2Fwp%2Fv2%2Fcategories&post=3253"},{"taxonomy":"post_tag","embeddable":true,"href":"http:\/\/www.ced.org.tr\/index.php?rest_route=%2Fwp%2Fv2%2Ftags&post=3253"}],"curies":[{"name":"wp","href":"https:\/\/api.w.org\/{rel}","templated":true}]}}