{"id":3254,"date":"2007-01-09T13:41:26","date_gmt":"2007-01-09T11:41:26","guid":{"rendered":"http:\/\/www.ced.org.tr\/?p=3254"},"modified":"2007-01-09T13:41:26","modified_gmt":"2007-01-09T11:41:26","slug":"halkimiza","status":"publish","type":"post","link":"http:\/\/www.ced.org.tr\/?p=3254","title":{"rendered":"HALKIMIZA"},"content":{"rendered":"<div class=\"Section1\" align=\"center\">\n<h2>HALKIMIZA&nbsp;<\/h2>\n<\/div>\n<div class=\"Section1\">\n<h1 style=\"text-align: center\" align=\"center\"><span style=\"font-size: 11pt; font-family: Tahoma; font-weight: normal\">  <\/p>\n<hr \/>\n<p>  <\/span><\/h1>\n<\/p><\/div>\n<p style=\"text-align: justify\" class=\"MsoNormal\"><span style=\"font-size: 11pt; font-family: Tahoma\">Sa\u011fl\u0131k sorunu bu &uuml;lkede &ccedil;&ouml;z&uuml;lemeyen temel sorunlar\u0131n ba\u015f\u0131nda yer al\u0131yor.<\/span><\/p>\n<p style=\"text-align: justify\" class=\"MsoNormal\"><span style=\"font-size: 11pt; font-family: Tahoma\">Sa\u011fl\u0131kta D&ouml;n&uuml;\u015f&uuml;m Program\u0131 ad\u0131yla uygulanan sa\u011fl\u0131k politikalar\u0131 da toplumdan yana k&ouml;kl&uuml; de\u011fi\u015fiklikler i&ccedil;ermiyor.&nbsp;<\/span><\/p>\n<p>    <span style=\"font-size: 11pt; font-family: Tahoma\">Sa\u011fl\u0131k alan\u0131 h\u0131zla &ouml;zelle\u015ftirilip serbest rekabete a&ccedil;\u0131l\u0131yor.<\/span>    <span style=\"font-size: 11pt; font-family: Tahoma\">\u0130nsanlar\u0131m\u0131z\u0131n b&uuml;y&uuml;k &ccedil;o\u011funlu\u011fu sunulan sa\u011fl\u0131k hizmetinden e\u015fit olarak yararlanam\u0131yor. Paras\u0131 olan\u0131n sat\u0131n alabilece\u011fi bir sa\u011fl\u0131k modeli &ouml;n&uuml;m&uuml;ze konuluyor.&nbsp;<\/span><\/p>\n<div class=\"Section2\">\n<p style=\"text-align: justify\" class=\"MsoNormal\"><span style=\"font-size: 11pt; font-family: Tahoma\">IMF dayatmalar\u0131 sonucu g&uuml;ndeme getirilen sa\u011fl\u0131kta tasarruf politikalar\u0131 her g&uuml;n kar\u015f\u0131m\u0131za yeni sorunlar &ccedil;\u0131kar\u0131yor.&nbsp;<\/span><\/p>\n<p style=\"text-align: justify\" class=\"MsoNormal\"><span style=\"font-size: 11pt; font-family: Tahoma\">Her g&uuml;n ald\u0131\u011f\u0131m\u0131z ila&ccedil;lar\u0131n bir b&ouml;l&uuml;m&uuml;ne yeni s\u0131n\u0131rlamalar getiriliyor.&nbsp;<\/span><\/p>\n<p style=\"text-align: justify\" class=\"MsoNormal\"><span style=\"font-size: 11pt; font-family: Tahoma\">A\u015f\u0131m\u0131zdan, ekme\u011fimizden tasarruf yapmam\u0131z\u0131 isteyenler \u015fimdi de sa\u011fl\u0131\u011f\u0131m\u0131zdan tasarruf yapmam\u0131z\u0131 istiyorlar.&nbsp;<\/span><\/p>\n<p style=\"text-align: justify\" class=\"MsoNormal\"><span style=\"font-size: 11pt; font-family: Tahoma\">Ne do\u011fru bir sa\u011fl\u0131k hizmeti ne de ila&ccedil; hizmeti alabiliyoruz.&nbsp;<\/span><\/p>\n<p style=\"text-align: justify\" class=\"MsoNormal\"><span style=\"font-size: 11pt; font-family: Tahoma\">Sa\u011fl\u0131k bir hizmet alan\u0131 olmaktan &ccedil;\u0131kar\u0131l\u0131p ticaret alan\u0131na d&ouml;n&uuml;\u015ft&uuml;r&uuml;yor.&nbsp;<\/span><\/p>\n<p style=\"text-align: justify\" class=\"MsoNormal\"><span style=\"font-size: 11pt; font-family: Tahoma\">Koruyucu de\u011fil, t&uuml;ketime dayal\u0131 ila&ccedil; ve sa\u011fl\u0131k politikalar\u0131 nedeniyle kamu ila&ccedil; harcamalar\u0131ndan olu\u015fan a&ccedil;\u0131klar\u0131n faturas\u0131n\u0131 bizler &ouml;demek zorunda kal\u0131yoruz.&nbsp;<\/span><\/p>\n<p style=\"text-align: justify\" class=\"MsoNormal\"><span style=\"font-size: 11pt; font-family: Tahoma\">Faturan\u0131n &ouml;nemli bir b&ouml;l&uuml;m&uuml; de biz eczac\u0131lara &ccedil;\u0131kar\u0131l\u0131yor.&nbsp;<\/span><\/p>\n<p style=\"text-align: justify\" class=\"MsoNormal\"><span style=\"font-size: 11pt; font-family: Tahoma\">Biz eczac\u0131lar olarak b&uuml;rokratik kurallar\u0131 anlatmaktan yorulduk, sizler de dinlemekten yoruldunuz. B&uuml;rokratik kurallar eczac\u0131y\u0131, hekimi ve hastalar\u0131 can\u0131ndan bezdirdi.&nbsp;<\/span><\/p>\n<p style=\"text-align: justify\" class=\"MsoNormal\"><span style=\"font-size: 11pt; font-family: Tahoma\">Eskiden kuyruklarda beklemekten yorulan hastalar ve yak\u0131nlar\u0131, \u015fimdi de re&ccedil;ete eksiklerini tamamlamak i&ccedil;in ko\u015fturmaktan yoruluyorlar. De\u011fi\u015fen bir \u015fey yok.<\/span> <\/p>\n<\/p><\/div>\n<div class=\"MsoNormal\" align=\"center\" style=\"text-align: center\"><strong><span style=\"font-size: 11pt; font-family: Tahoma\">  <\/p>\n<hr \/>\n<p>  <\/span><\/strong><\/div>\n<p style=\"text-align: justify\" class=\"MsoNormal\"><strong><span style=\"font-size: 11pt; font-family: Tahoma\">YETER ARTIK BU \u0130\u015eKENCE B\u0130TS\u0130N, D\u0130YORUZ.<\/span><\/strong><\/p>\n<p style=\"text-align: justify\" class=\"MsoNormal\"><span style=\"font-family: Tahoma\">&nbsp;<\/span><\/p>\n<p style=\"text-align: justify\" class=\"MsoNormal\"><span style=\"font-family: Tahoma\">Yanl\u0131\u015f ila&ccedil; ve sa\u011fl\u0131k politikalar\u0131ndan d&ouml;n&uuml;lmesini, sorunsuz bir ila&ccedil; hizmeti sunabilmenin ko\u015fullar\u0131n\u0131n yarat\u0131lmas\u0131n\u0131 istiyoruz.<\/span><\/p>\n<p style=\"text-align: justify\" class=\"MsoNormal\">Sa\u011fl\u0131kl\u0131 ya\u015fam hakk\u0131n\u0131n t&uuml;m yurtta\u015flar\u0131m\u0131za ko\u015fulsuz olarak sa\u011flanmas\u0131n\u0131 istiyoruz.<\/p>\n<div class=\"MsoNormal\" align=\"center\" style=\"text-align: center\"><strong><span style=\"font-size: 11pt; font-family: Tahoma\">  <\/p>\n<hr \/>\n<p>  <\/span><\/strong><\/div>\n<p style=\"text-align: center\" class=\"MsoNormal\" align=\"center\"><span style=\"font-size: 18pt; font-family: Tahoma\">14 Ocak Pazar g&uuml;n&uuml; saat 12:00&rsquo;de<\/span><\/p>\n<p style=\"text-align: center\" class=\"MsoNormal\" align=\"center\"><span style=\"font-size: 18pt\">Kad\u0131k&ouml;y iskele meydan\u0131nda bulu\u015fuyoruz.<\/span><\/p>\n<p style=\"text-align: center\" class=\"MsoNormal\" align=\"center\">&nbsp;<\/p>\n<h3 style=\"text-align: center\" align=\"center\">\u0130STANBUL ECZACI ODASI<\/h3>\n","protected":false},"excerpt":{"rendered":"<p>HALKIMIZA&nbsp; Sa\u011fl\u0131k sorunu bu &uuml;lkede &ccedil;&ouml;z&uuml;lemeyen temel sorunlar\u0131n ba\u015f\u0131nda yer al\u0131yor. Sa\u011fl\u0131kta D&ouml;n&uuml;\u015f&uuml;m Program\u0131 ad\u0131yla uygulanan sa\u011fl\u0131k politikalar\u0131 da toplumdan&#46;&#46;&#46;<\/p>\n","protected":false},"author":1,"featured_media":0,"comment_status":"closed","ping_status":"closed","sticky":false,"template":"","format":"standard","meta":{"_jetpack_memberships_contains_paid_content":false,"footnotes":""},"categories":[1],"tags":[],"class_list":["post-3254","post","type-post","status-publish","format-standard","hentry","category-ced"],"aioseo_notices":[],"jetpack_featured_media_url":"","jetpack_sharing_enabled":true,"jetpack-related-posts":[],"_links":{"self":[{"href":"http:\/\/www.ced.org.tr\/index.php?rest_route=\/wp\/v2\/posts\/3254","targetHints":{"allow":["GET"]}}],"collection":[{"href":"http:\/\/www.ced.org.tr\/index.php?rest_route=\/wp\/v2\/posts"}],"about":[{"href":"http:\/\/www.ced.org.tr\/index.php?rest_route=\/wp\/v2\/types\/post"}],"author":[{"embeddable":true,"href":"http:\/\/www.ced.org.tr\/index.php?rest_route=\/wp\/v2\/users\/1"}],"replies":[{"embeddable":true,"href":"http:\/\/www.ced.org.tr\/index.php?rest_route=%2Fwp%2Fv2%2Fcomments&post=3254"}],"version-history":[{"count":0,"href":"http:\/\/www.ced.org.tr\/index.php?rest_route=\/wp\/v2\/posts\/3254\/revisions"}],"wp:attachment":[{"href":"http:\/\/www.ced.org.tr\/index.php?rest_route=%2Fwp%2Fv2%2Fmedia&parent=3254"}],"wp:term":[{"taxonomy":"category","embeddable":true,"href":"http:\/\/www.ced.org.tr\/index.php?rest_route=%2Fwp%2Fv2%2Fcategories&post=3254"},{"taxonomy":"post_tag","embeddable":true,"href":"http:\/\/www.ced.org.tr\/index.php?rest_route=%2Fwp%2Fv2%2Ftags&post=3254"}],"curies":[{"name":"wp","href":"https:\/\/api.w.org\/{rel}","templated":true}]}}